{"id":46498,"date":"2012-01-16T09:46:25","date_gmt":"2012-01-16T07:46:25","guid":{"rendered":"http:\/\/www.korhanyilmaz.com\/?p=46498"},"modified":"2012-01-16T11:08:53","modified_gmt":"2012-01-16T09:08:53","slug":"orduevlerine-yuzde-500-zam","status":"publish","type":"post","link":"http:\/\/www.korhanyilmaz.com\/?p=46498","title":{"rendered":"Orduevlerine y\u00fczde 500 zam"},"content":{"rendered":"<p style=\"text-align: center;\"><a href=\"http:\/\/www.korhanyilmaz.com\/wp-content\/uploads\/2012\/01\/9199.jpg\"  class=\"lightview\"><img loading=\"lazy\" decoding=\"async\" class=\"aligncenter  wp-image-46499\" src=\"http:\/\/www.korhanyilmaz.com\/wp-content\/uploads\/2012\/01\/9199.jpg\" alt=\"\" width=\"307\" height=\"236\" \/><\/a><\/p>\n<p style=\"text-align: justify;\">Elektrik ve su giderlerini kendileri \u00f6demeye ba\u015flay\u0131nca mali s\u0131k\u0131nt\u0131ya d\u00fc\u015fen orduevlerinde oda \u00fccretlerine y\u00fczde 500 zam yap\u0131ld\u0131.<\/p>\n<p style=\"text-align: justify;\">Orduevlerinin mali s\u0131k\u0131nt\u0131s\u0131n\u0131 giderebilmek i\u00e7in b\u00fct\u00e7eden kaynak aktar\u0131m\u0131 yoluyla, g\u00f6revli olarak orduevinde kalan subay ve astsubaylar\u0131n oda \u00fccretlerine y\u00fczde 500 oran\u0131nda zam yap\u0131ld\u0131\u011f\u0131 tespit edildi.\u00a0<!--more--><\/p>\n<p style=\"text-align: justify;\">Ancak g\u00f6revli personelin yevmiyesi ve yatma \u00fccretini \u00f6denekten alabildi\u011fi i\u00e7in zamm\u0131n personelin cebinden \u00e7\u0131kmayaca\u011f\u0131, devletin b\u00fct\u00e7esinden orduevinin kasas\u0131na ge\u00e7ecek para ile de orduevlerinin kazanc\u0131n\u0131n art\u0131r\u0131lmas\u0131n\u0131n hedeflendi\u011fi iddia edildi.<\/p>\n<p style=\"text-align: justify;\"><strong>Mali s\u0131k\u0131nt\u0131 artt\u0131\u00a0<\/strong><\/p>\n<p style=\"text-align: justify;\">Bug\u00fcn gazetesinin haberine g\u00f6re, Say\u0131\u015ftay denetlemelerinin ard\u0131ndan elektrik, su giderlerini b\u00fct\u00e7e yerine kendi kazanc\u0131ndan \u00f6demek zorunda kalan orduevlerinin mali s\u0131k\u0131nt\u0131ya d\u00fc\u015ft\u00fc\u011f\u00fc belirtildi.<\/p>\n<p style=\"text-align: justify;\">G\u00f6revli olarak asker yerine sivil \u00e7al\u0131\u015ft\u0131r\u0131lmak zorunda kal\u0131nmas\u0131, i\u00e7 i\u015fleyi\u015f sorunlar\u0131 ve hizmet kalitesinin \u00e7ok d\u00fc\u015f\u00fck olmas\u0131 nedeniyle emekliler haricinde pek kimsenin u\u011framamas\u0131n\u0131n da s\u0131k\u0131nt\u0131y\u0131 art\u0131rd\u0131\u011f\u0131 aktar\u0131ld\u0131.<\/p>\n<p style=\"text-align: justify;\">Maddi kaynak bulmakta zorlanan orduevlerini kurtarmak i\u00e7in b\u00fct\u00e7eden dolayl\u0131 yoldan para aktar\u0131lmas\u0131n\u0131 sa\u011flayacak yeni bir y\u00f6ntem geli\u015ftirildi\u011fi \u00f6\u011frenildi.<\/p>\n<p style=\"text-align: justify;\"><strong>G\u00f6revli olmayana yok\u00a0<\/strong><\/p>\n<p style=\"text-align: justify;\">Orduevlerinde 2012&#8217;de uygulanacak oda \u00fccretlerinin belirlendi\u011fi ortaya \u00e7\u0131kt\u0131. Bu kapsamda, &#8216;g\u00f6revli olmas\u0131&#8217; nedeniyle orduevinde kalmak zorunda olan subay ve astsubaylar\u0131n oda \u00fccretlerine y\u00fczde 500 oran\u0131nda zam yap\u0131ld\u0131\u011f\u0131 belirtildi.<\/p>\n<p style=\"text-align: justify;\">G\u00f6revli olmad\u0131\u011f\u0131 halde orduevinde kalanlar\u0131n \u00fccretlerinde ise c\u00fczi bir art\u0131\u015f yap\u0131ld\u0131\u011f\u0131 ve g\u00f6revlilerden \u00fc\u00e7te bir oran\u0131nda az \u00fccret \u00f6deyecekleri tespit edildi. Ancak, g\u00f6revli personelin harc\u0131rah kanunu gere\u011fi verilen g\u00fcnl\u00fck yevmiyenin haricinde yatma \u00fccretini de ilave olarak \u00f6denekten alabildi\u011fi \u00f6\u011frenildi.<\/p>\n<p style=\"text-align: justify;\">Bu nedenle art\u0131r\u0131lan yatma \u00fccretlerinin personelin cebinden \u00e7\u0131kmayaca\u011f\u0131 devletin b\u00fct\u00e7esinden orduevinin kasas\u0131na ge\u00e7ece\u011fi, b\u00f6ylece s\u00f6z konusu para ile orduevlerinin kazanc\u0131n\u0131n art\u0131r\u0131lmas\u0131n\u0131n hedeflendi\u011fi ileri s\u00fcr\u00fcld\u00fc.<\/p>\n<p style=\"text-align: justify;\"><strong>Neden daha \u00e7ok \u00fccret al\u0131yorlar?\u00a0<\/strong><\/p>\n<p style=\"text-align: justify;\">Uygulanmak istenen bu y\u00f6ntem sayesinde, devletin Savunma Bakanl\u0131\u011f\u0131&#8217;na tahsis etti\u011fi harc\u0131rah \u00f6dene\u011finin bir k\u0131sm\u0131n\u0131n orduevlerine akaca\u011f\u0131 belirtildi.<\/p>\n<p style=\"text-align: justify;\">Orduevlerinin de \u00f6nemli bir gelir elde edilece\u011fi kaydedildi. Orduya hizmet etmek amac\u0131 ile kurulmu\u015f orduevlerinden g\u00f6revli olarak faydalanan personelden, di\u011ferlerine g\u00f6re neden daha \u00e7ok \u00fccret al\u0131nd\u0131\u011f\u0131n\u0131n da tart\u0131\u015fmalara neden oldu\u011fu ifade edildi.<\/p>\n<p style=\"text-align: justify;\">Devlet b\u00fct\u00e7esinden dolayl\u0131 yoldan para aktar\u0131lmas\u0131n\u0131n d\u00fc\u015f\u00fcn\u00fcld\u00fc\u011f\u00fc bu y\u00f6ntemin Ankara&#8217;daki orduevlerinden sorumlu olan Genelkurmay Merkez Dairesi Ba\u015fkan\u0131 Tu\u011fgeneral \u015eahin \u0130\u015fleyen taraf\u0131ndan ortaya at\u0131ld\u0131\u011f\u0131 iddia edildi. Karar verme mekanizmas\u0131nda bulunan sorumlular\u0131n da bu ama\u00e7 i\u00e7in y\u00f6nlendirildi\u011fi ileri s\u00fcr\u00fcld\u00fc.<\/p>\n<p style=\"text-align: justify;\"><a href=\"http:\/\/www.cnnturk.com\/2012\/ekonomi\/genel\/01\/16\/orduevlerine.yuzde.500.zam\/644980.0\/index.html\" target=\"_blank\">Kaynak : H\u00fcrriyet.com.tr<\/a><\/p>\n","protected":false},"excerpt":{"rendered":"<p style=\"text-align: center;\">\n<p style=\"text-align: justify;\">Elektrik ve su giderlerini kendileri \u00f6demeye ba\u015flay\u0131nca mali s\u0131k\u0131nt\u0131ya d\u00fc\u015fen orduevlerinde oda \u00fccretlerine y\u00fczde 500 zam yap\u0131ld\u0131.<\/p>\n<p style=\"text-align: justify;\">Orduevlerinin mali s\u0131k\u0131nt\u0131s\u0131n\u0131 giderebilmek i\u00e7in b\u00fct\u00e7eden kaynak aktar\u0131m\u0131 yoluyla, g\u00f6revli olarak orduevinde kalan subay ve astsubaylar\u0131n oda \u00fccretlerine y\u00fczde 500 oran\u0131nda zam yap\u0131ld\u0131\u011f\u0131 tespit edildi. <\/p>\n","protected":false},"author":1,"featured_media":0,"comment_status":"open","ping_status":"open","sticky":false,"template":"","format":"standard","meta":{"footnotes":""},"categories":[105],"tags":[],"class_list":["post-46498","post","type-post","status-publish","format-standard","hentry","category-gundem","odd"],"_links":{"self":[{"href":"http:\/\/www.korhanyilmaz.com\/index.php?rest_route=\/wp\/v2\/posts\/46498","targetHints":{"allow":["GET"]}}],"collection":[{"href":"http:\/\/www.korhanyilmaz.com\/index.php?rest_route=\/wp\/v2\/posts"}],"about":[{"href":"http:\/\/www.korhanyilmaz.com\/index.php?rest_route=\/wp\/v2\/types\/post"}],"author":[{"embeddable":true,"href":"http:\/\/www.korhanyilmaz.com\/index.php?rest_route=\/wp\/v2\/users\/1"}],"replies":[{"embeddable":true,"href":"http:\/\/www.korhanyilmaz.com\/index.php?rest_route=%2Fwp%2Fv2%2Fcomments&post=46498"}],"version-history":[{"count":0,"href":"http:\/\/www.korhanyilmaz.com\/index.php?rest_route=\/wp\/v2\/posts\/46498\/revisions"}],"wp:attachment":[{"href":"http:\/\/www.korhanyilmaz.com\/index.php?rest_route=%2Fwp%2Fv2%2Fmedia&parent=46498"}],"wp:term":[{"taxonomy":"category","embeddable":true,"href":"http:\/\/www.korhanyilmaz.com\/index.php?rest_route=%2Fwp%2Fv2%2Fcategories&post=46498"},{"taxonomy":"post_tag","embeddable":true,"href":"http:\/\/www.korhanyilmaz.com\/index.php?rest_route=%2Fwp%2Fv2%2Ftags&post=46498"}],"curies":[{"name":"wp","href":"https:\/\/api.w.org\/{rel}","templated":true}]}}