{"id":46434,"date":"2012-01-16T08:45:06","date_gmt":"2012-01-16T06:45:06","guid":{"rendered":"http:\/\/www.korhanyilmaz.com\/?p=46434"},"modified":"2012-01-16T11:09:48","modified_gmt":"2012-01-16T09:09:48","slug":"selam-vermis","status":"publish","type":"post","link":"http:\/\/www.korhanyilmaz.com\/?p=46434","title":{"rendered":"Selam vermi\u015f"},"content":{"rendered":"<p style=\"text-align: center;\"><a href=\"http:\/\/www.korhanyilmaz.com\/wp-content\/uploads\/2012\/01\/9198.jpg\"  class=\"lightview\"><img loading=\"lazy\" decoding=\"async\" class=\"aligncenter  wp-image-46435\" src=\"http:\/\/www.korhanyilmaz.com\/wp-content\/uploads\/2012\/01\/9198.jpg\" alt=\"\" width=\"398\" height=\"222\" \/><\/a><\/p>\n<p style=\"text-align: justify;\">\u0130talya\u2019n\u0131n Giglio Adas\u0131 a\u00e7\u0131klar\u0131nda cuma gecesi batan Costa Concordia yolcu gemisini terk eden Kaptan Schettino\u2019nun \u201c\u00f6zel birini selamlamak\u201d i\u00e7in rotadan sap\u0131p sahile yakla\u015ft\u0131\u011f\u0131 iddia edildi. Arama-kurtarma \u00e7al\u0131\u015fmalar\u0131n\u0131n s\u00fcrd\u00fc\u011f\u00fc gemide d\u00fcn 2 ki\u015finin daha cesedine ula\u015f\u0131ld\u0131. 15 ki\u015fi ise h\u00e2l\u00e2 kay\u0131p.\u00a0<!--more--><\/p>\n<p style=\"text-align: justify;\"><a href=\"http:\/\/www.korhanyilmaz.com\/wp-content\/uploads\/2012\/01\/9160.jpg\"  class=\"lightview\"><img loading=\"lazy\" decoding=\"async\" class=\"alignleft size-full wp-image-46436\" style=\"margin-left: 10px; margin-right: 10px;\" src=\"http:\/\/www.korhanyilmaz.com\/wp-content\/uploads\/2012\/01\/9160.jpg\" alt=\"\" width=\"250\" height=\"150\" \/><\/a>\u0130TALYA k\u0131y\u0131lar\u0131nda tam 100 y\u0131l sonra Titanic felaketini and\u0131ran g\u00f6r\u00fcnt\u00fcler ya\u015fanmas\u0131na neden olan Kaptan Francesco Schettino \u00fclkede hedef adam oldu. 4 bin 234 ki\u015fiyle Cuma ak\u015fam\u0131 Civitavecchia\u2019dan Savona\u2019ya do\u011fru yol almak i\u00e7in hareket eden ve Giglio Adas\u0131 k\u0131y\u0131s\u0131nda karaya oturan \u201cCosta Concordia\u201d isimli gemide, d\u00fcn 2 ki\u015finin daha cesedine ula\u015f\u0131ld\u0131. Gemide halen 15 ki\u015fi kay\u0131p. 5 ki\u015finin \u00f6ld\u00fc\u011f\u00fc, 70 ki\u015finin yaraland\u0131\u011f\u0131 kazay\u0131 soru\u015fturan Grosetto Savc\u0131s\u0131 Francesco Verosio, tutuklanan kaptan Schettino\u2019nun \u201c\u00f6zel birini selamlamak i\u00e7in\u201d rotas\u0131ndan 7 mil \u00e7\u0131karak sahile y\u00f6nelmi\u015f olabilece\u011fini \u00f6ne s\u00fcrd\u00fc. Bu arada \u201cGiglio News\u201d adl\u0131 ada gazetesinin 18 A\u011fustos say\u0131s\u0131nda da Giglio Belediye Ba\u015fkan\u0131 Sergio Ortelli\u2019nin o d\u00f6nem \u201cCosta Concordia\u201d gemisinin d\u00fcmeninde bulunan kaptan\u0131 Massimo Gambarino\u2019ya bir te\u015fekk\u00fcr mektubu yazd\u0131\u011f\u0131 ve \u201cHer ge\u00e7i\u015finizde Ada sakinlerini selamlaman\u0131z bizleri \u00e7ok heyecanland\u0131r\u0131yor ve onurland\u0131r\u0131yor\u201d ifadesini kulland\u0131\u011f\u0131 ortaya \u00e7\u0131kt\u0131.<\/p>\n<p style=\"text-align: justify;\"><a href=\"http:\/\/www.korhanyilmaz.com\/wp-content\/uploads\/2012\/01\/9161.jpg\"  class=\"lightview\"><img loading=\"lazy\" decoding=\"async\" class=\"alignright size-full wp-image-46437\" style=\"margin-left: 10px; margin-right: 10px;\" src=\"http:\/\/www.korhanyilmaz.com\/wp-content\/uploads\/2012\/01\/9161.jpg\" alt=\"\" width=\"250\" height=\"150\" \/><\/a>\u00d6te yandan Kaptan Schettino, geminin yan yatmas\u0131na neden olan denizin alt\u0131ndaki kayan\u0131n \u201cdenizcilik haritalar\u0131nda i\u015faretlenmedi\u011fini\u201d \u00f6ne s\u00fcrd\u00fc. Schettino\u2019nun gemisini terk ettikten sonra bir kayan\u0131n \u00fczerinde \u015fok halinde sa\u00e7\u0131n\u0131 ba\u015f\u0131n\u0131 yolarken sahil g\u00fcvenlik taraf\u0131ndan g\u00f6r\u00fcl\u00fcp merkeze g\u00f6t\u00fcr\u00fcld\u00fc\u011f\u00fc \u00f6\u011frenildi. \u0130talyan medyas\u0131, gemiyi hem bat\u0131rmakla hem de yolculardan \u00f6nce terk etmekle su\u00e7lanan 52 ya\u015f\u0131ndaki Napolili Kaptan Schettino\u2019yu \u201ccani\u201d ilan etti.<\/p>\n<p style=\"text-align: justify;\"><strong>Bir T\u00fcrk daha\u00a0<\/strong><\/p>\n<p style=\"text-align: justify;\">Costa Concordia\u2019dan \u0130zmirli Efe Zenginobuz\u2019un da kurtuldu\u011fu ortaya \u00e7\u0131kt\u0131. 3 y\u0131l \u00f6nce evlenerek Avusturya\u2019ya yerle\u015fen Zenginobuz, kazan\u0131n ard\u0131ndan bir grup yolcuyla \u00e7\u0131kt\u0131klar\u0131 adadan babas\u0131 Hikmet Zenginobuz ve annesi Asuman Zenginobuz\u2019u arayarak durumu hakk\u0131nda bilgi verdi. Bu arada kazazede T\u00fcrkler\u2019den S\u0131rr\u0131 Tayfun Bora ve e\u015fi Deniz Bora ile Egemen Filiz, annesi Seher Filiz ve babas\u0131 Hasan Filiz T\u00fcrkiye\u2019ye d\u00f6nd\u00fc. Mustafa Tun\u00e7\u00e7evik ile e\u015fi Y\u00fcksel Tun\u00e7\u00e7evik ise bir s\u00fcre daha \u0130talya\u2019da kalacak.<\/p>\n<p style=\"text-align: justify;\"><strong><a href=\"http:\/\/www.korhanyilmaz.com\/wp-content\/uploads\/2012\/01\/9162.jpg\"  class=\"lightview\"><img loading=\"lazy\" decoding=\"async\" class=\"alignright size-full wp-image-46438\" style=\"margin-left: 10px; margin-right: 10px;\" src=\"http:\/\/www.korhanyilmaz.com\/wp-content\/uploads\/2012\/01\/9162.jpg\" alt=\"\" width=\"250\" height=\"150\" \/><\/a>Geminin kutusu\u00a0<\/strong><\/p>\n<p style=\"text-align: justify;\">GEM\u0130N\u0130N karakutusunu inceleyen uzmanlar\u0131n ilk belirlemesine g\u00f6re kaza \u201cinsan hatas\u0131\u201dndan kaynaklan\u0131yor. Saatte 17 deniz mili ile seyreden Costa Concordia\u2019n\u0131n \u00fczerinden ge\u00e7erken s\u0131y\u0131r\u0131p 71 metrelik yar\u0131k a\u00e7t\u0131ktan sonra g\u00f6vdeye saplanan yakla\u015f\u0131k 12 tonluk bir kaya oldu\u011fu da kara kutudan anla\u015f\u0131ld\u0131.<\/p>\n<p style=\"text-align: justify;\"><strong>Zamana kar\u015f\u0131 kurtarma yar\u0131\u015f\u0131\u00a0<\/strong><\/p>\n<p style=\"text-align: justify;\">GEM\u0130N\u0130N komiseri Marrico Giampietroni 7\u2019nci kat\u0131n koridorundan d\u00fcn sa\u011f salim \u00e7\u0131kart\u0131larak helikopterle karaya ta\u015f\u0131nd\u0131. Baca\u011f\u0131nda ciddi bir yara bulunan Giampietroni hastaneye kald\u0131r\u0131ld\u0131. Kay\u0131p oldu\u011fu san\u0131lan 2 Japon\u2019un ise Roma\u2019da olduklar\u0131 ortaya \u00e7\u0131kt\u0131. Arama kurtarma \u00e7al\u0131\u015fmalar\u0131n\u0131 h\u0131zl\u0131 bir \u015fekilde s\u00fcrd\u00fcren ekipler, geminin su alt\u0131ndaki b\u00f6l\u00fcm\u00fcn\u00fc kontrol i\u00e7in \u00f6zel sualt\u0131 kameralar\u0131 kullan\u0131yorlar. Uzman bir speleolog (ma\u011farabilim) ekibiyle \u00e7al\u0131\u015fan dalg\u0131\u00e7 itfaiyeciler hayatta kalmay\u0131 ba\u015farm\u0131\u015f kazazedeleri bulmak umuduyla dev geminin kamaralar\u0131n\u0131 dikkatle inceliyor. Gemiden \u00f6nceki g\u00fcn de balay\u0131na \u00e7\u0131kan G\u00fcney Koreli bir \u00e7ift odalar\u0131nda mahsur haldeyken kurtar\u0131lm\u0131\u015ft\u0131.<\/p>\n<p style=\"text-align: justify;\"><span style=\"text-decoration: underline;\"><strong>Gemideki Yolcular B\u00f6yle Kurtar\u0131ld\u0131 :<\/strong><\/span><\/p>\n<p style=\"text-align: justify;\">[flv]http:\/\/hurriyet.cubecdn.net\/Haber\/gemi_yolcu_14012012_1122_wmp4.mp4[\/flv]<\/p>\n<p style=\"text-align: justify;\"><strong><a href=\"http:\/\/www.korhanyilmaz.com\/wp-content\/uploads\/2012\/01\/9163.jpg\"  class=\"lightview\"><img loading=\"lazy\" decoding=\"async\" class=\"alignright size-full wp-image-46439\" style=\"margin-left: 10px; margin-right: 10px;\" src=\"http:\/\/www.korhanyilmaz.com\/wp-content\/uploads\/2012\/01\/9163.jpg\" alt=\"\" width=\"250\" height=\"150\" \/><\/a>Tamamen batabilir\u00a0<\/strong><\/p>\n<p style=\"text-align: justify;\">ARAMA-kurtarma \u00e7al\u0131\u015fmalar\u0131n\u0131n s\u00fcrd\u00fcr\u00fcld\u00fc\u011f\u00fc geminin kayalardan kayarak tamamen sulara g\u00f6m\u00fclme tehlikesi oldu\u011fu belirtildi. Giglio Adas\u0131 yak\u0131n\u0131nda yan yatan gemide bulunan 2 bin 380 ton yak\u0131t\u0131n denize d\u00f6k\u00fclerek bir \u00e7evre facias\u0131 ya\u015fatmamas\u0131 i\u00e7in \u00f6nlemler al\u0131nd\u0131.<\/p>\n<p style=\"text-align: justify;\"><strong>Rus yolcu: Kaptan bizimle i\u00e7iyordu\u00a0<\/strong><\/p>\n<p style=\"text-align: justify;\"><a href=\"http:\/\/www.korhanyilmaz.com\/wp-content\/uploads\/2012\/01\/9164.jpg\"  class=\"lightview\"><img loading=\"lazy\" decoding=\"async\" class=\"alignleft size-full wp-image-46440\" style=\"margin-left: 10px; margin-right: 10px;\" title=\"9164\" src=\"http:\/\/www.korhanyilmaz.com\/wp-content\/uploads\/2012\/01\/9164.jpg\" alt=\"\" width=\"250\" height=\"150\" \/><\/a>KAZA ile ilgili bir ba\u015fka korkun\u00e7 iddia gemiden kurtulan bir Rus turist taraf\u0131ndan ortaya at\u0131ld\u0131. Gemideki 120 kadar Rus turist aras\u0131nda bulunan Vadim Vilkost, Rus bas\u0131n\u0131na tutuklanan kaptan Francesco Schettino ile ilgili \u015funlar\u0131 s\u00f6yledi: \u201cRusya\u2019da eski takvime g\u00f6re 14 Ocak yeni y\u0131l\u0131n ilk g\u00fcn\u00fcd\u00fcr, o y\u00fczden Ruslar 13 Ocak gecesi ikinci kez kutlama yapar. Kaza gecesi bizimkiler gemide b\u00fcy\u00fck bir \u201ceski-yeni y\u0131l partisi\u201d d\u00fczenledi. Gecenin ilerleyen saatlerinde geminin kilit g\u00f6revdeki y\u00f6netici personeli de partiye geldi. K\u0131sa s\u00fcrede t\u00fcm personel zilzurna sarho\u015f oldu. Rus k\u0131zlar\u0131na sark\u0131nt\u0131l\u0131k yap\u0131yorlard\u0131. Bu esnada kaza oldu. \u201d Tutuklanan Kaptan Francesco Schettino, Grosseto kentine g\u00f6t\u00fcr\u00fcld\u00fc.<\/p>\n<p style=\"text-align: justify;\"><strong><span style=\"text-decoration: underline;\">Gemi Kaptan\u0131 Tutkland\u0131:<\/span><\/strong><\/p>\n<p style=\"text-align: justify;\">[flv]http:\/\/hurriyet.cubecdn.net\/Haber\/gemi_kaptan_15012012_2313_wmp4.mp4[\/flv]<\/p>\n<p>&nbsp;<\/p>\n<p style=\"text-align: justify;\"><a href=\"http:\/\/www.hurriyet.com.tr\/planet\/19693261.asp\" target=\"_blank\">Kaynak : Nerdun HACIO\u011eLU &#8211; MOSKOVA \/ H\u00fcrriyet<\/a><\/p>\n","protected":false},"excerpt":{"rendered":"<p style=\"text-align: center;\">\n<p style=\"text-align: justify;\">\u0130talya\u2019n\u0131n Giglio Adas\u0131 a\u00e7\u0131klar\u0131nda cuma gecesi batan Costa Concordia yolcu gemisini terk eden Kaptan Schettino\u2019nun \u201c\u00f6zel birini selamlamak\u201d i\u00e7in rotadan sap\u0131p sahile yakla\u015ft\u0131\u011f\u0131 iddia edildi. Arama-kurtarma \u00e7al\u0131\u015fmalar\u0131n\u0131n s\u00fcrd\u00fc\u011f\u00fc gemide d\u00fcn 2 ki\u015finin daha cesedine ula\u015f\u0131ld\u0131. 15 ki\u015fi ise h\u00e2l\u00e2 kay\u0131p. <\/p>\n","protected":false},"author":1,"featured_media":0,"comment_status":"open","ping_status":"open","sticky":false,"template":"","format":"standard","meta":{"footnotes":""},"categories":[105],"tags":[],"class_list":["post-46434","post","type-post","status-publish","format-standard","hentry","category-gundem","odd"],"_links":{"self":[{"href":"http:\/\/www.korhanyilmaz.com\/index.php?rest_route=\/wp\/v2\/posts\/46434","targetHints":{"allow":["GET"]}}],"collection":[{"href":"http:\/\/www.korhanyilmaz.com\/index.php?rest_route=\/wp\/v2\/posts"}],"about":[{"href":"http:\/\/www.korhanyilmaz.com\/index.php?rest_route=\/wp\/v2\/types\/post"}],"author":[{"embeddable":true,"href":"http:\/\/www.korhanyilmaz.com\/index.php?rest_route=\/wp\/v2\/users\/1"}],"replies":[{"embeddable":true,"href":"http:\/\/www.korhanyilmaz.com\/index.php?rest_route=%2Fwp%2Fv2%2Fcomments&post=46434"}],"version-history":[{"count":0,"href":"http:\/\/www.korhanyilmaz.com\/index.php?rest_route=\/wp\/v2\/posts\/46434\/revisions"}],"wp:attachment":[{"href":"http:\/\/www.korhanyilmaz.com\/index.php?rest_route=%2Fwp%2Fv2%2Fmedia&parent=46434"}],"wp:term":[{"taxonomy":"category","embeddable":true,"href":"http:\/\/www.korhanyilmaz.com\/index.php?rest_route=%2Fwp%2Fv2%2Fcategories&post=46434"},{"taxonomy":"post_tag","embeddable":true,"href":"http:\/\/www.korhanyilmaz.com\/index.php?rest_route=%2Fwp%2Fv2%2Ftags&post=46434"}],"curies":[{"name":"wp","href":"https:\/\/api.w.org\/{rel}","templated":true}]}}