{"id":46430,"date":"2012-01-15T22:21:59","date_gmt":"2012-01-15T20:21:59","guid":{"rendered":"http:\/\/www.korhanyilmaz.com\/?p=46430"},"modified":"2012-01-16T00:44:24","modified_gmt":"2012-01-15T22:44:24","slug":"19-mayis-tartismasina-mhp-de-katildi","status":"publish","type":"post","link":"http:\/\/www.korhanyilmaz.com\/?p=46430","title":{"rendered":"&#8220;19 May\u0131s&#8221; tart\u0131\u015fmas\u0131na MHP de kat\u0131ld\u0131"},"content":{"rendered":"<p style=\"text-align: center;\"><a href=\"http:\/\/www.korhanyilmaz.com\/wp-content\/uploads\/2012\/01\/9159.jpg\"  class=\"lightview\"><img loading=\"lazy\" decoding=\"async\" class=\"aligncenter  wp-image-46432\" src=\"http:\/\/www.korhanyilmaz.com\/wp-content\/uploads\/2012\/01\/9159.jpg\" alt=\"\" width=\"279\" height=\"214\" \/><\/a><\/p>\n<p style=\"text-align: justify;\">MHP Genel Ba\u015fkan\u0131 Devlet Bah\u00e7eli, &#8220;19 May\u0131s kutlamalar\u0131 \u00fczerinden y\u00fcr\u00fct\u00fclen ve daha hangi geli\u015fmelere yol a\u00e7aca\u011f\u0131 belirsiz olan art niyetli giri\u015fim ve niyetlerin, milletin varl\u0131k de\u011ferlerine tam anlam\u0131yla kast eden bir duruma geldi\u011finin anla\u015f\u0131ld\u0131\u011f\u0131n\u0131&#8221; \u00f6ne s\u00fcrd\u00fc.<\/p>\n<p style=\"text-align: justify;\">Bah\u00e7eli, son siyasi geli\u015fmeler hakk\u0131nda yaz\u0131l\u0131 bir a\u00e7\u0131klama yapt\u0131.\u00a0<!--more--><\/p>\n<p style=\"text-align: justify;\">T\u00fcrkiye sistemli bir kar\u015f\u0131 duru\u015fun, Cumhuriyet&#8217;in kan\u0131na girmeyi g\u00fcndemine alan ay\u0131r\u0131c\u0131 dinamiklerin bask\u0131 ve tuzaklar\u0131 ile y\u00fcz y\u00fcze kal\u0131nd\u0131\u011f\u0131n\u0131 iddia eden Bah\u00e7eli, \u015funlar\u0131 kaydetti:<\/p>\n<p style=\"text-align: justify;\">&#8220;19 May\u0131s kutlamalar\u0131 \u00fczerinden y\u00fcr\u00fct\u00fclen ve daha hangi geli\u015fmelere yol a\u00e7aca\u011f\u0131 belirsiz olan art niyetli giri\u015fim ve niyetlerin, milletimizin varl\u0131k de\u011ferlerine tam anlam\u0131yla kast eden bir duruma geldi\u011fi anla\u015f\u0131lm\u0131\u015ft\u0131r.<\/p>\n<p style=\"text-align: justify;\">Cumhuriyet&#8217;in ilan\u0131na giden s\u00fcrecin milad\u0131 olan 19 May\u0131s tarihini hezeyan dolu bahanelerle \u00e7arp\u0131tmak, \u00e7aptan ve g\u00f6zden d\u00fc\u015f\u00fcrmeye c\u00fcret etmek AKP&#8217;nin gizli g\u00fcndemleri paralelinde hareket etti\u011fini bir kez daha teyit etmi\u015ftir.<\/p>\n<p style=\"text-align: justify;\">AKP h\u00fck\u00fcmeti ald\u0131\u011f\u0131 millet deste\u011fini yanl\u0131\u015f yorumlam\u0131\u015f, T\u00fcrk milletini ge\u00e7mi\u015finden ve milli kabullerinden koparmak amac\u0131yla tezgah \u00fcst\u00fcne tezgah kurmu\u015ftur. H\u00fck\u00fcmetin tedav\u00fclde tutup, y\u00f6nlendirdi\u011fi y\u0131k\u0131c\u0131 ve b\u00f6l\u00fcc\u00fc emeller; aziz milletimizi boyal\u0131 demokrasi alg\u0131s\u0131 ve yapay \u00f6zg\u00fcrl\u00fck iddialar\u0131yla ku\u015fatm\u0131\u015f ve zaafa d\u00fc\u015f\u00fcrm\u00fc\u015ft\u00fcr.&#8221;<\/p>\n<p style=\"text-align: justify;\"><strong>&#8220;T\u00fcrkiye y\u00fcksek gerilimli bir alan\u0131n i\u00e7ine s\u0131k\u0131\u015ft\u0131&#8221;\u00a0<\/strong><\/p>\n<p style=\"text-align: justify;\">Bah\u00e7eli, son zamanlardaki tart\u0131\u015fmalar\u0131n seyrine ve muhtevas\u0131na bak\u0131ld\u0131\u011f\u0131nda, T\u00fcrkiye&#8217;nin \u00e7ok tehlikeli ve y\u00fcksek gerilimli bir alan\u0131n i\u00e7ine s\u0131k\u0131\u015ft\u0131\u011f\u0131n\u0131n a\u00e7\u0131kl\u0131kla fark edilebilece\u011fini savundu.<\/p>\n<p style=\"text-align: justify;\">D\u00fczeyi ve geni\u015fli\u011fi s\u00fcrekli artan sosyal ve siyasal \u00e7eki\u015fmelerin g\u00fcn ge\u00e7tik\u00e7e telafisi zor olacak bunal\u0131mlara k\u0131vr\u0131ld\u0131\u011f\u0131n\u0131 ve olumsuzluklar\u0131 tetikledi\u011fini ifade eden Bah\u00e7eli, \u015funlar\u0131 kaydetti:<\/p>\n<p style=\"text-align: justify;\">&#8220;Maalesef T\u00fcrkiye AKP y\u00f6netimi alt\u0131nda zay\u0131flam\u0131\u015f, devlet kurumlar\u0131 tersy\u00fcz olmu\u015f, millet k\u0131ymetleri birer birer ileri demokrasi vurgunuyla acziyete d\u00fc\u015f\u00fcr\u00fclm\u00fc\u015ft\u00fcr. Bununla birlikte yarg\u0131 etraf\u0131nda alevlenen tart\u0131\u015fmalar, adalet anlay\u0131\u015f\u0131na y\u00f6nelen su\u00e7lamalar ve toplumsal vicdan\u0131 kanatan hukuki s\u00fcre\u00e7ler \u00fclkemizin en \u00f6ncelikli ve \u00f6nemli g\u00fcndemi haline gelmi\u015ftir.&#8221;<\/p>\n<p style=\"text-align: justify;\"><strong>\u00d6zel Yetkili Mahkemeler\u00a0<\/strong><\/p>\n<p style=\"text-align: justify;\">Hukukun, &#8220;Milletin huzurunu sa\u011flamas\u0131 gerekirken, bask\u0131 ve y\u0131ld\u0131rma mekanizmas\u0131na alet olmas\u0131n\u0131n nerede duraca\u011f\u0131 belirsiz olan otoriterle\u015fme g\u00fcd\u00fclerini g\u00fc\u00e7lendirdi\u011fini ve azd\u0131rd\u0131\u011f\u0131&#8221; g\u00f6r\u00fc\u015f\u00fcn\u00fc ifade eden Bah\u00e7eli, \u015f\u00f6yle devam etti:<\/p>\n<p style=\"text-align: justify;\">&#8220;Ba\u015fbakan Erdo\u011fan&#8217;\u0131n, kendi partisine ve y\u00f6netim anlay\u0131\u015f\u0131na demokratik tepki g\u00f6sterenlere kar\u015f\u0131 tahamm\u00fcls\u00fczl\u00fc\u011f\u00fc bu vahim s\u00fcrecin te\u015fvik edici unsurlar\u0131ndan birisi olarak herkesin malumudur. Adalet alan\u0131ndaki subjektif ve tek tarafl\u0131 de\u011ferlendirmeler, siyasi maksat g\u00f6zeten uygulamalar ve intikamc\u0131 hevesler ayn\u0131 zamanda demokrasinin olgunla\u015fmas\u0131na ve k\u00f6k salmas\u0131na endi\u015fe verici \u015fekilde zarar vermi\u015ftir.<\/p>\n<p style=\"text-align: justify;\">Bu kapsamda AKP zihniyetinin yarg\u0131 kurumlar\u0131n\u0131 ku\u015fatmas\u0131 ve hukuk ilkelerini siyasal menfaat \u00e7ark\u0131nda \u00f6\u011f\u00fctmesi kar\u015f\u0131la\u015fabilece\u011fimiz ciddi sorunlardan birisi olarak kar\u015f\u0131m\u0131zdad\u0131r. Bu nedenle hukukun inand\u0131r\u0131c\u0131l\u0131\u011f\u0131 her ge\u00e7en g\u00fcn a\u015f\u0131nmakta, uzayan soru\u015fturma ve kovu\u015fturma s\u00fcre\u00e7leri ma\u011fduriyetleri, hak kay\u0131plar\u0131n\u0131 ve feryatlar\u0131 \u00e7o\u011faltmaktad\u0131r.<\/p>\n<p style=\"text-align: justify;\">Bilhassa \u00d6zel Yetkili Mahkemelerin, tutum, e\u011filim ve kararlar\u0131 m\u00fcnasebetiyle cezaevleri toplumun her kesiminden insanlarla dolup ta\u015fmakta ve bu itibarla \u00fclkemiz yeni bir a\u00e7maz\u0131n i\u00e7ine s\u00fcr\u00fcklenmektedir. \u0130stisnai bir vas\u0131ta olmas\u0131 gereken tutuklama i\u015fleminin fiili mahkumiyete d\u00f6n\u00fc\u015fmesi, bitmek bilmeyen yarg\u0131lama safahatlar\u0131n\u0131n sab\u0131rlar\u0131 zorlamas\u0131 ve mutlaka itina g\u00f6sterilmesi gereken masumiyet karinesinin ihlal edilmesi aziz milletimizin ibretle izledi\u011fi sorunlardan baz\u0131lar\u0131d\u0131r.<\/p>\n<p style=\"text-align: justify;\">Ba\u015fbakan Erdo\u011fan&#8217;\u0131n daha fazla hukuktan neyi kast ve ima etti\u011fi bug\u00fcnk\u00fc zaman diliminde iyi anla\u015f\u0131lm\u0131\u015ft\u0131r. \u00dcst\u00fcnlerin hukukuna son verme iddias\u0131nda olan bu zihniyet, kendi \u00fcst\u00fcnl\u00fc\u011f\u00fcn\u00fc sa\u011flamak i\u00e7in aziz milletimizi aldatm\u0131\u015f ve ger\u00e7ek niyetlerine sinsice zemin haz\u0131rlam\u0131\u015ft\u0131r.&#8221;<\/p>\n<p style=\"text-align: justify;\"><strong>\u0130lker Ba\u015fbu\u011f&#8217;un tutuklanmas\u0131\u00a0<\/strong><\/p>\n<p style=\"text-align: justify;\">A\u00e7\u0131klamas\u0131nda, &#8220;12 Eyl\u00fcl Referandumu, yarg\u0131n\u0131n olu\u015fum ve i\u015fleyi\u015fini siyasal m\u00fcdahalelere b\u00fct\u00fcn\u00fcyle a\u00e7\u0131k hale getirmi\u015f ve bu haliyle AKP&#8217;le\u015fen hukuk \u00fclkemizin \u00e7ivisini \u00e7\u0131karmaya namzet sorunlar\u0131n en ba\u015f\u0131na yerle\u015fmi\u015ftir&#8221; ifadesini kullanan Bah\u00e7eli, a\u00e7\u0131klamas\u0131nda \u015fu g\u00f6r\u00fc\u015flere yer verdi:<\/p>\n<p style=\"text-align: justify;\">&#8220;Nitekim AKP h\u00fck\u00fcmeti, adalet kurumlar\u0131n\u0131 siyasi tasallut alt\u0131na alm\u0131\u015f, g\u00f6z\u00fcn\u00fc kan b\u00fcr\u00fcm\u00fc\u015fcesine i\u00e7ini bo\u015faltm\u0131\u015f ve bu konudaki h\u0131rs\u0131 \u015fuurunu kapatm\u0131\u015ft\u0131r. Yarg\u0131n\u0131n AKP g\u00fcd\u00fcm\u00fcne girerek, objektif ve tarafs\u0131z kimli\u011finden s\u0131yr\u0131ld\u0131\u011f\u0131, bu y\u00fczden de kriz, karma\u015fa ve kutupla\u015fma \u00fcretti\u011fi her a\u00e7\u0131dan g\u00f6r\u00fcn\u00fcr hale gelmi\u015ftir. \u00d6yle ki eski Genelkurmay Ba\u015fkan\u0131 emekli Orgeneral \u0130lker Ba\u015fbu\u011f&#8217;un tutuklanmas\u0131n\u0131n arkas\u0131ndan ortaya \u00e7\u0131kan hakl\u0131 ve me\u015fru ele\u015ftiriler t\u00fcm \u00e7\u0131plakl\u0131\u011f\u0131yla bunu g\u00f6stermektedir.<\/p>\n<p style=\"text-align: justify;\">Ayr\u0131ca meselenin manidar bir ba\u015fka yan\u0131 ise AKP h\u00fck\u00fcmetinde, \u0130lker Ba\u015fbu\u011f&#8217;un tutuklanmas\u0131 ve nerede yarg\u0131lanaca\u011f\u0131 konusunda ya\u015fanan ikilemlerin ve \u00e7eli\u015fkilerin iyice su \u00fcst\u00fcne \u00e7\u0131kmas\u0131d\u0131r. Ba\u015fbakan Erdo\u011fan&#8217;\u0131n tutuklama i\u015flemini sorgulamas\u0131n\u0131n ve Cumhurba\u015fkan\u0131 Abdullah G\u00fcl&#8217;\u00fcn Y\u00fcce Divan hat\u0131rlatmas\u0131 yapmas\u0131n\u0131n gerisinde aziz milletimizin geli\u015fmeleri hayret ve \u00f6fkeyle izlemesi elbette etkili olmu\u015ftur.<\/p>\n<p style=\"text-align: justify;\">Yarg\u0131n\u0131n u\u011frad\u0131\u011f\u0131 g\u00fcvenirlik kayb\u0131, itibar erozyonu ve her kritik konuda g\u00fcndeme gelen baz\u0131 \u00e7evreler taraf\u0131ndan kontrol alt\u0131na al\u0131nd\u0131\u011f\u0131na d\u00f6n\u00fck cesameti yo\u011funla\u015fan iddialar, en ba\u015fta AKP&#8217;nin plan ve siyasi m\u00fcdahalesiyle vasat bulmu\u015ftur. Adaletin g\u00f6lgelenmesi, belli kesimlerin denetim ve g\u00f6zetim alt\u0131na girmesi \u015f\u00fcphesiz toplumsal d\u00fczen ve dirli\u011fe darbe vurmu\u015f, milletimizin varl\u0131k haklar\u0131n\u0131n \u00e7i\u011fnendi\u011fi y\u0131k\u0131m ortam\u0131na hukuki k\u0131l\u0131f olu\u015fturmu\u015ftur. Anla\u015f\u0131lmaktad\u0131r ki mahkemelerin ba\u011f\u0131ms\u0131zl\u0131\u011f\u0131na AKP ve i\u015fbirlik\u00e7ileri taraf\u0131ndan arkas\u0131 arkas\u0131na suikast d\u00fczenlenmektedir.&#8221;<\/p>\n<p style=\"text-align: justify;\">Bah\u00e7eli, a\u00e7\u0131klamas\u0131n\u0131n son b\u00f6l\u00fcm\u00fcnde, 12 Eyl\u00fcl 2010 tarihinde yap\u0131lan referandumla, anayasan\u0131n g\u00f6z boyamadan ibaret bir \u015fekilde ge\u00e7ici 15. maddesinin kald\u0131r\u0131lmas\u0131ndan sonra 1980 ihtilalinin hayatta kalan \u015fah\u0131slar\u0131 hakk\u0131nda \u015fikayetlere binaen soru\u015fturma ba\u015flat\u0131ld\u0131\u011f\u0131, en sonunda haz\u0131rlanan iddianamenin kabul edilerek kovu\u015fturma a\u015famas\u0131na ge\u00e7ildi\u011fini bildirerek, \u015funlar\u0131 kaydetti:<\/p>\n<p style=\"text-align: justify;\">&#8220;Milliyet\u00e7i Hareket Partisi konuyla ilgili olarak \u015fimdilik \u015funlar\u0131 s\u00f6yleyecektir: Birinci olarak AKP h\u00fck\u00fcmeti, bu meseleyi siyasi istismar malzemesi olarak kullanmakta ve hukuken sonu\u00e7 alamayaca\u011f\u0131n\u0131 bildi\u011fi bir konu \u00fczerinden aziz milletimizi oyalamay\u0131 tercih etmektedir. G\u00f6r\u00fclmektedir ki AKP&#8217;nin yeni bir aldatma ve kand\u0131rma s\u00fcreci bu karanl\u0131k d\u00f6nemde bir kez daha devreye sokulmu\u015ftur. \u0130kinci olarak, 12 Eyl\u00fcl zulm\u00fcn\u00fcn ve \u00e7ilesinin faturas\u0131 iki ki\u015fiye ihale edilemeyecek kadar derin ve kabar\u0131kt\u0131r.<\/p>\n<p style=\"text-align: justify;\">Bu durum kar\u015f\u0131s\u0131nda d\u00f6nemin t\u00fcm faillerinin, esrarengiz ba\u011flant\u0131lar\u0131n, insanl\u0131k d\u0131\u015f\u0131 muamelelerin, i\u015fkencecilerin, kirli ili\u015fkilerin ve ya\u015fanan t\u00fcm trajedilerin de mutlaka ele al\u0131nmas\u0131 ve nihayetinde zalimlikle b\u00fct\u00fcnle\u015fmi\u015f ara rejim y\u0131llar\u0131n\u0131n kuytuda kalan taraflar\u0131n\u0131n ayd\u0131nlat\u0131lmas\u0131 gerekmektedir. Milliyet\u00e7i Hareket Partisi, 12 Eyl\u00fcl&#8217;\u00fcn ac\u0131s\u0131n\u0131 ve zorluklar\u0131n\u0131 ya\u015fam\u0131\u015f bir tecr\u00fcbeyle, Adalet ve Kalk\u0131nma Partisinin ge\u00e7mi\u015fin \u00e7ilelerini propaganda malzemesi olarak kullanma kurnazl\u0131\u011f\u0131na asla m\u00fcsaade etmeyecek, \u015fehitlerinin ve gazilerinin aziz hat\u0131ralar\u0131n\u0131n incitilmesine kesinlikle f\u0131rsat tan\u0131mayacakt\u0131r.<\/p>\n<p style=\"text-align: justify;\">Unutulmamal\u0131d\u0131r ki 12 Eyl\u00fcl 1980&#8217;de hukukun bo\u011faz\u0131na ya\u011fl\u0131 urgan ge\u00e7iren vicdans\u0131zlarla 12 Eyl\u00fcl 2010 tarihinde adaletin terazisini k\u0131ran bozguncu zihniyetin ayn\u0131 alanda k\u00fcmelendiklerini ve benzer hedefler ta\u015f\u0131d\u0131klar\u0131n\u0131 bir g\u00fcn herkes g\u00f6recek ve mutlaka idrak edecektir. O g\u00fcn geldi\u011finde ise AKP zihniyeti hesap vermekten asla ka\u00e7amayacak ve T\u00fcrk milletinin kudretli h\u00fckm\u00fcnden kurtulamayacakt\u0131r.&#8221;<\/p>\n<p style=\"text-align: justify;\"><a href=\"http:\/\/www.cnnturk.com\/2012\/turkiye\/01\/15\/19.mayis.tartismasina.mhp.de.katildi\/644925.0\/index.html\" target=\"_blank\">Kaynak : CNN T\u00dcRK<\/a><\/p>\n","protected":false},"excerpt":{"rendered":"<p style=\"text-align: center;\">\n<p style=\"text-align: justify;\">MHP Genel Ba\u015fkan\u0131 Devlet Bah\u00e7eli, &#8220;19 May\u0131s kutlamalar\u0131 \u00fczerinden y\u00fcr\u00fct\u00fclen ve daha hangi geli\u015fmelere yol a\u00e7aca\u011f\u0131 belirsiz olan art niyetli giri\u015fim ve niyetlerin, milletin varl\u0131k de\u011ferlerine tam anlam\u0131yla kast eden bir duruma geldi\u011finin anla\u015f\u0131ld\u0131\u011f\u0131n\u0131&#8221; \u00f6ne s\u00fcrd\u00fc.<\/p>\n<p style=\"text-align: justify;\">Bah\u00e7eli, son siyasi geli\u015fmeler hakk\u0131nda yaz\u0131l\u0131 bir a\u00e7\u0131klama yapt\u0131. <\/p>\n","protected":false},"author":1,"featured_media":0,"comment_status":"open","ping_status":"open","sticky":false,"template":"","format":"standard","meta":{"footnotes":""},"categories":[105],"tags":[],"class_list":["post-46430","post","type-post","status-publish","format-standard","hentry","category-gundem","odd"],"_links":{"self":[{"href":"http:\/\/www.korhanyilmaz.com\/index.php?rest_route=\/wp\/v2\/posts\/46430","targetHints":{"allow":["GET"]}}],"collection":[{"href":"http:\/\/www.korhanyilmaz.com\/index.php?rest_route=\/wp\/v2\/posts"}],"about":[{"href":"http:\/\/www.korhanyilmaz.com\/index.php?rest_route=\/wp\/v2\/types\/post"}],"author":[{"embeddable":true,"href":"http:\/\/www.korhanyilmaz.com\/index.php?rest_route=\/wp\/v2\/users\/1"}],"replies":[{"embeddable":true,"href":"http:\/\/www.korhanyilmaz.com\/index.php?rest_route=%2Fwp%2Fv2%2Fcomments&post=46430"}],"version-history":[{"count":0,"href":"http:\/\/www.korhanyilmaz.com\/index.php?rest_route=\/wp\/v2\/posts\/46430\/revisions"}],"wp:attachment":[{"href":"http:\/\/www.korhanyilmaz.com\/index.php?rest_route=%2Fwp%2Fv2%2Fmedia&parent=46430"}],"wp:term":[{"taxonomy":"category","embeddable":true,"href":"http:\/\/www.korhanyilmaz.com\/index.php?rest_route=%2Fwp%2Fv2%2Fcategories&post=46430"},{"taxonomy":"post_tag","embeddable":true,"href":"http:\/\/www.korhanyilmaz.com\/index.php?rest_route=%2Fwp%2Fv2%2Ftags&post=46430"}],"curies":[{"name":"wp","href":"https:\/\/api.w.org\/{rel}","templated":true}]}}