{"id":46416,"date":"2012-01-15T13:19:27","date_gmt":"2012-01-15T11:19:27","guid":{"rendered":"http:\/\/www.korhanyilmaz.com\/?p=46416"},"modified":"2012-01-15T19:42:32","modified_gmt":"2012-01-15T17:42:32","slug":"basbakan-lefterin-toreninde-yuhalandi","status":"publish","type":"post","link":"http:\/\/www.korhanyilmaz.com\/?p=46416","title":{"rendered":"Ba\u015fbakan Lefter&#8217;in t\u00f6reninde yuhaland\u0131"},"content":{"rendered":"<p style=\"text-align: center;\"><a href=\"http:\/\/www.korhanyilmaz.com\/wp-content\/uploads\/2012\/01\/9154.jpg\"  class=\"lightview\"><img loading=\"lazy\" decoding=\"async\" class=\"aligncenter  wp-image-46417\" title=\"9154\" src=\"http:\/\/www.korhanyilmaz.com\/wp-content\/uploads\/2012\/01\/9154.jpg\" alt=\"\" width=\"436\" height=\"198\" \/><\/a><\/p>\n<p style=\"text-align: justify;\">Ba\u015fbakan Recep Tayyip Erdo\u011fan, Lefter K\u00fc\u00e7\u00fckandonyadis&#8217;in cenaze t\u00f6reni i\u00e7in geldi\u011fi Saraco\u011flu Stad\u0131&#8217;nda yuhaland\u0131.<\/p>\n<p style=\"text-align: justify;\">Vefat eden Fenerbah\u00e7e ve T\u00fcrk futbolunun efsane ismi Lefter K\u00fc\u00e7\u00fckandonyadis, son yolculu\u011funa u\u011furlan\u0131rken. \u015e\u00fckr\u00fc Saraco\u011flu Stad\u0131&#8217;nda \u00e7ok ilgin\u00e7 anlar meydana geldi.<!--more--><\/p>\n<p style=\"text-align: justify;\">Ba\u015fbakan Recep Tayyip Erdo\u011fan, Fenerbah\u00e7e ve T\u00fcrk futbolunun &#8220;ordinary\u00fcs&#8221; futbolcusu Lefter K\u00fc\u00e7\u00fckandonyadis i\u00e7in d\u00fczenlenen t\u00f6rene kat\u0131lmak \u00fczere Fenerbah\u00e7e \u015e\u00fckr\u00fc Sara\u00e7o\u011flu Stad\u0131&#8217;na geldi. Ba\u015fbakan Erdo\u011fan, sabah saatlerinde \u00dcsk\u00fcdar&#8217;daki konutundan ayr\u0131larak, geldi\u011fi Fenerbah\u00e7e \u015e\u00fckr\u00fc Sara\u00e7o\u011flu Stad\u0131&#8217;na tak\u0131m otob\u00fcs giri\u015fi kap\u0131s\u0131ndan 11.15&#8217;te giri\u015f yapt\u0131.<\/p>\n<p style=\"text-align: justify;\">Ba\u015fbakan Erdo\u011fan&#8217;\u0131 Lefter K\u00fc\u00e7\u00fckandonyadis&#8217;in cenazesinin de bulundu\u011fu soyunma odas\u0131 koridorunda Fenerbah\u00e7e Ba\u015fkan Vekili Nihat \u00d6zdemir, Fenerbah\u00e7e Asba\u015fkan\u0131 Ali Ko\u00e7, Fenerbah\u00e7e Teknik Direkt\u00f6r\u00fc Aykut Kocaman ve spor yorumcusu R\u0131dvan Dilmen kar\u015f\u0131lad\u0131.<\/p>\n<p style=\"text-align: justify;\">Ba\u015fbakan Letfer K\u00fc\u00e7\u00fckandonyadis&#8217;in T\u00fcrk ve Fenerbah\u00e7e bayra\u011f\u0131na sar\u0131l\u0131 cenazesinin yan\u0131na gitti ve burada bir s\u00fcre bekledi. Ba\u015fbakan Erdo\u011fan, Lefter\u2019in saha i\u00e7indeki tabutu ba\u015f\u0131nda sayg\u0131 duru\u015funda bulunduktan sonra protokol trib\u00fcn\u00fcne \u00e7\u0131karak, t\u00f6reni izledi. Ancak, Ba\u015fbakan\u2019\u0131n anons edilmesi ve trib\u00fcne ge\u00e7i\u015fi s\u0131ras\u0131nda \u0131sl\u0131k ve yuhalama sesleri duyuldu.<\/p>\n<p style=\"text-align: justify;\">Bunun \u00fczerine Fenerbah\u00e7e Spor Kul\u00fcb\u00fc Asba\u015fkan\u0131 Ali Ko\u00e7, trib\u00fcnde oturanlar\u0131n yan\u0131na gelerek, sakin olmalar\u0131 konusunda uyar\u0131da bulundu. Bu uyar\u0131n\u0131n ard\u0131ndan \u0131sl\u0131klar kesildi. Buradaki t\u00f6renin ard\u0131ndan Lefter\u2019in cenazesi, B\u00fcy\u00fckada\u2019ya g\u00f6t\u00fcr\u00fcld\u00fc. Ba\u015fbakan Erdo\u011fan, t\u00f6renin ard\u0131ndan K\u0131s\u0131kl\u0131\u2019daki evine d\u00f6nd\u00fc.<\/p>\n<p style=\"text-align: justify;\"><a href=\"http:\/\/www.gazeteport.com.tr\/haber\/73687\/basbakan_lefterin_toreninde_yuhalandi\" target=\"_blank\">Kaynak : GAZETEPORT<\/a><\/p>\n<hr \/>\n<p style=\"text-align: justify;\">[youtube]http:\/\/www.youtube.com\/watch?v=DMYBrA-bALk[\/youtube]<\/p>\n","protected":false},"excerpt":{"rendered":"<p style=\"text-align: center;\">\n<p style=\"text-align: justify;\">Ba\u015fbakan Recep Tayyip Erdo\u011fan, Lefter K\u00fc\u00e7\u00fckandonyadis&#8217;in cenaze t\u00f6reni i\u00e7in geldi\u011fi Saraco\u011flu Stad\u0131&#8217;nda yuhaland\u0131.<\/p>\n<p style=\"text-align: justify;\">Vefat eden Fenerbah\u00e7e ve T\u00fcrk futbolunun efsane ismi Lefter K\u00fc\u00e7\u00fckandonyadis, son yolculu\u011funa u\u011furlan\u0131rken. \u015e\u00fckr\u00fc Saraco\u011flu Stad\u0131&#8217;nda \u00e7ok ilgin\u00e7 anlar meydana geldi.<\/p>\n","protected":false},"author":1,"featured_media":0,"comment_status":"open","ping_status":"open","sticky":false,"template":"","format":"standard","meta":{"footnotes":""},"categories":[105],"tags":[],"class_list":["post-46416","post","type-post","status-publish","format-standard","hentry","category-gundem","odd"],"_links":{"self":[{"href":"http:\/\/www.korhanyilmaz.com\/index.php?rest_route=\/wp\/v2\/posts\/46416","targetHints":{"allow":["GET"]}}],"collection":[{"href":"http:\/\/www.korhanyilmaz.com\/index.php?rest_route=\/wp\/v2\/posts"}],"about":[{"href":"http:\/\/www.korhanyilmaz.com\/index.php?rest_route=\/wp\/v2\/types\/post"}],"author":[{"embeddable":true,"href":"http:\/\/www.korhanyilmaz.com\/index.php?rest_route=\/wp\/v2\/users\/1"}],"replies":[{"embeddable":true,"href":"http:\/\/www.korhanyilmaz.com\/index.php?rest_route=%2Fwp%2Fv2%2Fcomments&post=46416"}],"version-history":[{"count":0,"href":"http:\/\/www.korhanyilmaz.com\/index.php?rest_route=\/wp\/v2\/posts\/46416\/revisions"}],"wp:attachment":[{"href":"http:\/\/www.korhanyilmaz.com\/index.php?rest_route=%2Fwp%2Fv2%2Fmedia&parent=46416"}],"wp:term":[{"taxonomy":"category","embeddable":true,"href":"http:\/\/www.korhanyilmaz.com\/index.php?rest_route=%2Fwp%2Fv2%2Fcategories&post=46416"},{"taxonomy":"post_tag","embeddable":true,"href":"http:\/\/www.korhanyilmaz.com\/index.php?rest_route=%2Fwp%2Fv2%2Ftags&post=46416"}],"curies":[{"name":"wp","href":"https:\/\/api.w.org\/{rel}","templated":true}]}}