{"id":46403,"date":"2012-01-15T12:32:40","date_gmt":"2012-01-15T10:32:40","guid":{"rendered":"http:\/\/www.korhanyilmaz.com\/?p=46403"},"modified":"2012-01-15T19:21:00","modified_gmt":"2012-01-15T17:21:00","slug":"el-maliki-turkiye-bolgeyi-felakete-surukluyor","status":"publish","type":"post","link":"http:\/\/www.korhanyilmaz.com\/?p=46403","title":{"rendered":"El Maliki: T\u00fcrkiye b\u00f6lgeyi felakete s\u00fcr\u00fckl\u00fcyor"},"content":{"rendered":"<p style=\"text-align: justify;\"><a href=\"http:\/\/www.korhanyilmaz.com\/wp-content\/uploads\/2012\/01\/9152.jpg\"  class=\"lightview\"><img loading=\"lazy\" decoding=\"async\" class=\"aligncenter size-full wp-image-46404\" title=\"\" src=\"http:\/\/www.korhanyilmaz.com\/wp-content\/uploads\/2012\/01\/9152.jpg\" alt=\"\" width=\"290\" height=\"298\" \/><\/a><\/p>\n<p style=\"text-align: justify;\"><strong>Irak Ba\u015fbakan\u0131&#8217;ndan T\u00fcrkiye&#8217;ye sert ele\u015ftiri ve uyar\u0131&#8230;<\/strong><\/p>\n<p style=\"text-align: justify;\">Irak Ba\u015fbakan\u0131 Nuri El Maliki, T\u00fcrkiye&#8217;ye sert ele\u015ftirilerde bulundu. El Hurra televizyonunda konu\u015fan \u015eii Ba\u015fbakan, &#8220;Son zamanlarda sanki Irak onlar taraf\u0131ndan kontrol ediliyormu\u015f gibi i\u00e7 i\u015flerimize m\u00fcdahale anlam\u0131na gelen s\u00fcrpriz a\u00e7\u0131klamalar yapt\u0131lar.&#8221; dedi.\u00a0<!--more--><\/p>\n<p style=\"text-align: justify;\"><strong>&#8220;T\u00dcRK\u0130YE B\u00d6LGEY\u0130 FELAKETE S\u00dcR\u00dcKL\u00dcYOR&#8221;<\/strong><\/p>\n<p style=\"text-align: justify;\">Irak Ba\u015fbakan\u0131, T\u00fcrkiye&#8217;yi &#8220;b\u00f6lgede \u00e7at\u0131\u015fma ortam\u0131 olu\u015fturmak isteyen \u00fclke&#8221; olaraka tan\u0131mlad\u0131 ve, oynad\u0131\u011f\u0131 rol ile b\u00f6lgeye felaket ve i\u00e7 sava\u015f getirmeye \u00e7al\u0131\u015ft\u0131\u011f\u0131n\u0131 iddia etti.<\/p>\n<p style=\"text-align: justify;\"><strong>&#8220;EN \u00c7OK T\u00dcRK\u0130YE ETK\u0130LEN\u0130R&#8221;<\/strong><\/p>\n<p style=\"text-align: justify;\">Ele\u015ftirilerini, sert uyar\u0131larla s\u00fcrd\u00fcren Maliki ,&#8221;Son a\u00e7\u0131klamalar\u0131 Irak&#8217;\u0131n i\u00e7 i\u015flerine m\u00fcdahaledir. Buna kesinlikle m\u00fcsaade etmeyiz. E\u011fer bizim hukuk mercilerimizle ilgili konu\u015facaklarsa biz de onlar\u0131n hukuk mercileriyle ilgili konu\u015fabiliriz. Onlar e\u011fer bizim anla\u015fmazl\u0131klar\u0131m\u0131z\u0131 konu\u015facaklarsa biz de onlar\u0131nkini konu\u015furuz.&#8221; diye konu\u015ftu. Maliki s\u00f6zlerini tehditvari bir \u00fcslupla s\u00fcrd\u00fcrd\u00fc ve &#8220;Ancak bunun sonucunda zararl\u0131 \u00e7\u0131kan T\u00fcrkiye olur, \u00e7\u00fcnk\u00fc bir\u00e7ok mezhep ve farkl\u0131 k\u00f6kenli etnik gruplar bar\u0131nd\u0131r\u0131yor\u201d dedi.<\/p>\n<p style=\"text-align: justify;\"><strong>\u0130LG\u0130N\u00c7 ZAMANLAMA<\/strong><\/p>\n<p style=\"text-align: justify;\">El Maliki&#8217;nin bu s\u00f6zlerinin zamanlamas\u0131 ilgin\u00e7 olarak de\u011ferlendiriliyor, zira ge\u00e7ti\u011fimiz ay sonunda ABD askerlerinin Irak&#8217;\u0131 terk etmelerinin hemen ard\u0131ndan, S\u00fcnni lider Tar\u0131k el Ha\u015fimi i\u00e7in tutuklama karar\u0131 \u00e7\u0131karan Maliki&#8217;ye T\u00fcrkiye tepki g\u00f6stermi\u015fti. Sal\u0131 g\u00fcn\u00fc Ba\u015fbakan Tayyip Erdo\u011fan&#8217;la bir g\u00f6r\u00fc\u015fme yapm\u0131\u015ft\u0131.<\/p>\n<p style=\"text-align: justify;\">Erdo\u011fan daha \u00f6nce de, Ba\u011fdat h\u00fck\u00fcmetine \u201cmezhep sava\u015f\u0131 \u00e7\u0131karanlar ve bunu engellemeyenler bu vebalin alt\u0131ndan kalkamazlar\u201d demi\u015f ve S\u00fcnni Irakiye grubunun lideri \u0130yad Allavi ile telefonda g\u00f6r\u00fc\u015ferek \u201cIrak\u2019ta demokrasi kar\u015f\u0131t\u0131 ve mezhep\u00e7i yakla\u015f\u0131mlar\u0131n \u00fclkeyi kaosa s\u00fcr\u00fcklemesinden endi\u015fe duydu\u011funu\u201d belirtmi\u015fti.<\/p>\n<p style=\"text-align: justify;\"><a href=\"http:\/\/www.haberturk.com\/dunya\/haber\/706126-el-maliki-turkiye-bolgeyi-felakete-surukluyor\" target=\"_blank\">Kaynak : Habert\u00fcrk<\/a><\/p>\n","protected":false},"excerpt":{"rendered":"<p style=\"text-align: justify;\">\n<p style=\"text-align: justify;\">Irak Ba\u015fbakan\u0131&#8217;ndan T\u00fcrkiye&#8217;ye sert ele\u015ftiri ve uyar\u0131&#8230;<\/p>\n<p style=\"text-align: justify;\">Irak Ba\u015fbakan\u0131 Nuri El Maliki, T\u00fcrkiye&#8217;ye sert ele\u015ftirilerde bulundu. El Hurra televizyonunda konu\u015fan \u015eii Ba\u015fbakan, &#8220;Son zamanlarda sanki Irak onlar taraf\u0131ndan kontrol ediliyormu\u015f gibi i\u00e7 i\u015flerimize m\u00fcdahale anlam\u0131na gelen s\u00fcrpriz a\u00e7\u0131klamalar yapt\u0131lar.&#8221; dedi. <\/p>\n","protected":false},"author":1,"featured_media":0,"comment_status":"open","ping_status":"open","sticky":false,"template":"","format":"standard","meta":{"footnotes":""},"categories":[105],"tags":[],"class_list":["post-46403","post","type-post","status-publish","format-standard","hentry","category-gundem","odd"],"_links":{"self":[{"href":"http:\/\/www.korhanyilmaz.com\/index.php?rest_route=\/wp\/v2\/posts\/46403","targetHints":{"allow":["GET"]}}],"collection":[{"href":"http:\/\/www.korhanyilmaz.com\/index.php?rest_route=\/wp\/v2\/posts"}],"about":[{"href":"http:\/\/www.korhanyilmaz.com\/index.php?rest_route=\/wp\/v2\/types\/post"}],"author":[{"embeddable":true,"href":"http:\/\/www.korhanyilmaz.com\/index.php?rest_route=\/wp\/v2\/users\/1"}],"replies":[{"embeddable":true,"href":"http:\/\/www.korhanyilmaz.com\/index.php?rest_route=%2Fwp%2Fv2%2Fcomments&post=46403"}],"version-history":[{"count":0,"href":"http:\/\/www.korhanyilmaz.com\/index.php?rest_route=\/wp\/v2\/posts\/46403\/revisions"}],"wp:attachment":[{"href":"http:\/\/www.korhanyilmaz.com\/index.php?rest_route=%2Fwp%2Fv2%2Fmedia&parent=46403"}],"wp:term":[{"taxonomy":"category","embeddable":true,"href":"http:\/\/www.korhanyilmaz.com\/index.php?rest_route=%2Fwp%2Fv2%2Fcategories&post=46403"},{"taxonomy":"post_tag","embeddable":true,"href":"http:\/\/www.korhanyilmaz.com\/index.php?rest_route=%2Fwp%2Fv2%2Ftags&post=46403"}],"curies":[{"name":"wp","href":"https:\/\/api.w.org\/{rel}","templated":true}]}}