{"id":46398,"date":"2012-01-15T15:32:33","date_gmt":"2012-01-15T13:32:33","guid":{"rendered":"http:\/\/www.korhanyilmaz.com\/?p=46398"},"modified":"2012-01-15T17:46:09","modified_gmt":"2012-01-15T15:46:09","slug":"kilicdarogludan-cok-sert-sozler","status":"publish","type":"post","link":"http:\/\/www.korhanyilmaz.com\/?p=46398","title":{"rendered":"K\u0131l\u0131\u00e7daro\u011flu&#8217;dan \u00e7ok sert s\u00f6zler"},"content":{"rendered":"<p style=\"text-align: center;\"><a href=\"http:\/\/www.korhanyilmaz.com\/wp-content\/uploads\/2012\/01\/9151.jpg\"  class=\"lightview\"><img loading=\"lazy\" decoding=\"async\" class=\"aligncenter  wp-image-46399\" src=\"http:\/\/www.korhanyilmaz.com\/wp-content\/uploads\/2012\/01\/9151.jpg\" alt=\"\" width=\"418\" height=\"208\" \/><\/a><\/p>\n<p style=\"text-align: justify;\">AK Parti&#8217;den CHP&#8217;ye kat\u0131l\u0131mlar i\u00e7in d\u00fczenlenen t\u00f6rende konu\u015fan Kemal K\u0131l\u0131\u00e7darolu, Erdo\u011fan&#8217;a \u00e7ok sert s\u00f6zlerle y\u00fcklendi. K\u0131l\u0131\u00e7daro\u011flu, &#8220;Bizde kalpazanl\u0131k yok. Otob\u00fcs biletlerinde sahtecilik yok. Bizim senin gibi adi su\u00e7lardan dolay\u0131 fezlekemiz yok&#8221; diye konu\u015ftu.<\/p>\n<p style=\"text-align: justify;\">CHP Genel Ba\u015fkan\u0131 Kemal K\u0131l\u0131\u00e7daro\u011flu, Ba\u015fbakan Recep Tayyip Erdo\u011fan hakk\u0131nda da belediye ba\u015fkanl\u0131\u011f\u0131 d\u00f6nemiyle ilgili fezleke bulundu\u011funu belirterek, &#8220;Bizde kalpazanl\u0131k yok. Otob\u00fcs biletlerinde sahtecilik yok&#8230; Bizim senin gibi adi su\u00e7lardan dolay\u0131 fezlekemiz yok&#8221; dedi.\u00a0<!--more--><\/p>\n<p style=\"text-align: justify;\">K\u0131l\u0131\u00e7daro\u011flu, partisine kat\u0131l\u0131mlar nedeniyle Ahmet Taner K\u0131\u015flal\u0131 Spor Salonu\u2019ndaki t\u00f6rendeki konu\u015fmas\u0131na, KKTC Kurucu Cumhurba\u015fkan\u0131 Rauf Denkta\u015f\u2019\u0131 anarak ba\u015flad\u0131. Denkta\u015f\u2019\u0131n m\u00fccadelesini her zaman sayg\u0131yla anacaklar\u0131n\u0131 belirten K\u0131l\u0131\u00e7daro\u011flu, &#8220;O bir m\u00fccadele adam\u0131yd\u0131. Y\u00fcrekli bir insand\u0131. Hi\u00e7bir bask\u0131ya boyun e\u011fmedi&#8221; dedi.<\/p>\n<p style=\"text-align: justify;\">K\u0131l\u0131\u00e7daro\u011flu, insano\u011flunun a\u00e7l\u0131\u011fa, yoksullu\u011fa, i\u015fkenceye dayanabilece\u011fini ancak \u00f6zg\u00fcrl\u00fcklerinin s\u0131n\u0131rland\u0131r\u0131lmas\u0131na dayanamayaca\u011f\u0131n\u0131 belirterek, bunun i\u00e7in m\u00fccadele ettiklerini, insanlar\u0131n d\u00fc\u015f\u00fcncelerini \u00f6zg\u00fcrce ifade edebilecekleri bir T\u00fcrkiye istediklerini s\u00f6yledi. K\u0131l\u0131\u00e7daro\u011flu, bu m\u00fccadelenin her t\u00fcrl\u00fc bask\u0131ya ra\u011fmen s\u00fcrd\u00fc\u011f\u00fcn\u00fc ve hi\u00e7bir g\u00fcc\u00fcn \u00f6zg\u00fcrl\u00fck taleplerini yok edemedi\u011fini kaydetti.<\/p>\n<p style=\"text-align: justify;\">Ba\u015fbakan Recep Tayyip Erdo\u011fan\u2019\u0131n, &#8220;Kusura bakmas\u0131nlar, fezlekeden kahraman \u00e7\u0131kmaz&#8221; dedi\u011fini an\u0131msatan K\u0131l\u0131\u00e7daro\u011flu, \u015f\u00f6yle devam etti: &#8220;Kusura bakacak bir \u015fey yok Say\u0131n Ba\u015fbakan, fezlekeden zaten kahraman \u00e7\u0131kmaz. Malumu ilan etmi\u015f. Bu fezlekeden \u00e7\u0131ksa \u00e7\u0131ksa demokrasi ad\u0131na y\u00fcz k\u0131zart\u0131c\u0131 bir tablo \u00e7\u0131kar, sistem ad\u0131na utan\u00e7 \u00e7\u0131kar, d\u00fc\u015f\u00fcnce ve ifade \u00f6zg\u00fcrl\u00fc\u011f\u00fc ad\u0131na karamsarl\u0131k \u00e7\u0131kar. Kim dedi kahramanl\u0131k \u00e7\u0131kar diye. Sen d\u00f6n bir kendine bak. Senin yanda\u015flar\u0131n, savc\u0131lar\u0131n bunu yap\u0131yor. Onlar ne yaparsa yaps\u0131nlar asla ve asla bizi durduramazlar. Fezlekeden \u00e7\u0131ksa \u00e7\u0131ksa g\u00fc\u00e7ler ayr\u0131l\u0131\u011f\u0131 ilkesini \u00e7\u00f6pe atmak \u00e7\u0131kar. Bu fezlekeden \u00f6zel yapt\u0131\u011f\u0131n mahkemelerden milletin kafas\u0131na sopa \u00e7\u0131kar. Ba\u015fbakan do\u011fru s\u00f6yl\u00fcyor bu fezlekeden kahraman \u00e7\u0131kmaz ama Say\u0131n Ba\u015fbakan bunlar\u0131n uzman\u0131d\u0131r. Bunlar\u0131 \u00e7ok iyi bilir, ma\u011fduriyet pazarlamas\u0131n\u0131 kimse onun kadar iyi kimse bilemez. O, bu i\u015fin bir numaras\u0131d\u0131r. Say\u0131n Ba\u015fbakan fezlekeden kahraman \u00e7\u0131kmaz ama 27 Nisan e-muht\u0131ras\u0131ndan kahraman \u00e7\u0131kar m\u0131, \u00e7\u0131kmaz m\u0131? Soruyorum sana. \u2019Muht\u0131ray\u0131 ben verdim\u2019 diyenle Dolmabah\u00e7e\u2019de oturdun, 135 dakika g\u00f6r\u00fc\u015fme yapt\u0131n. Bu g\u00f6r\u00fc\u015fme \u2019benimle mezara gider B\u00fcy\u00fckan\u0131t a\u00e7\u0131klamazsa ben de a\u00e7\u0131klamam\u2019 dedin. Dolmabah\u00e7e\u2019de ne g\u00f6r\u00fc\u015ft\u00fcn\u00fcz? E-muht\u0131ra ve Dolmabah\u00e7e bir dan\u0131\u015f\u0131kl\u0131 d\u00f6v\u00fc\u015f m\u00fcyd\u00fc? Devletin s\u0131rlar\u0131 iki ki\u015fi aras\u0131nda kalmaz. Devletin ar\u015fivlerinde kal\u0131r. Sen \u00e7\u0131k, ne g\u00f6r\u00fc\u015ft\u00fc\u011f\u00fcn\u00fc millete anlat. Bu memleketin s\u0131rlar\u0131n\u0131 pazarl\u0131k masalar\u0131nda m\u0131 g\u00f6r\u00fc\u015f\u00fcyorsun?&#8221;<\/p>\n<p style=\"text-align: justify;\">AK Parti H\u00fck\u00fcmetinin &#8220;de\u011fi\u015fim&#8221; diyerek yola \u00e7\u0131kt\u0131\u011f\u0131n\u0131 s\u00f6yleyen K\u0131l\u0131\u00e7daro\u011flu, Ba\u015fbakan Erdo\u011fan\u2019\u0131n yasakl\u0131 oldu\u011fu d\u00f6nemde parlamentonun Erdo\u011fan\u2019\u0131n yasakl\u0131l\u0131\u011f\u0131n\u0131 kald\u0131rd\u0131\u011f\u0131n\u0131 belirtti. CHP\u2019nin de halk\u0131n iradesine duydu\u011fu sayg\u0131 nedeniyle buna destek verdi\u011fini ifade eden K\u0131l\u0131\u00e7daro\u011flu, \u015funlar\u0131 s\u00f6yledi: &#8220;Yine ayn\u0131 \u015feyi yapar\u0131z ama sen oturdun koltu\u011fa millete sabah ak\u015fam yasak koyduruyorsun. CHP\u2019ye fezleke d\u00fczenletiyorsun. Bunun T\u00fcrk\u00e7e anlam\u0131 nedir? \u2019Sen ne benim mahkememi, hukuk d\u0131\u015f\u0131 yap\u0131s\u0131n\u0131, ne de hukuk d\u0131\u015f\u0131 yarg\u0131lamas\u0131n\u0131 ele\u015ftirebilirsin\u2019 demektir. Hala kafas\u0131nda demokrasi k\u00fclt\u00fcr\u00fcn\u00fc oturtamam\u0131\u015f.<\/p>\n<p style=\"text-align: justify;\">Anamuhalefet ele\u015ftirmeyecek de seni mi \u00f6vecek? Demokrasinin olmazsa olmaz kural\u0131 muhalefettir. Anamuhalefet sadece demokrasilerde var. Biz o g\u00f6revi yap\u0131yoruz&#8230;.<\/p>\n<p style=\"text-align: justify;\">Fezlekeyle asl\u0131nda halka \u015funu s\u00f6yl\u00fcyorlar, \u2019aya\u011f\u0131n\u0131z\u0131 denk al\u0131n, konu\u015fmay\u0131n, oturun\u2019 diyorlar. Oturmayaca\u011f\u0131z, m\u00fccadelemizi yapaca\u011f\u0131z.&#8221; CHP Genel Ba\u015fkan\u0131 K\u0131l\u0131\u00e7daro\u011flu, kendisi hakk\u0131nda d\u00fczenlenen fezlekeyle ilgili Avrupa\u2019dan ve d\u00fcnya \u00fclkelerinden bir \u00e7ok tepki geldi\u011fini belirterek, &#8220;Bu fezleke demokrasinin katledilmesi demektir. Bu fezleke \u2019Oturun oturdu\u011funuz yerde, Recep Bey ne derse onu alk\u0131\u015flay\u0131n\u2019 demektir&#8221; diye konu\u015ftu.<\/p>\n<p style=\"text-align: justify;\">Ba\u015fbakan Erdo\u011fan\u2019\u0131n \u015fiir okudu\u011fu i\u00e7in 4 ay hapse mahkum edildi\u011fini an\u0131msatan K\u0131l\u0131\u00e7daro\u011flu, &#8220;4 ay hapse mahkum olan Recep Tayyip Erdo\u011fan\u2019\u0131n b\u00f6yle bir fezleke kar\u015f\u0131s\u0131nda, \u2019oturun oturdu\u011funuz yerde bunu d\u00fczenleyemezsiniz\u2019 demesini beklerdim. Ama o, \u2019olmas\u0131 gereken oldu\u2019 dedi. Bu demokrasi tarihinde kara bir lekedir. Yani \u2019oh oldu\u2019 demektir. Buradan s\u00f6yl\u00fcyorum, benim de hi\u00e7bir CHP milletvekilinin de dokunulmazl\u0131\u011fa ihtiyac\u0131 yok. O senin i\u00e7in ge\u00e7erli bir kavram&#8221; dedi.<\/p>\n<p style=\"text-align: justify;\"><strong>-&#8220;Senin fezleke konun&#8230;&#8221;-\u00a0<\/strong><\/p>\n<p style=\"text-align: justify;\">Ba\u015fbakan Erdo\u011fan\u2019\u0131n fezleke konusunu milletin nezdinde hafife ald\u0131\u011f\u0131n\u0131, kendisini k\u00fc\u00e7\u00fck d\u00fc\u015f\u00fcrme \u00e7abas\u0131na girdi\u011fini \u00f6ne s\u00fcren K\u0131l\u0131\u00e7daro\u011flu, Erdo\u011fan\u2019\u0131n &#8220;\u0130lk kez fezleke haz\u0131rlanm\u0131yor ki, benim hakk\u0131mda da fezleke var&#8221; dedi\u011fini s\u00f6yledi.<\/p>\n<p style=\"text-align: justify;\">K\u0131l\u0131\u00e7daro\u011flu, \u015f\u00f6yle devam etti: &#8220;Sen bu milleti aptal m\u0131 sand\u0131n? Senin fezleke konun, belediye ba\u015fkanl\u0131\u011f\u0131 d\u00f6nemiyle ilgili zimmet, kamu ta\u015f\u0131ma biletlerinde kalpazanl\u0131k, resmi evrakta sahtecilik, c\u00fcr\u00fcm i\u015flemek i\u00e7in te\u015fekk\u00fcl olu\u015fturmak&#8230; Sen bu adi su\u00e7larla fikir \u00f6zg\u00fcrl\u00fc\u011f\u00fcn\u00fc nas\u0131l ayn\u0131 kefeye koyars\u0131n? Sen bu milletin irfan\u0131yla dalga m\u0131 ge\u00e7iyorsun? Bizde zimmet yok, otob\u00fcs biletlerinde kalpazanl\u0131k yok&#8230; Bizim senin gibi adi su\u00e7lardan dolay\u0131 fezlekemiz yok. Biz sadece Silivri\u2019de sorgusuz sualsiz, y\u0131llard\u0131r hapiste kalanlar\u0131n haklar\u0131n\u0131 soruyoruz. Sen 4 ay hapse girdin diye k\u0131yamet koptu. Onlar y\u0131llard\u0131r hapisteler. Onun bilgelik de\u011fil, intikam duygular\u0131 geli\u015fmi\u015f. Devlet y\u00f6netiminde intikam anlay\u0131\u015f\u0131 olur mu?&#8221; K\u0131l\u0131\u00e7daro\u011flu, Ba\u015fbakan Erdo\u011fan\u2019\u0131n s\u0131k s\u0131k Mehmet Akif Ersoy\u2019un &#8220;Zulm\u00fc alk\u0131\u015flayamam, zalimi asla sevmem&#8221; dizelerini dile getirdi\u011fini ifade ederek, &#8220;Bug\u00fcn zulm\u00fc alk\u0131\u015flayan Recep Tayyip Erdo\u011fan, d\u00fcn\u00fcn mazlumuydun, art\u0131k bug\u00fcn\u00fcn zalimi oldun. Mehmet Akif\u2019ten okudu\u011fun \u015fiirleri ruhundan hissedebilseydin, onun ahlak\u0131n\u0131 i\u00e7selle\u015ftirseydin, bug\u00fcn farkl\u0131 olurdun. Mehmet Akif \u0130stiklal Mar\u015f\u0131\u2019n\u0131 yazarken paltosu bile yoktu. \u015eimdi bunlara bak\u0131n servetleri da\u011flar\u0131 a\u015ft\u0131. Sen hangi Mehmet Akif\u2019ten s\u00f6z ediyorsun? Sen art\u0131k zengin sofralar\u0131n\u0131n adam\u0131s\u0131n, zenginlerin yan\u0131ndas\u0131n, mazlumlar\u0131 unuttun&#8221; \u015feklinde konu\u015ftu.<\/p>\n<p style=\"text-align: justify;\">T\u00fcrkiye\u2019nin her alanda sorunu bulundu\u011funu savunan K\u0131l\u0131\u00e7daro\u011flu, bu sorunlar dururken, 29 Ekim ve 19 May\u0131s kutlamalar\u0131yla u\u011fra\u015f\u0131ld\u0131\u011f\u0131n\u0131 s\u00f6yledi.<\/p>\n<p style=\"text-align: justify;\">Toplumsal bar\u0131\u015f\u0131 sa\u011flayan, birlik sembol\u00fc olan ne varsa hepsinin sald\u0131r\u0131 alt\u0131nda oldu\u011funu \u00f6ne s\u00fcren K\u0131l\u0131\u00e7daro\u011flu, &#8220;29 Ekimi, 19 May\u0131s\u2019\u0131 niye kutluyoruz? Atat\u00fcrk Samsun\u2019a kendisi i\u00e7in mi, turistik gezi i\u00e7in mi \u00e7\u0131kt\u0131? Milletin ba\u011f\u0131ms\u0131zl\u0131k iradesi i\u00e7in Samsun\u2019a \u00e7\u0131kt\u0131. Emperyalizme kar\u015f\u0131 mazlum \u00fclkelere ilham vermi\u015f, milli m\u00fccadeleyi ba\u015flatmak i\u00e7in Samsun\u2019a \u00e7\u0131kt\u0131. Mehmet Akif\u2019in \u2019Ben ezelden beridir h\u00fcr ya\u015fad\u0131m, h\u00fcr ya\u015far\u0131m\u2019 demek i\u00e7in Samsun\u2019a \u00e7\u0131kt\u0131. Bu milletin birlik sembollerine sald\u0131rman\u0131z\u0131n sebebi nedir? Niyetiniz ne ise a\u00e7\u0131k a\u00e7\u0131k s\u00f6yleyin. Bunlar\u0131n bir ak\u0131l hocas\u0131 var, \u2019fa\u015fist 19 May\u0131s kutlamalar\u0131 kald\u0131r\u0131lmal\u0131\u2019 diyor. Kutlamalar i\u00e7eri\u011fi itibariyle militaristmi\u015f&#8230; O zaman kutlamalar\u0131 sivil yap. Hava so\u011fukmu\u015f&#8230; Ankara\u2019da daha so\u011fuk, milleti aptal yerine koymaya kalk\u0131\u015fmay\u0131n. Milletin ba\u011f\u0131ms\u0131zl\u0131k duygusunu yok etmeye \u00e7al\u0131\u015f\u0131yorlar. CHP var oldu\u011fu s\u00fcrece hi\u00e7bir \u015feyi yok edemezsiniz.<\/p>\n<p style=\"text-align: justify;\">K\u0131l\u0131\u00e7daro\u011flu, konu\u015fmas\u0131n\u0131n ard\u0131ndan partiye kat\u0131lanlardan temsili olarak baz\u0131lar\u0131na parti rozeti takt\u0131. T\u00f6rende CHP\u2019ye bin 100 ki\u015finin kat\u0131ld\u0131\u011f\u0131 belirtildi.<\/p>\n<p style=\"text-align: justify;\"><a href=\"http:\/\/siyaset.milliyet.com.tr\/kilicdaroglu-dan-cok-sert-sozler\/siyaset\/siyasetdetay\/15.01.2012\/1489262\/default.htm\" target=\"_blank\">Kaynak : Milliyet.com.tr<\/a><\/p>\n<p style=\"text-align: justify;\">\n","protected":false},"excerpt":{"rendered":"<p style=\"text-align: center;\">\n<p style=\"text-align: justify;\">AK Parti&#8217;den CHP&#8217;ye kat\u0131l\u0131mlar i\u00e7in d\u00fczenlenen t\u00f6rende konu\u015fan Kemal K\u0131l\u0131\u00e7darolu, Erdo\u011fan&#8217;a \u00e7ok sert s\u00f6zlerle y\u00fcklendi. K\u0131l\u0131\u00e7daro\u011flu, &#8220;Bizde kalpazanl\u0131k yok. Otob\u00fcs biletlerinde sahtecilik yok. Bizim senin gibi adi su\u00e7lardan dolay\u0131 fezlekemiz yok&#8221; diye konu\u015ftu.<\/p>\n<p style=\"text-align: justify;\">CHP Genel Ba\u015fkan\u0131 Kemal K\u0131l\u0131\u00e7daro\u011flu, Ba\u015fbakan Recep Tayyip Erdo\u011fan hakk\u0131nda da belediye ba\u015fkanl\u0131\u011f\u0131 d\u00f6nemiyle ilgili <\/p>\n","protected":false},"author":1,"featured_media":0,"comment_status":"open","ping_status":"open","sticky":false,"template":"","format":"standard","meta":{"footnotes":""},"categories":[105],"tags":[],"class_list":["post-46398","post","type-post","status-publish","format-standard","hentry","category-gundem","odd"],"_links":{"self":[{"href":"http:\/\/www.korhanyilmaz.com\/index.php?rest_route=\/wp\/v2\/posts\/46398","targetHints":{"allow":["GET"]}}],"collection":[{"href":"http:\/\/www.korhanyilmaz.com\/index.php?rest_route=\/wp\/v2\/posts"}],"about":[{"href":"http:\/\/www.korhanyilmaz.com\/index.php?rest_route=\/wp\/v2\/types\/post"}],"author":[{"embeddable":true,"href":"http:\/\/www.korhanyilmaz.com\/index.php?rest_route=\/wp\/v2\/users\/1"}],"replies":[{"embeddable":true,"href":"http:\/\/www.korhanyilmaz.com\/index.php?rest_route=%2Fwp%2Fv2%2Fcomments&post=46398"}],"version-history":[{"count":0,"href":"http:\/\/www.korhanyilmaz.com\/index.php?rest_route=\/wp\/v2\/posts\/46398\/revisions"}],"wp:attachment":[{"href":"http:\/\/www.korhanyilmaz.com\/index.php?rest_route=%2Fwp%2Fv2%2Fmedia&parent=46398"}],"wp:term":[{"taxonomy":"category","embeddable":true,"href":"http:\/\/www.korhanyilmaz.com\/index.php?rest_route=%2Fwp%2Fv2%2Fcategories&post=46398"},{"taxonomy":"post_tag","embeddable":true,"href":"http:\/\/www.korhanyilmaz.com\/index.php?rest_route=%2Fwp%2Fv2%2Ftags&post=46398"}],"curies":[{"name":"wp","href":"https:\/\/api.w.org\/{rel}","templated":true}]}}