{"id":46393,"date":"2012-01-15T13:15:14","date_gmt":"2012-01-15T11:15:14","guid":{"rendered":"http:\/\/www.korhanyilmaz.com\/?p=46393"},"modified":"2012-01-15T13:15:14","modified_gmt":"2012-01-15T11:15:14","slug":"bayramlara-cankaya-ayari","status":"publish","type":"post","link":"http:\/\/www.korhanyilmaz.com\/?p=46393","title":{"rendered":"Bayramlara \u00c7ankaya ayar\u0131"},"content":{"rendered":"<p style=\"text-align: center;\"><a href=\"http:\/\/www.korhanyilmaz.com\/wp-content\/uploads\/2012\/01\/9150.jpg\"  class=\"lightview\"><img loading=\"lazy\" decoding=\"async\" class=\"aligncenter  wp-image-46394\" src=\"http:\/\/www.korhanyilmaz.com\/wp-content\/uploads\/2012\/01\/9150.jpg\" alt=\"\" width=\"316\" height=\"231\" \/><\/a><\/p>\n<p style=\"text-align: justify;\">19 May\u0131s kutlamalar\u0131n\u0131n de\u011fi\u015ftirilmesiyle ilgili tart\u0131\u015fmalar y\u00fcr\u00fcrken, 23 Nisan, 30 A\u011fustos ve 29 Ekim kutlamalar\u0131n\u0131n da yeniden d\u00fczenlendi\u011fi \u00f6\u011frenildi. Kutlamalara ili\u015fkin \u00e7al\u0131\u015fmalar\u0131 \u00c7ankaya K\u00f6\u015fk\u00fc y\u00fcr\u00fct\u00fcyor.<\/p>\n<p style=\"text-align: justify;\">\u0130stanbul- Milli E\u011fitim Bakanl\u0131\u011f\u0131\u2019n\u0131n 19 May\u0131s Atat\u00fcrk\u2019\u00fc Anma ve Gen\u00e7lik ve Spor Bayram\u0131 kutlamalar\u0131n\u0131 Ankara d\u0131\u015f\u0131ndaki illerde stadyumlar yerine okullara kayd\u0131rmas\u0131n\u0131n ard\u0131ndan b\u00fct\u00fcn resmi bayram kutlamalar\u0131nda k\u00f6kl\u00fc de\u011fi\u015fiklikler bekleniyor.\u00a0<!--more--><\/p>\n<p style=\"text-align: justify;\">23 Nisan, 30 A\u011fustos ve 29 Ekim\u2019deki kutlamalar da yeniden \u015fekillendiriliyor. 2011 y\u0131l\u0131nda 30 A\u011fustos Zafer Bayram\u0131\u2019nda kutlamalar\u0131n Genelkurmay Ba\u015fkan\u0131 yerine Cumhurba\u015fkan\u0131 taraf\u0131ndan kabul edilmesine y\u00f6nelik d\u00fczenlemenin ard\u0131ndan resmi bayram kutlama ve t\u00f6ren sisteminde daha kapsaml\u0131 bir de\u011fi\u015fikli\u011fe gidilmesine karar verildi. Vatan&#8217;\u0131n haberinei g\u00f6re, \u00c7umhurba\u015fkanl\u0131\u011f\u0131nca y\u00fcr\u00fct\u00fclen \u00e7al\u0131\u015fma \u00e7er\u00e7evesinde 12 Eyl\u00fcl darbesinin ard\u0131ndan 1981 y\u0131l\u0131nda yeniden d\u00fczenlenen Cumhuriyet Bayram\u0131, Ulusal Egemenlik ve \u00c7ocuk Bayram\u0131, Atat\u00fcrk\u2019\u00fc Anma ve Gen\u00e7lik ve Spor Bayram\u0131 ile Zafer Bayram\u0131 Kutlama T\u00f6renleri ile bu t\u00f6renleri d\u00fczenlemek ve y\u00fcr\u00fctmekle g\u00f6revli resmi-\u00f6zel b\u00fct\u00fcn kurum ve kurulu\u015flar\u0131n faaliyetlerini belirleyen y\u00f6netmelik masaya yat\u0131r\u0131ld\u0131.<\/p>\n<p style=\"text-align: justify;\">Askeri y\u00f6netime ba\u011fl\u0131 h\u00fck\u00fcmetin karar\u0131yla y\u00fcr\u00fcrl\u00fc\u011fe konulan y\u00f6netmelik yerine yeni bir y\u00f6netmelik \u00e7\u0131kar\u0131lmas\u0131n\u0131n yan\u0131s\u0131ra kutlamalar\u0131n ve t\u00f6renlerin 1940\u2019l\u0131 y\u0131llar\u0131n otoriter y\u00f6netim anlay\u0131\u015f\u0131n\u0131n rit\u00fcellerinden kurtar\u0131lmas\u0131 konusunda g\u00f6r\u00fc\u015f birli\u011fine var\u0131ld\u0131. Gerekli g\u00f6r\u00fcld\u00fc\u011f\u00fc takdirde kutlama ve t\u00f6ren sistemini d\u00fczenleyen yasan\u0131n de\u011fi\u015ftirilmesi form\u00fcl\u00fc de se\u00e7enekler aras\u0131na al\u0131nd\u0131.<\/p>\n<p style=\"text-align: justify;\">Cumhurba\u015fkanl\u0131\u011f\u0131 taraf\u0131ndan y\u00fcr\u00fct\u00fclen \u00e7al\u0131\u015fmalar \u00e7er\u00e7evesinde ilk toplant\u0131 11 Ocak\u2019ta Cumhurba\u015fkanl\u0131\u011f\u0131 Genel Sekreteri Mustafa \u0130sen ba\u015fkanl\u0131\u011f\u0131nda yap\u0131lan toplant\u0131ya Ba\u015fbakanl\u0131k, Genelkurmay Ba\u015fkanl\u0131\u011f\u0131, D\u0131\u015fi\u015fleri Bakanl\u0131\u011f\u0131, Gen\u00e7lik ve Spor Bakanl\u0131\u011f\u0131, \u0130\u00e7i\u015fleri Bakanl\u0131\u011f\u0131, K\u00fclt\u00fcr ve Turizm Bakanl\u0131\u011f\u0131 ve Milli E\u011fitim Bakanl\u0131\u011f\u0131 temsilcileri kat\u0131ld\u0131. Genelkurmay\u2019\u0131 bir daire ba\u015fkan\u0131 temsil etti.<\/p>\n<p style=\"text-align: justify;\"><strong>Yeni yakla\u015f\u0131m tarz\u0131\u00a0<\/strong><\/p>\n<p style=\"text-align: justify;\">Toplant\u0131da kutlama ve t\u00f6renler i\u00e7in \u201cyeni bir yakla\u015f\u0131m tarz\u0131\u201d ortaya kondu. \u0130thaf edildi\u011fi kesimlerin do\u011frudan kat\u0131l\u0131m\u0131n\u0131 ve t\u00f6renlerin daha co\u015fkulu daha anlam\u0131na uygun bir konseptte y\u00fcr\u00fct\u00fclmesini sa\u011flamay\u0131 hedefledi\u011fi belirtilen \u00e7al\u0131\u015fman\u0131n \u00f6zellikle 23 Nisan ve 19 May\u0131s t\u00f6renlerine kat\u0131lan \u00f6\u011frencilerin 2-3 ay aras\u0131nda de\u011fi\u015fen haz\u0131rl\u0131k \u00e7al\u0131\u015fmalar\u0131 ve provalar nedeniyle e\u011fitiminin aksamas\u0131n\u0131 \u00f6nlemeyi de ama\u00e7lad\u0131\u011f\u0131 belirtildi.<\/p>\n<p style=\"text-align: justify;\">Bu \u00e7er\u00e7evede bu y\u0131l sadece Ankara\u2019da yap\u0131lacak 19 May\u0131s\u2019taki stadyum kutlamalar\u0131n\u0131n, 23 Nisan ve 30 A\u011fustos\u2019u da kapsayacak \u015fekilde yeni bir konsepte d\u00f6n\u00fc\u015ft\u00fcr\u00fclmesi de g\u00fcndeme geldi.<\/p>\n<p style=\"text-align: justify;\"><strong>CHP\u2019de teyakkuz\u00a0<\/strong><\/p>\n<p style=\"text-align: justify;\">CHP, Genel Sekreteri Bihlun Tamayl\u0131gil ve Genel Ba\u015fkan Yard\u0131mc\u0131s\u0131 Nihat Matkap imzas\u0131yla 81 il ba\u015fkan\u0131na g\u00f6nderdi\u011fi mektup arac\u0131l\u0131\u011f\u0131yla herkesi Cumhuriyetin sembollerine sahip \u00e7\u0131kmaya \u00e7a\u011f\u0131rd\u0131.<\/p>\n<p style=\"text-align: justify;\"><strong>\u2018Mesele esasla ilgili\u2019\u00a0<\/strong><\/p>\n<p style=\"text-align: justify;\">\u201cAKP\u2019nin iktidar s\u00fcrecinde ve giderek artan bir bi\u00e7imde, T\u00fcrkiye\u2019nin birli\u011fini temsil eden sembollere kar\u015f\u0131 bilin\u00e7li bir sald\u0131r\u0131 kampanyas\u0131 s\u00fcrd\u00fcr\u00fclmektedir. 19 May\u0131s t\u00f6renlerinin iptali karar\u0131, bu bilin\u00e7li kampanyan\u0131n sadece bir par\u00e7as\u0131d\u0131r\u201d denilen mektupta, \u201cBu karar\u0131 alanlar\u0131n ak\u0131l hocalar\u0131, Atat\u00fcrk\u00e7\u00fcl\u00fc\u011f\u00fc hakaret olarak kabul edenlerdir. Cumhuriyetin b\u00fct\u00fcn sembollerine fa\u015fist iftiras\u0131n\u0131 atanlard\u0131r\u201d de\u011ferlendirmesi yer ald\u0131.<\/p>\n<p style=\"text-align: justify;\">Mektupta \u015f\u00f6yle dendi: \u201c19 May\u0131s t\u00f6renlerinin iptalini, incir \u00e7ekirde\u011fini doldurmayan ve g\u00fcl\u00fcn\u00e7 mazeretlerle izaha kalkanlar\u0131n zerre kadar samimi olmad\u0131klar\u0131 a\u00e7\u0131kt\u0131r. Bu t\u00f6renleri iptal edenlerin derdinin sadece usulle veya i\u00e7erikle ilgili olmad\u0131\u011f\u0131 herkes taraf\u0131ndan \u00e7ok iyi bilinmektedir. Mesele t\u00f6renlerin i\u00e7eri\u011fiyle yani usulle ilgili de\u011fildir. Mesele esasla ilgilidir. Bunlar\u0131n derdi 19 May\u0131s\u0131n bizatihi kendisiyle ilgilidir. \u00c7ok iyi bilinmelidir ki; AKP iktidar\u0131nda 29 Ekim t\u00f6renlerinin iptalinin ilk olmad\u0131\u011f\u0131 ger\u00e7e\u011fi gibi, 19 May\u0131s t\u00f6renlerinin iptali de son olmayacakt\u0131r. Toplumumuzu bir arada tutan b\u00fct\u00fcn ortak de\u011ferlerimiz, adalet duygumuz, demokrasinin de\u011ferleri, ba\u011f\u0131ms\u0131zl\u0131k bilincimiz sald\u0131r\u0131 alt\u0131ndad\u0131r. Herkesi, bize dayat\u0131lan as\u0131l b\u00fcy\u00fck resmi g\u00f6rmeye, birlik sembollerimize sahip \u00e7\u0131kmaya, bir olmaya ve bask\u0131ya direnmeye davet ediyoruz.\u201d<\/p>\n<p style=\"text-align: justify;\"><strong>K\u0131l\u0131\u00e7: \u0130stismar ettirmeyiz\u00a0<\/strong><\/p>\n<p style=\"text-align: justify;\">19 May\u0131s kutlamalar\u0131 nedeniyle ba\u015flayan tart\u0131\u015fmalarla ilgili bir a\u00e7\u0131klama da Gen\u00e7lik ve Spor Bakan\u0131 Suat K\u0131l\u0131\u00e7\u2019tan geldi. K\u0131l\u0131\u00e7 \u0130zmir\u2019de yapt\u0131\u011f\u0131 konu\u015fmada 19 May\u0131s kutlamalar\u0131na yeni bir anlam ve dinamizm kazand\u0131rmak, yeni bir yol \u00e7izmek i\u00e7in at\u0131lan ad\u0131mlar\u0131 oldu\u011funu hat\u0131rlatt\u0131 ve \u201cBunlar\u0131n hi\u00e7biri Anadolu co\u011frafyas\u0131n\u0131 ve gen\u00e7lerimizi 19 May\u0131s ruhundan yoksun b\u0131rakmaya y\u00f6nelik ad\u0131mlar de\u011fildir. Bilakis 19 May\u0131s\u2019lar\u0131n\u0131n kalplere ve ak\u0131llara hitap eden heyecan\u0131n\u0131 T\u00fcrk gen\u00e7li\u011fiyle bulu\u015fturmak i\u00e7in at\u0131lan ad\u0131mlard\u0131r. Gen\u00e7lik Haftas\u0131 etkinlikleri 2012\u2019den itibaren bamba\u015fka bir ruha ve heyecana tan\u0131kl\u0131k eden etkinlikler ve kutlamalar olacakt\u0131r\u201d dedi. K\u0131l\u0131\u00e7, s\u00f6zlerini \u015f\u00f6yle s\u00fcrd\u00fcrd\u00fc: \u201cKasten yanl\u0131\u015f anlayanlar\u0131n\u00a019 May\u0131s kutlamalar\u0131 \u00fczerinden bir istismara girmelerine asla f\u0131rsat vermeyece\u011fiz, asla seyirci kalmayaca\u011f\u0131z.\u201d<\/p>\n<p style=\"text-align: justify;\">Bu arada K\u00fclt\u00fcr ve Turizm Bakan\u0131 Ertu\u011frul G\u00fcnay da mekanlar\u0131n s\u0131n\u0131rlanmas\u0131n\u0131n bayram kutlamalar\u0131n\u0131n co\u015fkusunu engellemeyece\u011fini s\u00f6yledi ve \u201cBayramlar\u0131 yasaklamak kimsenin haddi de\u011fildir\u201d dedi.<\/p>\n<p style=\"text-align: justify;\"><a href=\"http:\/\/www.cumhuriyet.com.tr\/?hn=307886&amp;kw=Bayramlara+%C7ankaya+ayar%FD\" target=\"_blank\">Kaynak : Cumhuriyet Haber Portal\u0131<\/a><\/p>\n","protected":false},"excerpt":{"rendered":"<p style=\"text-align: center;\">\n<p style=\"text-align: justify;\">19 May\u0131s kutlamalar\u0131n\u0131n de\u011fi\u015ftirilmesiyle ilgili tart\u0131\u015fmalar y\u00fcr\u00fcrken, 23 Nisan, 30 A\u011fustos ve 29 Ekim kutlamalar\u0131n\u0131n da yeniden d\u00fczenlendi\u011fi \u00f6\u011frenildi. Kutlamalara ili\u015fkin \u00e7al\u0131\u015fmalar\u0131 \u00c7ankaya K\u00f6\u015fk\u00fc y\u00fcr\u00fct\u00fcyor.<\/p>\n<p style=\"text-align: justify;\">\u0130stanbul- Milli E\u011fitim Bakanl\u0131\u011f\u0131\u2019n\u0131n 19 May\u0131s Atat\u00fcrk\u2019\u00fc Anma ve Gen\u00e7lik ve Spor Bayram\u0131 kutlamalar\u0131n\u0131 Ankara d\u0131\u015f\u0131ndaki illerde stadyumlar yerine okullara kayd\u0131rmas\u0131n\u0131n ard\u0131ndan b\u00fct\u00fcn <\/p>\n","protected":false},"author":1,"featured_media":0,"comment_status":"open","ping_status":"open","sticky":false,"template":"","format":"standard","meta":{"footnotes":""},"categories":[105],"tags":[],"class_list":["post-46393","post","type-post","status-publish","format-standard","hentry","category-gundem","odd"],"_links":{"self":[{"href":"http:\/\/www.korhanyilmaz.com\/index.php?rest_route=\/wp\/v2\/posts\/46393","targetHints":{"allow":["GET"]}}],"collection":[{"href":"http:\/\/www.korhanyilmaz.com\/index.php?rest_route=\/wp\/v2\/posts"}],"about":[{"href":"http:\/\/www.korhanyilmaz.com\/index.php?rest_route=\/wp\/v2\/types\/post"}],"author":[{"embeddable":true,"href":"http:\/\/www.korhanyilmaz.com\/index.php?rest_route=\/wp\/v2\/users\/1"}],"replies":[{"embeddable":true,"href":"http:\/\/www.korhanyilmaz.com\/index.php?rest_route=%2Fwp%2Fv2%2Fcomments&post=46393"}],"version-history":[{"count":0,"href":"http:\/\/www.korhanyilmaz.com\/index.php?rest_route=\/wp\/v2\/posts\/46393\/revisions"}],"wp:attachment":[{"href":"http:\/\/www.korhanyilmaz.com\/index.php?rest_route=%2Fwp%2Fv2%2Fmedia&parent=46393"}],"wp:term":[{"taxonomy":"category","embeddable":true,"href":"http:\/\/www.korhanyilmaz.com\/index.php?rest_route=%2Fwp%2Fv2%2Fcategories&post=46393"},{"taxonomy":"post_tag","embeddable":true,"href":"http:\/\/www.korhanyilmaz.com\/index.php?rest_route=%2Fwp%2Fv2%2Ftags&post=46393"}],"curies":[{"name":"wp","href":"https:\/\/api.w.org\/{rel}","templated":true}]}}