{"id":46372,"date":"2012-01-14T20:26:25","date_gmt":"2012-01-14T18:26:25","guid":{"rendered":"http:\/\/www.korhanyilmaz.com\/?p=46372"},"modified":"2012-01-15T02:28:46","modified_gmt":"2012-01-15T00:28:46","slug":"intibakla-emekli-maaslari-ne-kadar-artacak","status":"publish","type":"post","link":"http:\/\/www.korhanyilmaz.com\/?p=46372","title":{"rendered":"\u0130ntibakla emekli maa\u015flar\u0131 ne kadar artacak?"},"content":{"rendered":"<p style=\"text-align: center;\"><a href=\"http:\/\/www.korhanyilmaz.com\/wp-content\/uploads\/2012\/01\/9148.jpg\"  class=\"lightview\"><img loading=\"lazy\" decoding=\"async\" class=\"aligncenter  wp-image-46373\" src=\"http:\/\/www.korhanyilmaz.com\/wp-content\/uploads\/2012\/01\/9148.jpg\" alt=\"\" width=\"276\" height=\"207\" \/><\/a><\/p>\n<p style=\"text-align: justify;\">2000 y\u0131l\u0131 \u00f6ncesi emekli olan 2 milyon 743 bin SSK emeklisini ilgilendiren intibak d\u00fczenlemesi kapsam\u0131nda maa\u015flara yans\u0131yacak art\u0131\u015f miktarlar\u0131 belirlendi.<\/p>\n<p style=\"text-align: justify;\">Ankara &#8211; \u0130ntibak d\u00fczenlemesi yakla\u015f\u0131k 2 milyon 743 bin 2000 \u00f6ncesi SSK emeklisini kaps\u0131yor. 2000 ve 2008 Ekim sonras\u0131 SSK emeklileri ve Ba\u011f-Kur emeklileri i\u00e7in \u0130ntibak d\u00fczenlemesi s\u00f6z konusu olmayacak.\u00a0<!--more--><\/p>\n<p style=\"text-align: justify;\"><strong>Geli\u015fme h\u0131z\u0131ndan verilecek pay\u0131n y\u00fczde 60 ila 80 aras\u0131 olmas\u0131 g\u00fcndemde\u00a0<\/strong><\/p>\n<p style=\"text-align: justify;\">\u0130ntibak y\u00f6ntemi 2000 \u00f6ncesi emekli olanlar\u0131n ayl\u0131klar\u0131na T\u00fcketici Fiyatlar\u0131 Endeksi (T\u00dcFE) ve geli\u015fme h\u0131z\u0131 uygulanmas\u0131n\u0131 \u00f6ng\u00f6r\u00fcyor. Buradaki ama\u00e7 2000 \u00f6ncesi emekliler ile 2000 sonras\u0131 emekliler aras\u0131ndaki ayl\u0131klarda olu\u015fan farkl\u0131l\u0131klar\u0131 gidermek. Ayl\u0131klar yeniden hesaplanacak ve ki\u015filerin ger\u00e7ek g\u00fcn say\u0131lar\u0131 dikkate al\u0131nacak. SSK da d\u00fc\u015f\u00fck ayl\u0131klar i\u00e7in uygulanan destekleyici y\u00f6ntem bu hesapta kullan\u0131lmayacak. Ayl\u0131klar\u0131n yeniden hesaplanmas\u0131nda T\u00dcFE&#8217;nin y\u00fczde 100&#8217;\u00fc verilecek ancak geli\u015fme h\u0131z\u0131n\u0131n oran\u0131 alternatifli olarak maliyet hesaplar\u0131nda tart\u0131\u015f\u0131l\u0131yor. Tasla\u011fa g\u00f6re y\u00fczde 60 ila 80 aras\u0131nda geli\u015fme h\u0131z\u0131ndan pay verilmesi s\u00f6z konusu olacak.<\/p>\n<p style=\"text-align: justify;\">\u0130ntibaktan yararlanma, en d\u00fc\u015f\u00fck kazan\u00e7 (asgari) \u00fczerinden prim \u00f6deyip 3600 veya 5000 g\u00fcn prim \u00f6deyenler i\u00e7in s\u00f6z konusu olmayacak. Prim g\u00fcn say\u0131s\u0131 5200 g\u00fcnlerden sonra olanlar i\u00e7in en d\u00fc\u015f\u00fck art\u0131\u015flar ba\u015flayacak. Emeklilerden g\u00fcn say\u0131s\u0131 ile kazan\u00e7lar\u0131 orta ve \u00fczerinde olanlar intibaktan daha \u00e7ok yararlanacak. Art\u0131\u015flar \u00e7ok y\u00fcksek d\u00fczeylerde olmamakla birlikte ortalama 30-80 TL aras\u0131nda seyredecek. En y\u00fcksek art\u0131\u015f miktar\u0131 ise 260 TL olarak belirlendi.<\/p>\n<p style=\"text-align: justify;\">\u00d6zellikle \u00fcst g\u00f6stergeden ayl\u0131k alanlar i\u00e7in art\u0131\u015f miktarlar\u0131 kademeli olarak artacak. \u0130ntibak sonucu ayl\u0131klar\u0131 d\u00fc\u015fenler olsa bile mevcut ayl\u0131klar\u0131 \u00f6denmeye devam edilecek.<\/p>\n<p style=\"text-align: justify;\"><strong>B\u00fct\u00e7eye maliyeti 3-4 milyar aras\u0131 olacak\u00a0<\/strong><\/p>\n<p style=\"text-align: justify;\">\u0130ntibak i\u015flemi ya\u015fl\u0131l\u0131k, malull\u00fck ve \u00f6l\u00fcm ayl\u0131klar\u0131 i\u00e7in ge\u00e7erli olacak. Bu y\u00f6ntemle 2000 \u00f6ncesi emeklilerin refahtan pay almas\u0131 sa\u011flan\u0131yor. Emeklilerin mevcut ayl\u0131klar\u0131nda herhangi bir d\u00fc\u015f\u00fc\u015f olmuyor. Tasla\u011fa g\u00f6re, maliyetin 3-4 milyar TL aras\u0131nda olmas\u0131 tahmin ediliyor.<\/p>\n<p style=\"text-align: justify;\"><a href=\"http:\/\/www.cumhuriyet.com.tr\/?hn=307700\" target=\"_blank\">Kaynak : Cumhuriyet Haber Portal\u0131<\/a><\/p>\n","protected":false},"excerpt":{"rendered":"<p style=\"text-align: center;\">\n<p style=\"text-align: justify;\">2000 y\u0131l\u0131 \u00f6ncesi emekli olan 2 milyon 743 bin SSK emeklisini ilgilendiren intibak d\u00fczenlemesi kapsam\u0131nda maa\u015flara yans\u0131yacak art\u0131\u015f miktarlar\u0131 belirlendi.<\/p>\n<p style=\"text-align: justify;\">Ankara &#8211; \u0130ntibak d\u00fczenlemesi yakla\u015f\u0131k 2 milyon 743 bin 2000 \u00f6ncesi SSK emeklisini kaps\u0131yor. 2000 ve 2008 Ekim sonras\u0131 SSK emeklileri ve Ba\u011f-Kur emeklileri i\u00e7in \u0130ntibak d\u00fczenlemesi s\u00f6z <\/p>\n","protected":false},"author":1,"featured_media":0,"comment_status":"open","ping_status":"open","sticky":false,"template":"","format":"standard","meta":{"footnotes":""},"categories":[7],"tags":[],"class_list":["post-46372","post","type-post","status-publish","format-standard","hentry","category-ekonomi","odd"],"_links":{"self":[{"href":"http:\/\/www.korhanyilmaz.com\/index.php?rest_route=\/wp\/v2\/posts\/46372","targetHints":{"allow":["GET"]}}],"collection":[{"href":"http:\/\/www.korhanyilmaz.com\/index.php?rest_route=\/wp\/v2\/posts"}],"about":[{"href":"http:\/\/www.korhanyilmaz.com\/index.php?rest_route=\/wp\/v2\/types\/post"}],"author":[{"embeddable":true,"href":"http:\/\/www.korhanyilmaz.com\/index.php?rest_route=\/wp\/v2\/users\/1"}],"replies":[{"embeddable":true,"href":"http:\/\/www.korhanyilmaz.com\/index.php?rest_route=%2Fwp%2Fv2%2Fcomments&post=46372"}],"version-history":[{"count":0,"href":"http:\/\/www.korhanyilmaz.com\/index.php?rest_route=\/wp\/v2\/posts\/46372\/revisions"}],"wp:attachment":[{"href":"http:\/\/www.korhanyilmaz.com\/index.php?rest_route=%2Fwp%2Fv2%2Fmedia&parent=46372"}],"wp:term":[{"taxonomy":"category","embeddable":true,"href":"http:\/\/www.korhanyilmaz.com\/index.php?rest_route=%2Fwp%2Fv2%2Fcategories&post=46372"},{"taxonomy":"post_tag","embeddable":true,"href":"http:\/\/www.korhanyilmaz.com\/index.php?rest_route=%2Fwp%2Fv2%2Ftags&post=46372"}],"curies":[{"name":"wp","href":"https:\/\/api.w.org\/{rel}","templated":true}]}}