{"id":46368,"date":"2012-01-14T11:45:16","date_gmt":"2012-01-14T09:45:16","guid":{"rendered":"http:\/\/www.korhanyilmaz.com\/?p=46368"},"modified":"2012-01-15T02:25:21","modified_gmt":"2012-01-15T00:25:21","slug":"sira-23-nisan-ve-30-agustosta","status":"publish","type":"post","link":"http:\/\/www.korhanyilmaz.com\/?p=46368","title":{"rendered":"S\u0131ra 23 Nisan ve 30 A\u011fustos&#8217;ta"},"content":{"rendered":"<p style=\"text-align: center;\"><a href=\"http:\/\/www.korhanyilmaz.com\/wp-content\/uploads\/2012\/01\/9147.jpg\"  class=\"lightview\"><img loading=\"lazy\" decoding=\"async\" class=\"aligncenter  wp-image-46369\" src=\"http:\/\/www.korhanyilmaz.com\/wp-content\/uploads\/2012\/01\/9147.jpg\" alt=\"\" width=\"275\" height=\"207\" \/><\/a><\/p>\n<p style=\"text-align: justify;\">Milli E\u011fitim Bakanl\u0131\u011f\u0131&#8217;n\u0131n 19 May\u0131s Atat\u00fcrk&#8217;\u00fc Anma, Gen\u00e7lik ve Spor Bayram\u0131 t\u00f6renlerinin \u00f6\u011frencilerin kat\u0131l\u0131m\u0131yla yap\u0131lan stadyum aya\u011f\u0131na getirilen s\u0131n\u0131rlaman\u0131n ard\u0131ndan, 29 Ekim Cumhuriyet Bayram\u0131, 23 Nisan Ulusal Egemenlik ve \u00c7ocuk Bayram\u0131 ile 30 A\u011fustos Zafer Bayram\u0131 resmi t\u00f6renlerinin kutlamalar\u0131na da yeni d\u00fczenle yap\u0131lmas\u0131 g\u00fcndeme geldi.\u00a0<!--more--><\/p>\n<p style=\"text-align: justify;\">Cumhuriyet-ankara B\u00fcrosu &#8211; Cumhurba\u015fkanl\u0131\u011f\u0131 Genel Sekreterli\u011fi ba\u015fkanl\u0131\u011f\u0131nda yap\u0131lan \u00e7al\u0131\u015fmada Ba\u015fbakanl\u0131k, D\u0131\u015fi\u015fleri Bakanl\u0131\u011f\u0131, \u0130\u00e7i\u015fleri Bakanl\u0131\u011f\u0131, Milli E\u011fitim Bakanl\u0131\u011f\u0131, Gen\u00e7lik ve Spor Bakanl\u0131\u011f\u0131, K\u00fclt\u00fcr ve Turizm Bakanl\u0131\u011f\u0131 ve Genelkurmay Ba\u015fkanl\u0131\u011f\u0131 temsilcilerinin kat\u0131l\u0131m\u0131yla ulusal ve resmi bayramlar\u0131n kutlama rit\u00fcelleri ele al\u0131nd\u0131. \u00c7al\u0131\u015fma kapsam\u0131nda 1981 y\u0131l\u0131nda kabul edilen Ulusal Bayramlar ve Genel Tatiller Hakk\u0131nda Yasaya dayan\u0131larak \u00e7\u0131kar\u0131lan y\u00f6netmelik ve y\u00f6nergelerde yap\u0131lmas\u0131 planlanan de\u011fi\u015fiklikler de\u011ferlendiriliyor. \u00c7al\u0131\u015fma kapsam\u0131nda ulusal bayramlarda yap\u0131lacak resmi programlara halk\u0131n kat\u0131l\u0131m\u0131n\u0131 artt\u0131rmak amac\u0131yla devlet protokollerinin ikinci plana al\u0131nmas\u0131 ama\u00e7lan\u0131yor.<\/p>\n<p style=\"text-align: justify;\">\u00c7al\u0131\u015fmada, 30 y\u0131l \u00f6nce benimsenen yasada yer alan kutlama rit\u00fcellerinin art\u0131k ge\u00e7erlili\u011fini yitirdi\u011fi, halk\u0131n ulusal bayramlar\u0131na kat\u0131l\u0131m\u0131n\u0131 sa\u011flamayamad\u0131\u011f\u0131 gerek\u00e7esiyle t\u00f6renlerin resmi devlet protokolleriyle yap\u0131lan t\u00f6renler olmaktan \u00e7\u0131kar\u0131lmas\u0131 ama\u00e7lan\u0131yor.<\/p>\n<p style=\"text-align: justify;\">Edinilen bilgiye g\u00f6re ulusal bayramlarda yap\u0131lan resmi ge\u00e7it t\u00f6renlerine ili\u015fkin programa da baz\u0131 s\u0131n\u0131rlamalar getirilmesi tart\u0131\u015f\u0131l\u0131yor. Buna g\u00f6re askeri ve Emniyet birimlerinin olu\u015fturdu\u011fu g\u00fcvenlik g\u00fc\u00e7leri, \u00e7e\u015fitli kamu kurum ve kurulu\u015flar\u0131 ve \u00f6\u011frencilerin kat\u0131l\u0131m\u0131yla ger\u00e7ekle\u015ftirilen resmi ge\u00e7it t\u00f6ren programlar\u0131n\u0131n da yaln\u0131zca Ankara\u2019da d\u00fczenlenmesi de\u011ferlendiriliyor.<\/p>\n<p style=\"text-align: justify;\"><a href=\"http:\/\/www.cumhuriyet.com.tr\/?hn=307712\" target=\"_blank\">Kaynak : Cumhuriyet Haber Portal\u0131<\/a><\/p>\n","protected":false},"excerpt":{"rendered":"<p style=\"text-align: center;\">\n<p style=\"text-align: justify;\">Milli E\u011fitim Bakanl\u0131\u011f\u0131&#8217;n\u0131n 19 May\u0131s Atat\u00fcrk&#8217;\u00fc Anma, Gen\u00e7lik ve Spor Bayram\u0131 t\u00f6renlerinin \u00f6\u011frencilerin kat\u0131l\u0131m\u0131yla yap\u0131lan stadyum aya\u011f\u0131na getirilen s\u0131n\u0131rlaman\u0131n ard\u0131ndan, 29 Ekim Cumhuriyet Bayram\u0131, 23 Nisan Ulusal Egemenlik ve \u00c7ocuk Bayram\u0131 ile 30 A\u011fustos Zafer Bayram\u0131 resmi t\u00f6renlerinin kutlamalar\u0131na da yeni d\u00fczenle yap\u0131lmas\u0131 g\u00fcndeme geldi. <\/p>\n","protected":false},"author":1,"featured_media":0,"comment_status":"open","ping_status":"open","sticky":false,"template":"","format":"standard","meta":{"footnotes":""},"categories":[105],"tags":[],"class_list":["post-46368","post","type-post","status-publish","format-standard","hentry","category-gundem","odd"],"_links":{"self":[{"href":"http:\/\/www.korhanyilmaz.com\/index.php?rest_route=\/wp\/v2\/posts\/46368","targetHints":{"allow":["GET"]}}],"collection":[{"href":"http:\/\/www.korhanyilmaz.com\/index.php?rest_route=\/wp\/v2\/posts"}],"about":[{"href":"http:\/\/www.korhanyilmaz.com\/index.php?rest_route=\/wp\/v2\/types\/post"}],"author":[{"embeddable":true,"href":"http:\/\/www.korhanyilmaz.com\/index.php?rest_route=\/wp\/v2\/users\/1"}],"replies":[{"embeddable":true,"href":"http:\/\/www.korhanyilmaz.com\/index.php?rest_route=%2Fwp%2Fv2%2Fcomments&post=46368"}],"version-history":[{"count":0,"href":"http:\/\/www.korhanyilmaz.com\/index.php?rest_route=\/wp\/v2\/posts\/46368\/revisions"}],"wp:attachment":[{"href":"http:\/\/www.korhanyilmaz.com\/index.php?rest_route=%2Fwp%2Fv2%2Fmedia&parent=46368"}],"wp:term":[{"taxonomy":"category","embeddable":true,"href":"http:\/\/www.korhanyilmaz.com\/index.php?rest_route=%2Fwp%2Fv2%2Fcategories&post=46368"},{"taxonomy":"post_tag","embeddable":true,"href":"http:\/\/www.korhanyilmaz.com\/index.php?rest_route=%2Fwp%2Fv2%2Ftags&post=46368"}],"curies":[{"name":"wp","href":"https:\/\/api.w.org\/{rel}","templated":true}]}}