{"id":46364,"date":"2012-01-14T23:25:33","date_gmt":"2012-01-14T21:25:33","guid":{"rendered":"http:\/\/www.korhanyilmaz.com\/?p=46364"},"modified":"2012-01-15T01:38:23","modified_gmt":"2012-01-14T23:38:23","slug":"ak-parti-genel-baskan-yardimcisi-salih-kapusuz-acaba-sayin-kilicdaroglunun-baska-endise-duydugu-bir-yanlisi-mi-var","status":"publish","type":"post","link":"http:\/\/www.korhanyilmaz.com\/?p=46364","title":{"rendered":"AK Parti Genel Ba\u015fkan Yard\u0131mc\u0131s\u0131 Salih Kapusuz : &#8220;Acaba Say\u0131n K\u0131l\u0131\u00e7daro\u011flu&#8217;nun ba\u015fka endi\u015fe duydu\u011fu bir yanl\u0131\u015f\u0131 m\u0131 var?&#8221;"},"content":{"rendered":"<p style=\"text-align: center;\"><a href=\"http:\/\/www.korhanyilmaz.com\/wp-content\/uploads\/2012\/01\/9146.jpg\"  class=\"lightview\"><img loading=\"lazy\" decoding=\"async\" class=\"aligncenter  wp-image-46365\" src=\"http:\/\/www.korhanyilmaz.com\/wp-content\/uploads\/2012\/01\/9146.jpg\" alt=\"\" width=\"307\" height=\"236\" \/><\/a><\/p>\n<p style=\"text-align: justify;\">AK Parti Genel Ba\u015fkan Yard\u0131mc\u0131s\u0131 Salih Kapusuz, &#8220;Acaba Say\u0131n K\u0131l\u0131\u00e7daro\u011flu&#8217;nun ba\u015fka endi\u015fe duydu\u011fu bir yanl\u0131\u015f\u0131 m\u0131 var? Bir hatas\u0131 m\u0131 var? Korktu\u011fu bir meselesi mi var? Ondan dolay\u0131 m\u0131 ba\u011f\u0131r\u0131yor, \u00e7a\u011f\u0131r\u0131yor. Ba\u015fbakan i\u00e7in d\u00fczenleniyorsa (fezleke) K\u0131l\u0131\u00e7daro\u011flu i\u00e7in de d\u00fczenlenebilir&#8221; dedi.\u00a0<!--more--><\/p>\n<p style=\"text-align: justify;\">Kapusuz partisinin Elmada\u011f \u0130l\u00e7e Te\u015fkilat\u0131n\u0131 ziyaretinde yapt\u0131\u011f\u0131 konu\u015fmada, CHP Genel Ba\u015fkan\u0131 Kemal K\u0131l\u0131\u00e7daro\u011flu&#8217;nun 6 A\u011fustos 2011&#8217;de bir a\u00e7\u0131klamas\u0131 oldu\u011funu, &#8220;\u0130nternet and\u0131c\u0131 ile ilgili davada teredd\u00fct edecek bir \u015fey yoktur. Su\u00e7tur, gere\u011fi yap\u0131lmal\u0131d\u0131r&#8221; dedi\u011fini savundu.<\/p>\n<p style=\"text-align: justify;\">Kapusuz, &#8220;Fakat daha sonra bu yarg\u0131lamalar\u0131 yapan hakimlere, (Siz AK Parti&#8217;nin militan\u0131s\u0131n\u0131z. Buralar toplama kamp\u0131d\u0131r. Siz militanca i\u015fler yap\u0131yorsunuz. Adaleti da\u011f\u0131tm\u0131yorsunuz. Buras\u0131 bir adalet yeri olmas\u0131 gerekirken partizanl\u0131k yap\u0131yorsunuz. Mahkemeleri alaya alarak burada tiyatro oynan\u0131yor) diyor. Bir ana muhalefet liderinden beklenen ise tutarl\u0131l\u0131kt\u0131r. Elbette ele\u015ftiri hakk\u0131d\u0131r. Hakaret ise asla ve kata ne hakk\u0131d\u0131r ne de haddidir&#8221; diye konu\u015ftu.<\/p>\n<p style=\"text-align: justify;\">T\u00fcrkiye&#8217;de adaletin \u00e7ok \u00f6nemli oldu\u011funu vurgulayan Kapusuz, \u015f\u00f6yle devam etti: &#8220;Dolay\u0131s\u0131yla biz \u015funu istiyoruz. Milletimiz ad\u0131na istiyoruz, bu \u00fclkede adalet \u00e7ok \u00f6nemlidir. Adaletin herkes taraf\u0131ndan g\u00fcvenilir olmas\u0131 \u00e7ok \u00f6nemlidir. \u015eeffaf olmal\u0131 h\u0131zl\u0131 olmal\u0131, tarafs\u0131z olmal\u0131 ve adil olmal\u0131. Biz ge\u00e7mi\u015fte keyfi olarak, arka bah\u00e7e olarak kabul ettikleri bir halk\u0131n beklentileri olan adalet noktas\u0131nda zafiyetlerini bildi\u011fimiz i\u00e7in yanl\u0131\u015fl\u0131klar\u0131 g\u00f6rd\u00fc\u011f\u00fcm\u00fcz i\u00e7in \u015fimdi adalet m\u00fcessesesini halk\u0131n mal\u0131, halk\u0131n sahip \u00e7\u0131kt\u0131\u011f\u0131 bir kurum haline getirdik. Bu da onlar\u0131 rahats\u0131z etti.<\/p>\n<p style=\"text-align: justify;\">\u00c7\u00fcnk\u00fc arka bah\u00e7eleri olarak g\u00f6rd\u00fckleri bir m\u00fcessese, onlara g\u00f6re ellerinden \u00e7\u0131km\u0131\u015f oldu. Bizim ise istedi\u011fimiz bir \u015fey var. Hi\u00e7bir yarg\u0131\u00e7tan hi\u00e7bir mahkemeden, \u015fah\u0131slar\u0131m\u0131z i\u00e7in, partimiz i\u00e7in ve iktidar\u0131m\u0131z i\u00e7in bir \u015fey beklemiyoruz. \u0130stedi\u011fimiz \u015fey adaletli ve ger\u00e7ekten hukuk devletine yak\u0131\u015f\u0131r bir adalet sisteminin olmas\u0131d\u0131r. Hat\u0131rlarsan\u0131z ge\u00e7mi\u015fte adaletle ilgili olarak o kadar s\u00f6zler var ki tenkit edilen s\u00f6zler var, benim dedemden kalma bir dava s\u00f6z konusu. O davayla ilgili olarak mahkemelere gidip gelen dedem \u00e7ok yorulmu\u015f ve mahkeme heyetine, &#8216;Hakim bey ya davam\u0131n bitirilmesi ya da \u00f6mr\u00fcm\u00fcn uzat\u0131lmas\u0131&#8217; demi\u015f.&#8221;<\/p>\n<p style=\"text-align: justify;\"><strong>K\u0131l\u0131\u00e7daro\u011flu ile ilgili fezleke\u00a0<\/strong><\/p>\n<p style=\"text-align: justify;\">CHP Genel Ba\u015fkan\u0131 K\u0131l\u0131\u00e7daro\u011flu ile ilgili bir fezleke d\u00fczenlendi\u011fini dile getiren Kapusuz, \u015funlar\u0131 kaydetti: &#8220;Peki ilk defa m\u0131 K\u0131l\u0131\u00e7daro\u011flu&#8217;nun fezlekesi var? Hay\u0131r, 13 tane fezlekesi var. Peki Mecliste ka\u00e7 tane var? 622 tane fezleke var. Ba\u015fbakan dahil&#8230; AK Partili milletvekillerinin var, CHP&#8217;lilerin var, MHP&#8217;lilerin var, BDP&#8217;lilerin var. Peki onlar i\u00e7in d\u00fczenlenmi\u015f fezlekelerde isyan var m\u0131? (Beni susturmak istiyorsunuz) diye bir iddia var m\u0131? Mahkemeye hakaret var m\u0131? Yok. Peki K\u0131l\u0131\u00e7daro\u011flu&#8217;na gelince niye bu asabiyet, niye bu tepki? Niye bu isyan? Hatta mahkemelere hakaret&#8230; Anlamak m\u00fcmk\u00fcn de\u011fil. Bence parti i\u00e7inde s\u0131k\u0131nt\u0131 var. Ondan dolay\u0131 olabilir. Ama ben her yerde soruyorum? Acaba Say\u0131n<\/p>\n<p style=\"text-align: justify;\">K\u0131l\u0131\u00e7daro\u011flu&#8217;nun ba\u015fka endi\u015fe duydu\u011fu bir yanl\u0131\u015f\u0131 m\u0131 var? Bir hatas\u0131 m\u0131 var? Korktu\u011fu bir meselesi mi var? Ondan dolay\u0131 m\u0131 ba\u011f\u0131r\u0131yor, \u00e7a\u011f\u0131r\u0131yor. Sonu\u00e7 olarak \u015funu s\u00f6ylemek istiyorum. Ba\u015fbakan i\u00e7in d\u00fczenleniyorsa K\u0131l\u0131\u00e7daro\u011flu i\u00e7in de d\u00fczenlenebilir.&#8221;<\/p>\n<p style=\"text-align: justify;\"><a href=\"http:\/\/www.cnnturk.com\/2012\/turkiye\/01\/14\/kilicdaroglunu.kizdiracak.soru\/644879.0\/index.html\" target=\"_blank\">Kaynak \u00a0:CNN T\u00dcRK<\/a><\/p>\n","protected":false},"excerpt":{"rendered":"<p style=\"text-align: center;\">\n<p style=\"text-align: justify;\">AK Parti Genel Ba\u015fkan Yard\u0131mc\u0131s\u0131 Salih Kapusuz, &#8220;Acaba Say\u0131n K\u0131l\u0131\u00e7daro\u011flu&#8217;nun ba\u015fka endi\u015fe duydu\u011fu bir yanl\u0131\u015f\u0131 m\u0131 var? Bir hatas\u0131 m\u0131 var? Korktu\u011fu bir meselesi mi var? Ondan dolay\u0131 m\u0131 ba\u011f\u0131r\u0131yor, \u00e7a\u011f\u0131r\u0131yor. Ba\u015fbakan i\u00e7in d\u00fczenleniyorsa (fezleke) K\u0131l\u0131\u00e7daro\u011flu i\u00e7in de d\u00fczenlenebilir&#8221; dedi. <\/p>\n","protected":false},"author":1,"featured_media":0,"comment_status":"open","ping_status":"open","sticky":false,"template":"","format":"standard","meta":{"footnotes":""},"categories":[105],"tags":[],"class_list":["post-46364","post","type-post","status-publish","format-standard","hentry","category-gundem","odd"],"_links":{"self":[{"href":"http:\/\/www.korhanyilmaz.com\/index.php?rest_route=\/wp\/v2\/posts\/46364","targetHints":{"allow":["GET"]}}],"collection":[{"href":"http:\/\/www.korhanyilmaz.com\/index.php?rest_route=\/wp\/v2\/posts"}],"about":[{"href":"http:\/\/www.korhanyilmaz.com\/index.php?rest_route=\/wp\/v2\/types\/post"}],"author":[{"embeddable":true,"href":"http:\/\/www.korhanyilmaz.com\/index.php?rest_route=\/wp\/v2\/users\/1"}],"replies":[{"embeddable":true,"href":"http:\/\/www.korhanyilmaz.com\/index.php?rest_route=%2Fwp%2Fv2%2Fcomments&post=46364"}],"version-history":[{"count":0,"href":"http:\/\/www.korhanyilmaz.com\/index.php?rest_route=\/wp\/v2\/posts\/46364\/revisions"}],"wp:attachment":[{"href":"http:\/\/www.korhanyilmaz.com\/index.php?rest_route=%2Fwp%2Fv2%2Fmedia&parent=46364"}],"wp:term":[{"taxonomy":"category","embeddable":true,"href":"http:\/\/www.korhanyilmaz.com\/index.php?rest_route=%2Fwp%2Fv2%2Fcategories&post=46364"},{"taxonomy":"post_tag","embeddable":true,"href":"http:\/\/www.korhanyilmaz.com\/index.php?rest_route=%2Fwp%2Fv2%2Ftags&post=46364"}],"curies":[{"name":"wp","href":"https:\/\/api.w.org\/{rel}","templated":true}]}}