{"id":46359,"date":"2012-01-14T08:06:14","date_gmt":"2012-01-14T06:06:14","guid":{"rendered":"http:\/\/www.korhanyilmaz.com\/?p=46359"},"modified":"2012-01-15T01:27:39","modified_gmt":"2012-01-14T23:27:39","slug":"19-mayis-ataturku-an-ma-bayrami","status":"publish","type":"post","link":"http:\/\/www.korhanyilmaz.com\/?p=46359","title":{"rendered":"19 May\u0131s Atat\u00fcrk\u2019\u00fc an-ma bayram\u0131"},"content":{"rendered":"<div id=\"attachment_37365\" style=\"width: 115px\" class=\"wp-caption alignright\"><img loading=\"lazy\" decoding=\"async\" aria-describedby=\"caption-attachment-37365\" class=\" wp-image-37365 \" title=\"Y\u0131lmaz \u00d6zdil - H\u00fcrriyet Gazetesi\" src=\"http:\/\/www.korhanyilmaz.com\/wp-content\/uploads\/2011\/07\/257.jpg\" alt=\"\" width=\"105\" height=\"112\" \/><p id=\"caption-attachment-37365\" class=\"wp-caption-text\">Y\u0131lmaz \u00d6zdil<\/p><\/div>\n<p style=\"text-align: justify;\">&#8211; Vapur haz\u0131r m\u0131 arkada\u015flar?<\/p>\n<p><strong>&#8211; \u0130yisi mi ertele Kemal abi&#8230;<br \/>\n<\/strong><br \/>\n&#8211; Nas\u0131l yani?<\/p>\n<p><strong>&#8211; G\u00fczel abim, yar\u0131n \u00f6b\u00fcr g\u00fcn \u00e7oluk \u00e7ocuk \u00fc\u015f\u00fcr 19 May\u0131s\u2019ta&#8230; Ba\u015fka mevsimde kurtar memleketi.<br \/>\n<\/strong><br \/>\n&#8211; A\u011fustosu mu beklesek?<\/p>\n<p><strong>&#8211; \u00c7ok s\u0131cak olur be&#8230; V\u0131c\u0131k v\u0131c\u0131k ter, \u00fcst\u00fcne so\u011fuk gazoz mazoz, maazallah bademcikleri \u015fi\u015fer.<br \/>\n<\/strong><br \/>\n&#8211; Temmuzda gidelim bari.<!--more--><\/p>\n<p><strong>&#8211; Can\u0131m abim, milli e\u011fitim falan kurucan, okul filan, k\u0131\u015f\u0131n ders, yaz\u0131n tatil, haziranda karneyi kapan an\u0131nda v\u0131nn, yaz\u0131n olmaz bu i\u015f yani.<br \/>\n<\/strong><br \/>\n&#8211; S\u00f6mestrde gitsek&#8230;<\/p>\n<p><strong>&#8211; Umre var, oraya git\u00e7ekler.<br \/>\n<\/strong><br \/>\n&#8211; Aral\u0131\u011fa \u00e7ekelim&#8230;<\/p>\n<p><strong>&#8211; Kar ya\u011far.<br \/>\n<\/strong><br \/>\n&#8211; Ocak da so\u011fuk&#8230;<\/p>\n<p><strong>&#8211; Buz, buzz.<br \/>\n<\/strong><br \/>\n&#8211; Mart?<\/p>\n<p><strong>&#8211; Nevruz\u2019dan haberin yok galiba, bakanlar valiler ate\u015ften atl\u0131ycak, senle mi u\u011fra\u015fcaklar.<br \/>\n<\/strong><br \/>\n&#8211; Nisana alal\u0131m&#8230;<\/p>\n<p><strong>&#8211; Play-off var, statlar dolu, kutlama yap\u0131caz diye bo\u015faltamay\u0131z, Lozan Antla\u015fmas\u0131\u2019na uysa bile, Dijit\u00fcrk s\u00f6zle\u015fmesine ayk\u0131r\u0131 olur, uefa\u2019yla papaz oluruz valla.<br \/>\n<\/strong><br \/>\n&#8211; Eyl\u00fclde gelsek&#8230;<\/p>\n<p><strong>&#8211; Ya\u011fmur ya\u011far, ayaz da var, zat\u00fcrree mi et\u00e7en \u00e7ocuklar\u0131.<br \/>\n<\/strong><br \/>\n&#8211; Ekim hi\u00e7 olmazsa&#8230;<\/p>\n<p><strong>&#8211; O hi\u00e7 olmaz&#8230; Padi\u015fah efendimizi an\u0131caz, ay\u0131p olur \u015fimdi o tarihte burnunu sokup araya girmen.<br \/>\n<\/strong><br \/>\n&#8211; Kas\u0131m?<\/p>\n<p><strong>&#8211; \u00d6l\u00fccen zaten, onu kutluycaz.<br \/>\n<\/strong><br \/>\n&#8211; E gitmeyeyim o zaman&#8230;<\/p>\n<p><strong>&#8211; E gitme tabii, otur oturdu\u011fun yerde, salla ba\u015f\u0131n\u0131 al maa\u015f\u0131n\u0131, sen mi kurtar\u0131can memleketi.<\/strong><\/p>\n<p style=\"text-align: justify;\"><a href=\"http:\/\/www.hurriyet.com.tr\/yazarlar\/19681666.asp\" target=\"_blank\">Kaynak : H\u00fcrriyet.com.tr<\/a><\/p>\n","protected":false},"excerpt":{"rendered":"<p id=\"caption-attachment-37365\" class=\"wp-caption-text\">Y\u0131lmaz \u00d6zdil<\/p>\n<p style=\"text-align: justify;\">&#8211; Vapur haz\u0131r m\u0131 arkada\u015flar?<\/p>\n<p>&#8211; \u0130yisi mi ertele Kemal abi&#8230; &#8211; Nas\u0131l yani?<\/p>\n<p>&#8211; G\u00fczel abim, yar\u0131n \u00f6b\u00fcr g\u00fcn \u00e7oluk \u00e7ocuk \u00fc\u015f\u00fcr 19 May\u0131s\u2019ta&#8230; Ba\u015fka mevsimde kurtar memleketi. &#8211; A\u011fustosu mu beklesek?<\/p>\n<p>&#8211; \u00c7ok s\u0131cak olur be&#8230; V\u0131c\u0131k v\u0131c\u0131k ter, \u00fcst\u00fcne so\u011fuk gazoz mazoz, maazallah bademcikleri \u015fi\u015fer. &#8211; <\/p>\n","protected":false},"author":1,"featured_media":0,"comment_status":"open","ping_status":"open","sticky":false,"template":"","format":"standard","meta":{"footnotes":""},"categories":[16],"tags":[30],"class_list":["post-46359","post","type-post","status-publish","format-standard","hentry","category-kose-yazilari","tag-yilmaz-ozdil","odd"],"_links":{"self":[{"href":"http:\/\/www.korhanyilmaz.com\/index.php?rest_route=\/wp\/v2\/posts\/46359","targetHints":{"allow":["GET"]}}],"collection":[{"href":"http:\/\/www.korhanyilmaz.com\/index.php?rest_route=\/wp\/v2\/posts"}],"about":[{"href":"http:\/\/www.korhanyilmaz.com\/index.php?rest_route=\/wp\/v2\/types\/post"}],"author":[{"embeddable":true,"href":"http:\/\/www.korhanyilmaz.com\/index.php?rest_route=\/wp\/v2\/users\/1"}],"replies":[{"embeddable":true,"href":"http:\/\/www.korhanyilmaz.com\/index.php?rest_route=%2Fwp%2Fv2%2Fcomments&post=46359"}],"version-history":[{"count":0,"href":"http:\/\/www.korhanyilmaz.com\/index.php?rest_route=\/wp\/v2\/posts\/46359\/revisions"}],"wp:attachment":[{"href":"http:\/\/www.korhanyilmaz.com\/index.php?rest_route=%2Fwp%2Fv2%2Fmedia&parent=46359"}],"wp:term":[{"taxonomy":"category","embeddable":true,"href":"http:\/\/www.korhanyilmaz.com\/index.php?rest_route=%2Fwp%2Fv2%2Fcategories&post=46359"},{"taxonomy":"post_tag","embeddable":true,"href":"http:\/\/www.korhanyilmaz.com\/index.php?rest_route=%2Fwp%2Fv2%2Ftags&post=46359"}],"curies":[{"name":"wp","href":"https:\/\/api.w.org\/{rel}","templated":true}]}}