{"id":46352,"date":"2012-01-14T10:02:54","date_gmt":"2012-01-14T08:02:54","guid":{"rendered":"http:\/\/www.korhanyilmaz.com\/?p=46352"},"modified":"2012-01-15T01:05:51","modified_gmt":"2012-01-14T23:05:51","slug":"sorusturma-sirasi-buyukanita-geldi","status":"publish","type":"post","link":"http:\/\/www.korhanyilmaz.com\/?p=46352","title":{"rendered":"Soru\u015fturma s\u0131ras\u0131 B\u00fcy\u00fckan\u0131t&#8217;a geldi"},"content":{"rendered":"<p style=\"text-align: center;\"><a href=\"http:\/\/www.korhanyilmaz.com\/wp-content\/uploads\/2012\/01\/9145.jpg\"  class=\"lightview\"><img loading=\"lazy\" decoding=\"async\" class=\"aligncenter  wp-image-46353\" src=\"http:\/\/www.korhanyilmaz.com\/wp-content\/uploads\/2012\/01\/9145.jpg\" alt=\"\" width=\"336\" height=\"223\" \/><\/a><\/p>\n<p style=\"text-align: justify;\">\u0130lker Ba\u015fbu\u011f&#8217;un &#8220;Siteler benden \u00f6nce kuruldu&#8221; ifadelerinin ard\u0131ndan savc\u0131l\u0131k eski Genelkurmay Ba\u015fkan\u0131 B\u00fcy\u00fckan\u0131t&#8217;\u0131n da aralar\u0131nda bulundu\u011fu baz\u0131 isimlerle ilgili delilleri incelemeye ald\u0131.<\/p>\n<p style=\"text-align: justify;\">Vatan gazetesinden Damla G\u00fcler&#8217;in haberine g\u00f6re, eski Genelkkurmay Ba\u015fkan\u0131 \u0130lker Ba\u015fbu\u011f\u2019un h\u00fck\u00fcmet aleyhine kara propaganda yapt\u0131\u011f\u0131 iddia edilen sitelerle ilgili y\u00fcr\u00fct\u00fclen \u201cinternet and\u0131c\u0131\u201d soru\u015fturmas\u0131 kapsam\u0131nda tutuklanmas\u0131yla ilgili tart\u0131\u015fmalar s\u00fcrerken soru\u015fturmada \u00f6nemli geli\u015fmeler ya\u015fan\u0131yor.<!--more--><\/p>\n<p style=\"text-align: justify;\">Ba\u015fbu\u011f, hem savc\u0131l\u0131k hem de mahkeme sorgular\u0131nda s\u00f6zkonusu sitelerin kendi d\u00f6neminden \u00f6nce kuruldu\u011funu s\u00f6ylemi\u015fti. Emekli Orgeneral \u0130lker Ba\u015fbu\u011f\u2019un, 7 saat boyunca sorgusunu yapan \u00f6zel yetkili \u0130stanbul Cumhuriyet Savc\u0131s\u0131 Cihan Kans\u0131z\u2019a ve tutuklama karar\u0131n\u0131 veren mahkemede \u0130nternet And\u0131c\u0131\u2019n\u0131n kendisinden \u00f6nceki Genelkurmay Ba\u015fkan\u0131 taraf\u0131ndan haz\u0131rland\u0131\u011f\u0131n\u0131 s\u00f6yleyerek eski Genelkurmay Ba\u015fkan\u0131 emekli Orgeneral Ya\u015far B\u00fcy\u00fckan\u0131t\u2019\u0131 i\u015faret etti\u011fi ortaya \u00e7\u0131km\u0131\u015ft\u0131.<\/p>\n<p style=\"text-align: justify;\">Ba\u015fbu\u011f, ifadesinde, \u201cSay\u0131n K.\u2019ya arz\u201d \u015feklinde biten \u0130nternet And\u0131c\u0131 belgesinde imzas\u0131n\u0131n bulunmad\u0131\u011f\u0131n\u0131 belirterek \u201cAsl\u0131nda bana te\u015fekk\u00fcr edilmesi gerekir. \u00c7\u00fcnk\u00fc ben g\u00f6reve geldi\u011fimde bunlar\u0131 kapatt\u0131ran ki\u015fiyim\u201d dedi. Ba\u015fbu\u011f, savc\u0131l\u0131kta verdi\u011fi ifadede, \u0130nternet And\u0131c\u0131\u2019n\u0131n isim vermeden emekli Genelkurmay Ba\u015fkan\u0131 Ya\u015far B\u00fcy\u00fckan\u0131t d\u00f6neminde haz\u0131rland\u0131\u011f\u0131na i\u015faret ederek \u201cBen 30 A\u011fustos 2008\u2019de Genelkurmay Ba\u015fkanl\u0131\u011f\u0131 g\u00f6revime ba\u015flad\u0131m. 4 \u015eubat 2009 tarihinde bu internet siteleriyle ilgili olarak bir haber yay\u0131nland\u0131. Bu haber \u00fczerine yapt\u0131\u011f\u0131m\u0131z ilk incelemede \u015fekil ve teknik a\u00e7\u0131dan bu sitelerin kanuna uygun olmad\u0131\u011f\u0131 bilgisi bana verildi\u011finde bu siteleri kapatt\u0131rd\u0131m. Bana te\u015fekk\u00fcr edilmesi gerekir. Bu sitelerin son g\u00fcncelleme tarihlerine bak\u0131ld\u0131\u011f\u0131nda benim g\u00f6rev s\u00fcrem \u00f6ncesidir. Dosyadan vak\u0131f oldu\u011fumuz \u00fczere benim d\u00f6nemimle ilgili internet siteleriyle bir ilgim olmad\u0131\u011f\u0131 da savunmalar\u0131mda mevcuttur\u201d dedi.<\/p>\n<p style=\"text-align: justify;\"><strong>\u2018Su\u00e7lama trajikomiktir\u2019\u00a0<\/strong><\/p>\n<p style=\"text-align: justify;\">Ba\u015fbu\u011f, mahkemede verdi\u011fi 4 sayfal\u0131k savunmas\u0131nda da \u201cBu su\u00e7u reddediyorum. Bu su\u00e7la itham edilen ki\u015fi T\u00fcrkiye Cumhuriyeti Devleti\u2019nin 26\u2019nc\u0131 Genelkurmay Ba\u015fkan\u0131\u2019d\u0131r. Bunu tarihe not olarak d\u00fc\u015fmekte yarar g\u00f6r\u00fcyorum. Ben Genelkurmay Ba\u015fkan\u0131 olarak TSK\u2019n\u0131n komutan\u0131y\u0131m, ki bu T\u00fcrk Silahl\u0131 Kuvvetleri d\u00fcnyan\u0131n say\u0131l\u0131 en g\u00fc\u00e7l\u00fc ordular\u0131ndan bir tanesidir. B\u00f6yle bir orduya komuta eden birisinin silahl\u0131 ter\u00f6r \u00f6rg\u00fct\u00fc kurmak, y\u00f6netmek ile su\u00e7lanmas\u0131 ger\u00e7ekten trajikomik diyebiliriz\u201d ifadesini kulland\u0131.<\/p>\n<p style=\"text-align: justify;\"><strong>Yeni inceleme ba\u015flat\u0131ld\u0131\u00a0<\/strong><\/p>\n<p style=\"text-align: justify;\">\u0130\u015fte Ba\u015fbu\u011f\u2019un bu ifadelerinin ard\u0131ndan \u0130stanbul Cumhuriyet Ba\u015fsavc\u0131l\u0131\u011f\u0131 eldeki delilleri incelemeye ald\u0131. Savc\u0131l\u0131\u011f\u0131n emekli Orgeneral Ba\u015fbu\u011f\u2019un verdi\u011fi bilgiler do\u011frultusunda eski Genelkurmay Ba\u015fkan\u0131 emekli Orgeneral Ya\u015far B\u00fcy\u00fckan\u0131t\u2019\u0131n da aralar\u0131nda bulundu\u011fu baz\u0131 isimlere ili\u015fkin de\u011ferlendirme yapt\u0131\u011f\u0131 \u00f6\u011frenildi. B\u00fcy\u00fckan\u0131t\u2019\u0131n da aralar\u0131nda bulundu\u011fu bu isimlerin \u2018h\u00fck\u00fcmet aleyhine kara propaganda yap\u0131lmas\u0131 amac\u0131yla kuruldu\u011fu iddia edilen internet siteleriyle\u2019 ilgisini ara\u015ft\u0131rd\u0131\u011f\u0131 \u00f6\u011frenilen savc\u0131l\u0131\u011f\u0131n, \u00f6n\u00fcm\u00fczdeki g\u00fcnlerde bu isimlerin soru\u015fturma kapsam\u0131nda \u015f\u00fcpheli olup olmayaca\u011f\u0131 konusunda bir karar vermesi bekleniyor.<\/p>\n<p style=\"text-align: justify;\"><strong>Takdir Y\u00fcce T\u00fcrk milletinindir\u00a0<\/strong><\/p>\n<p style=\"text-align: justify;\">Emekli Orgeneral \u0130lker Ba\u015fbu\u011f, \u201cter\u00f6r \u00f6rg\u00fct\u00fc kurmak ve y\u00f6netmek\u201d ve \u201cT\u00fcrkiye Cumhuriyeti H\u00fck\u00fcmetini ortadan kald\u0131rmaya te\u015febb\u00fcs\u201d su\u00e7lar\u0131ndan tutukland\u0131. Cezaevine gitmek \u00fczere adliyeden \u00e7\u0131kan Ba\u015fbu\u011f arac\u0131na binmek \u00fczere iken kendisini bekleyen muhabirlere d\u00f6nerek \u201cT\u00fcrkiye Cumhuriyeti\u2019nin 26. Genelkurmay Ba\u015fkan\u0131 ter\u00f6r \u00f6rg\u00fct\u00fc kurmak ve y\u00f6netmekten su\u00e7land\u0131. Takdir y\u00fcce T\u00fcrk milletinindir\u201d demi\u015fti.<\/p>\n<p style=\"text-align: justify;\"><strong>Elita\u015f: Yarg\u0131land\u0131\u011f\u0131 yer uygun\u00a0<\/strong><\/p>\n<p style=\"text-align: justify;\">\u0130nternet And\u0131c\u0131\u2019 nedeniyle ba\u015flat\u0131lan inceleme eski Genelkurmay Ba\u015fkan\u0131 B\u00fcy\u00fckan\u0131t\u2019a uzan\u0131rken \u0130lker Ba\u015fbu\u011f\u2019un nerede yarg\u0131lanaca\u011f\u0131na y\u00f6nelik tart\u0131\u015fmalar da s\u00fcr\u00fcyor. AKP Genel Ba\u015fkan Yard\u0131mc\u0131s\u0131 H\u00fcseyin \u00c7elik\u2019in \u00f6nceki g\u00fcn \u201cBa\u015fbu\u011f \u00f6zel yetkili mahkemelerde yarg\u0131lanmal\u0131\u201d s\u00f6zlerinin hemen ard\u0131ndan Cumhurba\u015fkan\u0131 G\u00fcl ki\u015fisel kanaatinin Ba\u015fbu\u011f\u2019un Y\u00fcce Divan\u2019da yarg\u0131lanmas\u0131ndan yana oldu\u011funu s\u00f6ylemi\u015fti. D\u00fcn de h\u00fck\u00fcmetten ve AKP\u2019nin bir ba\u015fka \u00f6nemli isimden G\u00fcl\u2019\u00fcn s\u00f6zlerinin aksine a\u00e7\u0131klamalar geldi.<\/p>\n<p style=\"text-align: justify;\">Ba\u015fbakan Yard\u0131mc\u0131s\u0131 Bekin Bozda\u011f, hukukun kar\u015f\u0131s\u0131nda herkesin e\u015fit oldu\u011funu s\u00f6yledi ve Ba\u015fbu\u011f\u2019un hangi mahkemede yarg\u0131lanmas\u0131 gerekti\u011fi konusunun hukuki bir konu oldu\u011funu s\u00f6yledi. Bozda\u011f, \u201cBa\u015fbu\u011f\u2019un hangi mahkemede yarg\u0131lanaca\u011f\u0131na ili\u015fkin de\u011ferlendirme yapmay\u0131 do\u011fru g\u00f6rm\u00fcyorum, \u00f6zel bir durum ve bu konuda karar\u0131 verecek olan yarg\u0131lamay\u0131 yapan mahkemedir. Ama ben asker ki\u015filere ili\u015fkin anayasan\u0131n 145. ve 148. maddelerinin birlikte de\u011ferlendirilmesinin \u00f6nemli oldu\u011funu d\u00fc\u015f\u00fcn\u00fcyorum\u201d dedi.<\/p>\n<p style=\"text-align: justify;\"><strong>\u2018Farkl\u0131 d\u00fc\u015f\u00fcn\u00fcyorum\u2019\u00a0<\/strong><\/p>\n<p style=\"text-align: justify;\">AK Parti Grup Ba\u015fkanvekili Mustafa Elita\u015f da gazetecilerin sorusu \u00fczerine \u015funlar\u0131 s\u00f6yledi: &#8220;Anayasa\u2019n\u0131n 145 ve 148. maddeleri a\u00e7\u0131k. Benim g\u00f6r\u00fc\u015f\u00fcmde Anayasa Mahkemesi\u2019nin eski Genelkurmay Ba\u015fkan\u0131n\u0131 yarg\u0131lamas\u0131 uygun de\u011fil. \u00c7\u00fcnk\u00fc 145. maddedeki, anayasa de\u011fi\u015fikli\u011fi ile ilgili yapt\u0131\u011f\u0131m\u0131z d\u00fczenleme a\u00e7\u0131k ve net ifade ediliyor. Say\u0131n Cumhurba\u015fkan\u0131 belki \u015fahsi d\u00fc\u015f\u00fcncesini ifade etmi\u015ftir. Ben de \u015fu anda \u015fahsi fikrimi ifade ediyorum. Benim kanaatime g\u00f6re yarg\u0131lama yerinin do\u011fru oldu\u011fu inanc\u0131nday\u0131m.\u201d<\/p>\n<p style=\"text-align: justify;\"><a href=\"http:\/\/www.radikal.com.tr\/Radikal.aspx?aType=RadikalDetayV3&amp;ArticleID=1075574&amp;CategoryID=77\" target=\"_blank\">Kaynak : Radikal.com.tr\u00a0<\/a><\/p>\n","protected":false},"excerpt":{"rendered":"<p style=\"text-align: center;\">\n<p style=\"text-align: justify;\">\u0130lker Ba\u015fbu\u011f&#8217;un &#8220;Siteler benden \u00f6nce kuruldu&#8221; ifadelerinin ard\u0131ndan savc\u0131l\u0131k eski Genelkurmay Ba\u015fkan\u0131 B\u00fcy\u00fckan\u0131t&#8217;\u0131n da aralar\u0131nda bulundu\u011fu baz\u0131 isimlerle ilgili delilleri incelemeye ald\u0131.<\/p>\n<p style=\"text-align: justify;\">Vatan gazetesinden Damla G\u00fcler&#8217;in haberine g\u00f6re, eski Genelkkurmay Ba\u015fkan\u0131 \u0130lker Ba\u015fbu\u011f\u2019un h\u00fck\u00fcmet aleyhine kara propaganda yapt\u0131\u011f\u0131 iddia edilen sitelerle ilgili y\u00fcr\u00fct\u00fclen \u201cinternet and\u0131c\u0131\u201d soru\u015fturmas\u0131 kapsam\u0131nda tutuklanmas\u0131yla <\/p>\n","protected":false},"author":1,"featured_media":0,"comment_status":"open","ping_status":"open","sticky":false,"template":"","format":"standard","meta":{"footnotes":""},"categories":[105],"tags":[],"class_list":["post-46352","post","type-post","status-publish","format-standard","hentry","category-gundem","odd"],"_links":{"self":[{"href":"http:\/\/www.korhanyilmaz.com\/index.php?rest_route=\/wp\/v2\/posts\/46352","targetHints":{"allow":["GET"]}}],"collection":[{"href":"http:\/\/www.korhanyilmaz.com\/index.php?rest_route=\/wp\/v2\/posts"}],"about":[{"href":"http:\/\/www.korhanyilmaz.com\/index.php?rest_route=\/wp\/v2\/types\/post"}],"author":[{"embeddable":true,"href":"http:\/\/www.korhanyilmaz.com\/index.php?rest_route=\/wp\/v2\/users\/1"}],"replies":[{"embeddable":true,"href":"http:\/\/www.korhanyilmaz.com\/index.php?rest_route=%2Fwp%2Fv2%2Fcomments&post=46352"}],"version-history":[{"count":0,"href":"http:\/\/www.korhanyilmaz.com\/index.php?rest_route=\/wp\/v2\/posts\/46352\/revisions"}],"wp:attachment":[{"href":"http:\/\/www.korhanyilmaz.com\/index.php?rest_route=%2Fwp%2Fv2%2Fmedia&parent=46352"}],"wp:term":[{"taxonomy":"category","embeddable":true,"href":"http:\/\/www.korhanyilmaz.com\/index.php?rest_route=%2Fwp%2Fv2%2Fcategories&post=46352"},{"taxonomy":"post_tag","embeddable":true,"href":"http:\/\/www.korhanyilmaz.com\/index.php?rest_route=%2Fwp%2Fv2%2Ftags&post=46352"}],"curies":[{"name":"wp","href":"https:\/\/api.w.org\/{rel}","templated":true}]}}