{"id":46340,"date":"2012-01-14T16:22:05","date_gmt":"2012-01-14T14:22:05","guid":{"rendered":"http:\/\/www.korhanyilmaz.com\/?p=46340"},"modified":"2012-01-14T22:23:02","modified_gmt":"2012-01-14T20:23:02","slug":"erdogan-sonuna-kadar-gidecegiz","status":"publish","type":"post","link":"http:\/\/www.korhanyilmaz.com\/?p=46340","title":{"rendered":"Erdo\u011fan: Sonuna kadar gidece\u011fiz"},"content":{"rendered":"<p style=\"text-align: center;\"><a href=\"http:\/\/www.korhanyilmaz.com\/wp-content\/uploads\/2012\/01\/9142.jpg\"  class=\"lightview\"><img loading=\"lazy\" decoding=\"async\" class=\"aligncenter  wp-image-46341\" src=\"http:\/\/www.korhanyilmaz.com\/wp-content\/uploads\/2012\/01\/9142.jpg\" alt=\"\" width=\"333\" height=\"191\" \/><\/a><\/p>\n<p style=\"text-align: justify;\">Ba\u015fbakan KCK operasyonlar\u0131n\u0131 savundu, CHP&#8217;lilerin fezleke tepkisini ele\u015ftirdi.<\/p>\n<p style=\"text-align: justify;\">\u0130STANBUL &#8211; Ba\u015fbakan Recep Tayyip Erdo\u011fan, Kad\u0131k\u00f6y Ayr\u0131l\u0131k \u00c7e\u015fmesi \u0130stasyonu&#8217;nda d\u00fczenlenen &#8221;Marmaray&#8217;da ilk ray kayna\u011f\u0131 t\u00f6reni&#8221;nde yapt\u0131\u011f\u0131 konu\u015fmada, KCK operasyonuyla ilgili \u015funlar\u0131 s\u00f6yledi:<\/p>\n<p style=\"text-align: justify;\">&#8221;\u015eu son g\u00fcnlerde bu KCK operasyonlar\u0131na y\u00f6nelik baz\u0131 kesimlerde rahats\u0131zl\u0131klar\u0131n oldu\u011funu g\u00f6r\u00fcyoruz duyuyoruz. Ben sevgili milletime sesleniyorum. \u00dclkemin d\u00f6rt bir yan\u0131ndaki sevgili milletime sesleniyorum.<!--more--><\/p>\n<p style=\"text-align: justify;\">Hangi etnik unsurdan olursa olsun t\u00fcm vatanda\u015flar\u0131ma sesleniyorum. Bu \u00fclke, ter\u00f6re bula\u015fan, ter\u00f6r\u00fcn i\u00e7inde olan ter\u00f6re yatakl\u0131k yapan kim olursa olsun, yasalar\u0131 \u00e7i\u011fneyen kim olursa olsun b\u00fct\u00fcn bunlara kar\u015f\u0131 biz, g\u00fcvenlik g\u00fc\u00e7leri, yarg\u0131n\u0131n vermi\u015f oldu\u011fu b\u00fct\u00fcn kararlara uygun bir \u015fekilde, hukukun \u00e7er\u00e7evesi i\u00e7erisinde bu ad\u0131mlar\u0131 ataca\u011f\u0131z, s\u00fcmenalt\u0131 etmeyece\u011fiz ge\u00e7mi\u015fte oldu\u011fu gibi. \u0130llegaliteye, asla \u00fclkemizde yer olmayacak. Biz her \u015feyi yerin \u00fcst\u00fcnde g\u00f6rmek istiyoruz. E\u011fer demokratik parlamenter sisteme inan\u0131yorlarsa o zaman parlamentonun \u00e7at\u0131s\u0131 alt\u0131nda bu m\u00fccadele hukuk \u00e7er\u00e7evesi i\u00e7erisinde y\u00fcr\u00fcmeli y\u00fcr\u00fcr, ama yer alt\u0131ndan bu i\u015fleri g\u00f6t\u00fcrmeye \u00e7al\u0131\u015f\u0131rsan\u0131z o zaman tabii ki kar\u015f\u0131n\u0131zda bu \u00fclkenin yarg\u0131s\u0131n\u0131 bulacaks\u0131n\u0131z tabii ki g\u00fcvenlik g\u00fc\u00e7lerini bulacaks\u0131n\u0131z.&#8221;<\/p>\n<p style=\"text-align: justify;\"><strong>\u2018T\u0130YATRO CHP\u2019N\u0130N \u0130\u00c7\u0130NDE\u2019<\/strong><\/p>\n<p style=\"text-align: justify;\">Ba\u015fbakan Erdo\u011fan, CHP lideri K\u0131l\u0131\u00e7daro\u011flu hakk\u0131ndaki fezleke hakk\u0131nda ise \u015funlar\u0131 kaydetti:<\/p>\n<p style=\"text-align: justify;\">\u201cBak\u0131yorsunuz bir tane fezlekeyle kahramanl\u0131k taslayanlar var. H\u00e2lbuki hakk\u0131nda 13 tane fezleke var. Sadece yarg\u0131ya hakaretten ayr\u0131ca daha \u00f6nce 3 tane fezleke var. Bundan \u00f6nce niye b\u00f6yle kahramanl\u0131k senaryolar\u0131 ortaya koymuyordun, ba\u011f\u0131r\u0131p \u00e7a\u011f\u0131r\u0131yordun da \u015fimdi bir fezleke ve bununla kahramanl\u0131k ortaya koyuyorsun? \u0130damdan bahsediyorsun, \u015fundan bahsediyorsun, bundan bahsediyorsun&#8230; Ve bak\u0131yorsunuz hemen kendi partilerinin i\u00e7indeki s\u0131k\u0131nt\u0131y\u0131 &#8216;acaba b\u00f6yle bir senaryoyla toparlayabilir miyiz?&#8217; anlay\u0131\u015f\u0131 ile sergilemeye, ortaya koymaya \u00e7al\u0131\u015f\u0131yorsunuz ve birileri de geliyor Meclis Ba\u015fkanl\u0131\u011f\u0131na y\u00fcr\u00fcyor. Bu da \u00e7ok komik. Herhalde bunlar\u0131n i\u00e7inde hukuktan nasibini alm\u0131\u015f olan insan da yok. Yahu dokunulmazl\u0131\u011f\u0131n kald\u0131r\u0131lmas\u0131 ile alakal\u0131 hakk\u0131n\u0131zda bir fezleke olmas\u0131 laz\u0131m. Sizin hepinizin hakk\u0131nda da fezleke mi var? Yok&#8230; Fezleke olmayanlar hangi dokunulmazl\u0131\u011f\u0131n kald\u0131r\u0131lmas\u0131n\u0131 istiyor? Mesele ne? Mesele \u015fu: Ondan sonra &#8216;Silivri&#8217;de Tiyatro&#8217; diyor. Silivri&#8217;de tiyatro yok, tiyatro Ana Muhalefetin Grubunun i\u00e7inde. Aramad\u0131\u011f\u0131n\u0131z kadar \u015fovmen var ve yapt\u0131klar\u0131 i\u015f de \u015fov. Bunu da milletimin bilmesi laz\u0131m.<\/p>\n<p style=\"text-align: justify;\">Yarg\u0131da sorunlar m\u0131 var? 9 y\u0131l boyunca \u00e7\u00f6zerek geldik, bundan sonra da \u00e7\u00f6zerek gelece\u011fe y\u00fcr\u00fcyece\u011fiz. Demokrasiye ili\u015fkin eksikler mi var? 9 y\u0131ld\u0131r bu eksikleri tamamlayarak geldik, gelece\u011fe de demokrasimizi m\u00fckemmelle\u015ftirerek ilerleyece\u011fiz. \u0130leri demokrasi derken bunu kastediyoruz.\u201d<\/p>\n<p style=\"text-align: justify;\"><strong>DENKTA\u015e VE LEFTER MESAJI<\/strong><\/p>\n<p style=\"text-align: justify;\">Ba\u015fbakan, hayat\u0131n\u0131 kaybeden KKTC&#8217;nin kurucu Cumhurba\u015fkan\u0131 Rauf Denkta\u015f&#8217;a Allah&#8217;tan rahmet diledi:<\/p>\n<p style=\"text-align: justify;\">\u201cAilesine, yak\u0131nlar\u0131na, KKTC&#8217;deki karde\u015flerimize ve aziz milletimize bu ac\u0131 kay\u0131ptan dolay\u0131 sab\u0131r ve ba\u015fsa\u011fl\u0131\u011f\u0131 mesajlar\u0131m\u0131 bir kez daha iletiyorum. Merhum Denkta\u015f, K\u0131br\u0131s&#8217;\u0131n varl\u0131k m\u00fccadelesinde, KKTC&#8217;nin kurulmas\u0131nda ve K\u0131br\u0131sl\u0131 karde\u015flerimizin haklar\u0131n\u0131n en g\u00fc\u00e7l\u00fc \u015fekilde savunulmas\u0131nda ger\u00e7ekten unutulmaz bir liderlik sergilemi\u015ftir. Onun y\u00fcr\u00fctt\u00fc\u011f\u00fc bu m\u00fccadele eminim ki KKTC&#8217;de ayn\u0131 a\u015fkla, ayn\u0131 kararl\u0131l\u0131kla s\u00fcrd\u00fcr\u00fclecektir. K\u0131br\u0131s&#8217;ta bar\u0131\u015f\u0131n, uzla\u015fman\u0131n, huzur ve istikrar\u0131n sa\u011flanabilmesi \u00f6zellikle K\u0131br\u0131s T\u00fcrklerinin haklar\u0131n\u0131n korunmas\u0131 i\u00e7in biz de ana vatan T\u00fcrkiye olarak bu davay\u0131 var g\u00fcc\u00fcm\u00fczle desteklemeye, K\u0131br\u0131s T\u00fcrk\u00fcn\u00fcn yan\u0131nda olmaya devam edece\u011fiz.\u201d<\/p>\n<p style=\"text-align: justify;\">Ba\u015fbakan Erdo\u011fan, Lefter K\u00fc\u00e7\u00fckandonyadis&#8217;in de d\u00fcn vefat etti\u011fini hat\u0131rlatarak, \u015f\u00f6yle devam etti:<\/p>\n<p style=\"text-align: justify;\">\u201cYine d\u00fcn kaybetti\u011fimiz T\u00fcrk futbolunun efsane ismi ve milli tak\u0131m\u0131m\u0131z\u0131n, Fenerbah\u00e7e futbol tak\u0131m\u0131n\u0131n unutulmaz oyuncusu, adeta futbolda ordinary\u00fcs s\u0131fat\u0131na lay\u0131k g\u00f6r\u00fclm\u00fc\u015f olan Lefter&#8217;e de \u00fclke olarak, millet olarak \u015f\u00fckran duygular\u0131m\u0131z\u0131 ifade ediyorum.\u201d<\/p>\n<p style=\"text-align: justify;\"><strong>\u2018MARMARAY B\u0130R D\u00dcNYA PROJES\u0130\u2019<\/strong><\/p>\n<p style=\"text-align: justify;\">Erdo\u011fan, Marmaray projesinin 2013 y\u0131l\u0131 sonunda tamamlanaca\u011f\u0131n\u0131 ve T\u00fcrkiye&#8217;yi d\u00fcnyada sekizinci, Avrupa&#8217;da alt\u0131nc\u0131 y\u00fcksek h\u0131zl\u0131 tren \u00fclkesi konumuna y\u00fckselttiklerini belirterek, &#8220;2013&#8217;\u00fcn sonunda proje tamamlanm\u0131\u015f olacak. Ankara Sivas projesi devam ediyor ihalesi yap\u0131ld\u0131, Ankara \u0130zmir projesi devam ediyor, Bursa projesi h\u0131zla ilerliyor. 2023 y\u0131l\u0131na kadar 10 bin kilometresi h\u0131zl\u0131 tren yolu olmak \u00fczere 14 bin kilometre demiryolu yapmak \u00fczere takvimimiz haz\u0131r, yol haritam\u0131z haz\u0131r. Kayna\u011f\u0131m\u0131z da haz\u0131r&#8221; dedi.<\/p>\n<p style=\"text-align: center;\"><a href=\"http:\/\/www.korhanyilmaz.com\/wp-content\/uploads\/2012\/01\/9143.jpg\"  class=\"lightview\"><img loading=\"lazy\" decoding=\"async\" class=\"aligncenter  wp-image-46346\" src=\"http:\/\/www.korhanyilmaz.com\/wp-content\/uploads\/2012\/01\/9143.jpg\" alt=\"\" width=\"406\" height=\"273\" \/><\/a><\/p>\n<p style=\"text-align: justify;\"><a href=\"http:\/\/www.ntvmsnbc.com\/id\/25314001\" target=\"_blank\">Kaynak : NTVMSNBC<\/a><\/p>\n","protected":false},"excerpt":{"rendered":"<p style=\"text-align: center;\">\n<p style=\"text-align: justify;\">Ba\u015fbakan KCK operasyonlar\u0131n\u0131 savundu, CHP&#8217;lilerin fezleke tepkisini ele\u015ftirdi.<\/p>\n<p style=\"text-align: justify;\">\u0130STANBUL &#8211; Ba\u015fbakan Recep Tayyip Erdo\u011fan, Kad\u0131k\u00f6y Ayr\u0131l\u0131k \u00c7e\u015fmesi \u0130stasyonu&#8217;nda d\u00fczenlenen &#8221;Marmaray&#8217;da ilk ray kayna\u011f\u0131 t\u00f6reni&#8221;nde yapt\u0131\u011f\u0131 konu\u015fmada, KCK operasyonuyla ilgili \u015funlar\u0131 s\u00f6yledi:<\/p>\n<p style=\"text-align: justify;\">&#8221;\u015eu son g\u00fcnlerde bu KCK operasyonlar\u0131na y\u00f6nelik baz\u0131 kesimlerde rahats\u0131zl\u0131klar\u0131n oldu\u011funu g\u00f6r\u00fcyoruz duyuyoruz. Ben sevgili <\/p>\n","protected":false},"author":1,"featured_media":0,"comment_status":"open","ping_status":"open","sticky":false,"template":"","format":"standard","meta":{"footnotes":""},"categories":[105],"tags":[],"class_list":["post-46340","post","type-post","status-publish","format-standard","hentry","category-gundem","odd"],"_links":{"self":[{"href":"http:\/\/www.korhanyilmaz.com\/index.php?rest_route=\/wp\/v2\/posts\/46340","targetHints":{"allow":["GET"]}}],"collection":[{"href":"http:\/\/www.korhanyilmaz.com\/index.php?rest_route=\/wp\/v2\/posts"}],"about":[{"href":"http:\/\/www.korhanyilmaz.com\/index.php?rest_route=\/wp\/v2\/types\/post"}],"author":[{"embeddable":true,"href":"http:\/\/www.korhanyilmaz.com\/index.php?rest_route=\/wp\/v2\/users\/1"}],"replies":[{"embeddable":true,"href":"http:\/\/www.korhanyilmaz.com\/index.php?rest_route=%2Fwp%2Fv2%2Fcomments&post=46340"}],"version-history":[{"count":0,"href":"http:\/\/www.korhanyilmaz.com\/index.php?rest_route=\/wp\/v2\/posts\/46340\/revisions"}],"wp:attachment":[{"href":"http:\/\/www.korhanyilmaz.com\/index.php?rest_route=%2Fwp%2Fv2%2Fmedia&parent=46340"}],"wp:term":[{"taxonomy":"category","embeddable":true,"href":"http:\/\/www.korhanyilmaz.com\/index.php?rest_route=%2Fwp%2Fv2%2Fcategories&post=46340"},{"taxonomy":"post_tag","embeddable":true,"href":"http:\/\/www.korhanyilmaz.com\/index.php?rest_route=%2Fwp%2Fv2%2Ftags&post=46340"}],"curies":[{"name":"wp","href":"https:\/\/api.w.org\/{rel}","templated":true}]}}