{"id":46322,"date":"2012-01-12T04:55:37","date_gmt":"2012-01-12T02:55:37","guid":{"rendered":"http:\/\/www.korhanyilmaz.com\/?p=46322"},"modified":"2012-01-14T11:35:29","modified_gmt":"2012-01-14T09:35:29","slug":"erdogan-abdnin-uc-beyi-gibi","status":"publish","type":"post","link":"http:\/\/www.korhanyilmaz.com\/?p=46322","title":{"rendered":"\u2018Erdo\u011fan ABD\u2019nin u\u00e7 beyi gibi\u2019"},"content":{"rendered":"<p style=\"text-align: justify;\"><a href=\"http:\/\/www.korhanyilmaz.com\/wp-content\/uploads\/2012\/01\/9139.jpg\"  class=\"lightview\"><img loading=\"lazy\" decoding=\"async\" class=\"aligncenter size-full wp-image-46323\" title=\"\" src=\"http:\/\/www.korhanyilmaz.com\/wp-content\/uploads\/2012\/01\/9139.jpg\" alt=\"\" width=\"350\" height=\"210\" \/><\/a><\/p>\n<p style=\"text-align: justify;\">Ba\u015fbakan Erdo\u011fan ve AKP\u2019de son g\u00fcnlerde Irak, Suriye ve \u0130ran hareketlili\u011fi ya\u015fan\u0131yor. CHP Hatay Milletvekili Refik Ery\u0131lmaz, Ba\u015fbakan Erdo\u011fan\u2019\u0131n \u201chep ABD gibi d\u00fc\u015f\u00fcnd\u00fc\u011f\u00fcn\u00fc\u201d belirtirken, \u0130\u015f\u00e7i Partisi Genel Ba\u015fkan Yard\u0131mc\u0131s\u0131 B\u00fclent Esino\u011flu, \u201cErdo\u011fan, ABD\u2019nin u\u00e7 beyi gibi\u201d ele\u015ftirisi yapt\u0131.<!--more--><\/p>\n<p style=\"text-align: justify;\">Ba\u015fbakan Tayyip Erdo\u011fan partisinin grup toplant\u0131s\u0131nda Irak ve Suriye konusundaki tutumunu a\u00e7\u0131klad\u0131. Erdo\u011fan, Suriye\u2019deki olaylar\u0131 bizzat Esad\u2019\u0131n t\u0131rmand\u0131rd\u0131\u011f\u0131n\u0131 \u00f6ne s\u00fcrd\u00fc. Suriye\u2019deki son sald\u0131r\u0131y\u0131 Esad kar\u015f\u0131tlar\u0131 yapmas\u0131na ra\u011fmen Esad\u2019\u0131 sorumlu tutan Erdo\u011fan\u2019\u0131n, ter\u00f6rist sald\u0131r\u0131lar\u0131 destekleyenlere hi\u00e7 ele\u015ftiri getirmemesi ve sald\u0131r\u0131larda T\u00fcrkiye\u2019nin rol\u00fc oldu\u011funa ili\u015fkin iddialara yan\u0131t vermemesi dikkat \u00e7ekti.<\/p>\n<p style=\"text-align: justify;\">Erdo\u011fan, Irak konusunda da g\u00f6r\u00fc\u015flerini a\u00e7\u0131klad\u0131. Irak\u2019ta gerilimin, yeniden had safhaya \u00e7\u0131kt\u0131\u011f\u0131n\u0131, siyasi krizin, kitlesel \u00f6l\u00fcmleri de beraberinde getirerek, soka\u011fa yans\u0131d\u0131\u011f\u0131n\u0131 g\u00f6rd\u00fcklerini ifade etti.<\/p>\n<p style=\"text-align: justify;\"><strong>Maliki\u2019yi su\u00e7lad\u0131\u00a0<\/strong><\/p>\n<p style=\"text-align: justify;\">Erdo\u011fan Irak y\u00f6netimini ele\u015ftirerek, \u201cNe yaz\u0131k ki siyasi irade, bu kanl\u0131 \u00e7at\u0131\u015fmalar\u0131n \u00f6n\u00fcn\u00fc kesecek ad\u0131mlar atmak yerine, gerilimi t\u0131rmand\u0131racak, etnik ve mezhebi ayr\u0131mc\u0131l\u0131\u011f\u0131 k\u00f6r\u00fckleyecek bir tutum izlemeye devam ediyor. D\u00fc\u015f\u00fcn\u00fcn ki kendi koalisyonu i\u00e7erisinde olan ortaklar\u0131n\u0131n, kendi h\u00fck\u00fcmetinin i\u00e7erisinde yer alan bakanlar\u0131n\u0131n evlerini, tanklarla, z\u0131rhl\u0131 ara\u00e7larla ku\u015fatan bir anlay\u0131\u015fla biz olumlu bir geli\u015fmeyi bekleyemeyiz. Bunu da ger\u00e7ekten bar\u0131\u015f istiyor, ger\u00e7ekten Irak\u2019\u0131n ayd\u0131nl\u0131k gelece\u011fini haz\u0131rl\u0131yor diye de\u011ferlendiremeyiz\u201d diye konu\u015ftu.<\/p>\n<p style=\"text-align: justify;\">Erdo\u011fan \u00f6nceki g\u00fcn Irak Ba\u015fbakan\u0131 Maliki ile bir telefon g\u00f6r\u00fc\u015fmesi de yaparak hakk\u0131nda tutuklama karar\u0131 \u00e7\u0131kar\u0131lan Cumhurba\u015fkan\u0131 Yard\u0131mc\u0131s\u0131 Ha\u015fimi ile ilgili karar\u0131n husumete d\u00f6n\u00fc\u015fmemesini istedi.<\/p>\n<p style=\"text-align: justify;\"><strong>\u2018AKP\u2019nin iktidar sebebi\u2019\u00a0<\/strong><\/p>\n<p style=\"text-align: justify;\">\u0130\u015f\u00e7i Partisi Genel Ba\u015fkan Yard\u0131mc\u0131s\u0131 B\u00fclent Esino\u011flu, Ba\u015fbakan Erdo\u011fan\u2019\u0131n iktidara geldi\u011fi g\u00fcnden beri ABD \u00e7\u0131karlar\u0131 i\u00e7in \u00e7al\u0131\u015ft\u0131\u011f\u0131n\u0131 belirterek, \u201cZaten ABD AKP\u2019yi bunun i\u00e7in iktidara getirdi. Irak\u2019\u0131n i\u015fgali \u00f6ncesinde T\u00fcrkiye\u2019deki H\u00fck\u00fcmetin y\u0131k\u0131larak, yerine AKP\u2019nin getirilmesi ABD operasyonudur. Irak\u2019\u0131n i\u015fgali ve sonras\u0131nda \u00f6ld\u00fcr\u00fclen 1,5 milyon M\u00fcsl\u00fcman\u0131n \u00f6l\u00fcm\u00fcnden Erdo\u011fan ve AKP de sorumludur. Erdo\u011fan\u2019\u0131n Amerikan askerleri i\u00e7in s\u00f6yledi\u011fi \u201ckahraman \u00e7ocuklar\u0131n\u0131z\u0131n anavatana en az kay\u0131pla d\u00f6nmesini umuyor ve dua ediyoruz\u201d s\u00f6zleri h\u00e2l\u00e2 haf\u0131zalardad\u0131r\u201d dedi. Erdo\u011fan\u2019\u0131n BOP\u2019daki g\u00f6revinin daha bitmedi\u011fini ve Irak ve Suriye\u2019de devam etti\u011fini ifade eden Esino\u011flu, \u201cErdo\u011fan ve H\u00fck\u00fcmeti T\u00fcrkiye\u2019nin ba\u015f\u0131n\u0131 belaya sokacak i\u015flerin i\u00e7inde. B\u00f6lgede Amerika\u2019n\u0131n u\u00e7 beyi gibi hareket ediyor. \u0130ran\u2019a kar\u015f\u0131 da sinsi bir d\u00fc\u015fmanl\u0131k i\u00e7inde. T\u00fcrkiye\u2019yi b\u00fct\u00fcn kom\u015fular\u0131yla d\u00fc\u015fman yapt\u0131lar\u201d diye konu\u015ftu.<\/p>\n<p style=\"text-align: justify;\"><strong>\u2018Erdo\u011fan hep Amerika gibi d\u00fc\u015f\u00fcn\u00fcyor\u2019\u00a0<\/strong><\/p>\n<p style=\"text-align: justify;\">CHP Hatay Milletvekili Refik Ery\u0131lmaz AKP\u2019nin Irak ve Suriye\u2019de Amerika ile ayn\u0131 tutumu almas\u0131n\u0131n dikkat \u00e7ekici oldu\u011funu kaydederek \u015funlar\u0131 s\u00f6yledi: \u201c\u015eu anda Irak\u2019ta ve Suriye\u2019de ya\u015fanan olaylara bakt\u0131\u011f\u0131m\u0131z zaman BOP haritas\u0131 \u00f6n\u00fcm\u00fcze \u00e7\u0131k\u0131yor. BOP\u2019un b\u00f6lgedeki son oyunlar\u0131 oynan\u0131yor. Irak\u2019ta ya\u015fanan krizin arkas\u0131ndaki g\u00fc\u00e7le Suriye muhalefetini destekleyen g\u00fc\u00e7 ayn\u0131. ABD ve \u0130srail ad\u0131na T\u00fcrkiye, Suudi Arabistan ve Katar ta\u015feronluk yap\u0131yor ve b\u00f6lgeye ciddi kaynak aktar\u0131yor. Erdo\u011fan ve AKP de nas\u0131l oluyorsa hep ABD gibi d\u00fc\u015f\u00fcn\u00fcyor. ABD talimat\u0131 olmadan yemek bile yemiyorlar. \u0130srail\u2019in g\u00fcvenli\u011fi ve ABD\u2019nin b\u00f6lgesel \u00e7\u0131karlar\u0131n\u0131n ta\u015feronu konumundalar. Ancak s\u00fcre\u00e7 devam ediyor. Bunun sonu T\u00fcrkiye\u2019nin de b\u00f6l\u00fcnmesidir. Barzani\u2019nin ba\u011f\u0131ms\u0131zl\u0131ktan s\u00f6z etmesi \u00f6nemli. B\u00f6lgede T\u00fcrkiye\u2019den ve ABD\u2019den ba\u015fka g\u00fcvencesi yok.\u201d<\/p>\n<p style=\"text-align: justify;\"><strong>ABD D\u0131\u015fi\u015fleri Bakan\u0131 Yard\u0131mc\u0131s\u0131 William Burns: \u0130ran konusunda T\u00fcrkiye ile birlikte \u00e7al\u0131\u015f\u0131yoruz\u00a0<\/strong><\/p>\n<p style=\"text-align: justify;\">ABD D\u0131\u015fi\u015fleri Bakan Yard\u0131mc\u0131s\u0131 Burns T\u00fcrkiye temaslar\u0131 ile ilgili olarak a\u00e7\u0131klama yapt\u0131. Burns, \u201cABD ve T\u00fcrkiye, \u0130ran\u2019\u0131n n\u00fckleer program\u0131 ile ilgili olarak ortak bir endi\u015feyi ve \u0130ran\u2019\u0131n n\u00fckleer bir silah \u00fcretmemesi ortak \u00e7\u0131kar\u0131n\u0131 payla\u015f\u0131yor\u201d diye konu\u015ftu. Burns, iki \u00fclkenin bu \u00e7er\u00e7evede birlikte \u00e7al\u0131\u015ft\u0131\u011f\u0131n\u0131 ifade etti. \u0130ran\u2019\u0131n n\u00fckleer program\u0131 ve \u0130ran\u2019\u0131n bir tehdit olup olmad\u0131\u011f\u0131 konular\u0131nda T\u00fcrkiye ile ABD\u2019nin politikalar\u0131n\u0131n ne kadar \u00f6rt\u00fc\u015ft\u00fc\u011f\u00fcn\u00fcn sorulmas\u0131 \u00fczerine de Burns, \u0130ran\u2019\u0131n n\u00fckleer silah \u00fcretme ihtimaline dair genel anlamda payla\u015f\u0131lan stratejik bir endi\u015fe bulundu\u011funa inand\u0131\u011f\u0131n\u0131 belirterek, \u201cHer iki \u00fclke de b\u00f6yle bir geli\u015fmenin \u00e7ok tehlikeli oldu\u011fu ve b\u00fct\u00fcn b\u00f6lgeyi istikrars\u0131zla\u015ft\u0131raca\u011f\u0131 konusunda tam anlam\u0131yla hemfikir\u201d de\u011ferlendirmesi yapt\u0131.<\/p>\n<p style=\"text-align: justify;\"><strong>Esad\u2019dan Erdo\u011fan\u2019a yan\u0131t\u00a0<\/strong><\/p>\n<p style=\"text-align: justify;\">Suriye Devlet Ba\u015fkan\u0131 Esad \u00f6nceki g\u00fcn yapt\u0131\u011f\u0131 a\u00e7\u0131klamada, isim vermeden Erdo\u011fan\u2019\u0131 ele\u015ftirdi. Esad, Erdo\u011fan\u2019\u0131n s\u0131k s\u0131k dile getirdi\u011fi, g\u00fcvenlik g\u00fc\u00e7lerine, sivillere ate\u015f etmeleri i\u00e7in talimat verdi\u011fi y\u00f6n\u00fcndeki haberleri yalanlayarak, \u201cBizler insanlar\u0131m\u0131za kar\u015f\u0131 sava\u015fm\u0131yoruz. Bu insanlar\u0131n arkas\u0131nda saklananlarla sava\u015f\u0131yoruz\u201d dedi.<\/p>\n<p style=\"text-align: justify;\"><a href=\"http:\/\/www.aydinlikgazete.com\/index.php?option=com_content&amp;view=article&amp;id=7578:erdoan-abdnin-uc-beyi-gibi&amp;catid=35:joomla&amp;Itemid=95\" target=\"_blank\">Kaynak : Ayd\u0131nl\u0131k Gazetesi<\/a><\/p>\n","protected":false},"excerpt":{"rendered":"<p style=\"text-align: justify;\">\n<p style=\"text-align: justify;\">Ba\u015fbakan Erdo\u011fan ve AKP\u2019de son g\u00fcnlerde Irak, Suriye ve \u0130ran hareketlili\u011fi ya\u015fan\u0131yor. CHP Hatay Milletvekili Refik Ery\u0131lmaz, Ba\u015fbakan Erdo\u011fan\u2019\u0131n \u201chep ABD gibi d\u00fc\u015f\u00fcnd\u00fc\u011f\u00fcn\u00fc\u201d belirtirken, \u0130\u015f\u00e7i Partisi Genel Ba\u015fkan Yard\u0131mc\u0131s\u0131 B\u00fclent Esino\u011flu, \u201cErdo\u011fan, ABD\u2019nin u\u00e7 beyi gibi\u201d ele\u015ftirisi yapt\u0131.<\/p>\n","protected":false},"author":1,"featured_media":0,"comment_status":"open","ping_status":"open","sticky":false,"template":"","format":"standard","meta":{"footnotes":""},"categories":[105],"tags":[],"class_list":["post-46322","post","type-post","status-publish","format-standard","hentry","category-gundem","odd"],"_links":{"self":[{"href":"http:\/\/www.korhanyilmaz.com\/index.php?rest_route=\/wp\/v2\/posts\/46322","targetHints":{"allow":["GET"]}}],"collection":[{"href":"http:\/\/www.korhanyilmaz.com\/index.php?rest_route=\/wp\/v2\/posts"}],"about":[{"href":"http:\/\/www.korhanyilmaz.com\/index.php?rest_route=\/wp\/v2\/types\/post"}],"author":[{"embeddable":true,"href":"http:\/\/www.korhanyilmaz.com\/index.php?rest_route=\/wp\/v2\/users\/1"}],"replies":[{"embeddable":true,"href":"http:\/\/www.korhanyilmaz.com\/index.php?rest_route=%2Fwp%2Fv2%2Fcomments&post=46322"}],"version-history":[{"count":0,"href":"http:\/\/www.korhanyilmaz.com\/index.php?rest_route=\/wp\/v2\/posts\/46322\/revisions"}],"wp:attachment":[{"href":"http:\/\/www.korhanyilmaz.com\/index.php?rest_route=%2Fwp%2Fv2%2Fmedia&parent=46322"}],"wp:term":[{"taxonomy":"category","embeddable":true,"href":"http:\/\/www.korhanyilmaz.com\/index.php?rest_route=%2Fwp%2Fv2%2Fcategories&post=46322"},{"taxonomy":"post_tag","embeddable":true,"href":"http:\/\/www.korhanyilmaz.com\/index.php?rest_route=%2Fwp%2Fv2%2Ftags&post=46322"}],"curies":[{"name":"wp","href":"https:\/\/api.w.org\/{rel}","templated":true}]}}