{"id":4632,"date":"2009-03-04T10:28:28","date_gmt":"2009-03-04T08:28:28","guid":{"rendered":"http:\/\/www.korhanyilmaz.com\/?p=4632"},"modified":"2009-03-04T10:28:28","modified_gmt":"2009-03-04T08:28:28","slug":"chp-nevruz-resmi-tatil-olsun","status":"publish","type":"post","link":"http:\/\/www.korhanyilmaz.com\/?p=4632","title":{"rendered":"CHP: Nevruz resmi tatil olsun"},"content":{"rendered":"<p><img loading=\"lazy\" decoding=\"async\" class=\"aligncenter size-full wp-image-4633\" title=\"CHP: Nevruz resmi tatil olsun\" src=\"http:\/\/www.korhanyilmaz.com\/wp-content\/uploads\/2009\/03\/nevruz_dede4.jpg\" alt=\"CHP: Nevruz resmi tatil olsun\" width=\"276\" height=\"180\" \/><\/p>\n<p style=\"text-align: justify;\">CHP, Nevruz ve 1 May\u0131s&#8217;\u0131n resmi tatil vasf\u0131na sahip bayram olarak kutlanmas\u0131 i\u00e7in yeti\u015firse bug\u00fcn, yeti\u015fmezse \u00f6n\u00fcm\u00fczdeki hafta yasa teklifi verecek. CHP lideri Baykal, &#8220;Nevruz ve 1 May\u0131s&#8217;\u0131n karde\u015f\u00e7e kutlanmas\u0131n\u0131n en g\u00fczel yolunun bu oldu\u011funu d\u00fc\u015f\u00fcn\u00fcyorum&#8221; dedi.<\/p>\n<p style=\"text-align: justify;\">CHP Genel Ba\u015fkan\u0131 Deniz Baykal, Nevruz&#8217;un ve 1 May\u0131s&#8217;\u0131n resmi tatil ilan edilmesi i\u00e7in gerekli t\u00fcm yasal giri\u015fimlerin ba\u015flat\u0131lmas\u0131 ve bu do\u011frultuda se\u00e7im tatiline giren TBMM&#8217;nin vakit ge\u00e7irmeden toplanmas\u0131 \u00e7a\u011fr\u0131s\u0131nda bulundu.<\/p>\n<p style=\"text-align: justify;\">Baykal, H\u00fcrriyet arac\u0131l\u0131\u011f\u0131yla yapt\u0131\u011f\u0131 \u00e7a\u011fr\u0131da, &#8220;T\u00fcrkiye art\u0131k anlams\u0131z bunal\u0131mlar\u0131n tuza\u011f\u0131na d\u00fc\u015fmekten kurtar\u0131lmal\u0131d\u0131r. Nevruz ve 1 May\u0131s toplumsal bir sahiplenme duygusuna sahiptir. Bu do\u011frultuda, her iki g\u00fcn\u00fcn de kutlanmas\u0131n\u0131n insan haklar\u0131na, demokrasiye, \u00fclkemizin b\u00f6l\u00fcnmez b\u00fct\u00fcnl\u00fc\u011f\u00fcne y\u00f6nelik ayk\u0131r\u0131 hi\u00e7 bir yan\u0131 yoktur&#8221; dedi.<!--more--><\/p>\n<p style=\"text-align: justify;\"><strong>Kucakla\u015fal\u0131m<\/strong><\/p>\n<p style=\"text-align: justify;\">CHP&#8217;nin &#8220;Bar\u0131\u015f, K\u00fcrt ve Proletarya A\u00e7\u0131l\u0131m\u0131&#8221; olarak nitelendirilen karar\u0131yla ilgili olarak Baykal, &#8220;Her iki g\u00fczel g\u00fcn\u00fc halk\u0131m\u0131z birer mutluluk kayna\u011f\u0131na d\u00f6n\u00fc\u015ft\u00fcrmektedir. Bir gerilim sendromu yaratmadan, derhal TBMM i\u00e7ine girdi\u011fi tatil ortam\u0131ndan \u00e7\u0131kart\u0131larak, gerekli kanuni karar\u0131 almal\u0131d\u0131r. Devlet, toplumuyla kucakla\u015fmal\u0131d\u0131r&#8221; diye konu\u015ftu. Nevruz ve 1 May\u0131s&#8217;\u0131n resmi tatil vasf\u0131na sahip bayram olarak kutlanmas\u0131 i\u00e7in CHP TBMM grup y\u00f6netiminin yeti\u015firse bug\u00fcn, yeti\u015fmezse \u00f6n\u00fcm\u00fczdeki hafta \u00e7ar\u015famba g\u00fcn\u00fc yasa teklifi verece\u011fini a\u00e7\u0131klayan Baykal, &#8220;Nevruz ve 1 May\u0131s&#8217;\u0131n karde\u015f\u00e7e kutlanmas\u0131n\u0131n en g\u00fczel yolunun bu oldu\u011funu d\u00fc\u015f\u00fcn\u00fcyorum&#8221; de\u011ferlendirmesini yapt\u0131.<\/p>\n<p style=\"text-align: justify;\"><strong>Zirvede karar<\/strong><\/p>\n<p style=\"text-align: justify;\">Baykal&#8217;\u0131n temellerine att\u0131\u011f\u0131 &#8220;Bar\u0131\u015f a\u00e7\u0131l\u0131m\u0131&#8221; karar\u0131, CHP&#8217;nin d\u00fcn ger\u00e7ekle\u015fen grup toplant\u0131s\u0131 sonras\u0131nda yap\u0131lan toplant\u0131da al\u0131nd\u0131. Baykal, \u0130stanbul \u0130l Ba\u015fkan\u0131 G\u00fcrsel Tekin ile Genel Sayman Mustafa \u00d6zy\u00fcrek ve Grup Ba\u015fkanvekili Hakk\u0131 S\u00fcha Okay ile yakla\u015f\u0131k bir saat s\u00fcren bir m\u00fczakere ger\u00e7ekle\u015ftirdi.<\/p>\n<p style=\"text-align: justify;\"><strong>Tekin&#8217;in etkisi<\/strong><\/p>\n<p style=\"text-align: justify;\">CHP&#8217;nin bu a\u00e7\u0131l\u0131m\u0131nda da \u0130stanbul \u0130l Ba\u015fkan\u0131 G\u00fcrsel Tekin&#8217;in \u00f6nemli rol\u00fc oldu. D\u00fcn Ankara&#8217;ya giden Tekin, CHP grup toplant\u0131s\u0131 sonras\u0131nda Baykal ile yakla\u015f\u0131k bir saat ba\u015f ba\u015fa g\u00f6r\u00fc\u015ft\u00fc. Tekin, konuyu Baykal&#8217;a a\u00e7arak, &#8220;\u0130stanbul&#8217;da yakla\u015f\u0131k 1.5 milyon K\u00fcrt vatanda\u015f\u0131m\u0131z var. Projelerimizin hemen hemen t\u00fcm\u00fcne olumlu yakla\u015f\u0131yorlar ve destek verme iste\u011fi i\u00e7indeler. Ancak, bu vatanda\u015flar\u0131m\u0131z\u0131n g\u00fcndelik hayatlar\u0131yla ilgili en \u00f6nemli taleplerinin ba\u015f\u0131nda, CHP&#8217;nin Nevruz&#8217;la ilgili tavr\u0131n\u0131n netle\u015ftirmesi geliyor. Karar\u0131m\u0131z\u0131 netle\u015ftirirsek, bizimle birlikte olurlar&#8221; g\u00f6r\u00fc\u015f\u00fcn\u00fc de iletti.<\/p>\n<p style=\"text-align: justify;\"><strong>Maganda denmezse ne denir<\/strong><\/p>\n<p style=\"text-align: justify;\">Baykal, Ba\u015fbakan Erdo\u011fan&#8217;\u0131n dava a\u00e7mas\u0131na neden olan &#8220;Maganda \u00fcslubu ba\u015fbakana yak\u0131\u015fm\u0131yor&#8221; s\u00f6zleri i\u00e7in &#8220;\u015eahsiyetiyle ilgili bir niteleme yapmad\u0131m&#8221; dedi. Baykal, d\u00fcnk\u00fc grupta \u015funlar\u0131 s\u00f6yledi: &#8220;Ba\u015fbakan\u0131n \u00fcslubuyla ilgili yapt\u0131\u011f\u0131m de\u011ferlendirmenin hakl\u0131l\u0131\u011f\u0131 hakk\u0131nda zerre kadar teredd\u00fct etmiyorum. O bize neler s\u00f6yledi. &#8216;CHP&#8217;nin cibilliyeti yok&#8217; dedi. Arkas\u0131ndan &#8216;Bunlar mezhepsizdir&#8217; dedi. Dahas\u0131, &#8216;Al\u00e7ak ve \u015ferefsiz&#8217; laflar\u0131 diline pelesenk. Bu \u00fcsluba maganda \u00fcslubu demekten daha do\u011fru ne olabilir?<\/p>\n<p style=\"text-align: justify;\"><span style=\"color: #888888;\">Kaynak : H\u00fcrriyet Gazetesi<\/span><\/p>\n","protected":false},"excerpt":{"rendered":"<\/p>\n<p style=\"text-align: justify;\">CHP, Nevruz ve 1 May\u0131s&#8217;\u0131n resmi tatil vasf\u0131na sahip bayram olarak kutlanmas\u0131 i\u00e7in yeti\u015firse bug\u00fcn, yeti\u015fmezse \u00f6n\u00fcm\u00fczdeki hafta yasa teklifi verecek. CHP lideri Baykal, &#8220;Nevruz ve 1 May\u0131s&#8217;\u0131n karde\u015f\u00e7e kutlanmas\u0131n\u0131n en g\u00fczel yolunun bu oldu\u011funu d\u00fc\u015f\u00fcn\u00fcyorum&#8221; dedi.<\/p>\n<p style=\"text-align: justify;\">CHP Genel Ba\u015fkan\u0131 Deniz Baykal, Nevruz&#8217;un ve 1 May\u0131s&#8217;\u0131n resmi tatil ilan edilmesi <\/p>\n","protected":false},"author":1,"featured_media":0,"comment_status":"open","ping_status":"closed","sticky":false,"template":"","format":"standard","meta":{"footnotes":""},"categories":[105],"tags":[],"class_list":["post-4632","post","type-post","status-publish","format-standard","hentry","category-gundem","odd"],"_links":{"self":[{"href":"http:\/\/www.korhanyilmaz.com\/index.php?rest_route=\/wp\/v2\/posts\/4632","targetHints":{"allow":["GET"]}}],"collection":[{"href":"http:\/\/www.korhanyilmaz.com\/index.php?rest_route=\/wp\/v2\/posts"}],"about":[{"href":"http:\/\/www.korhanyilmaz.com\/index.php?rest_route=\/wp\/v2\/types\/post"}],"author":[{"embeddable":true,"href":"http:\/\/www.korhanyilmaz.com\/index.php?rest_route=\/wp\/v2\/users\/1"}],"replies":[{"embeddable":true,"href":"http:\/\/www.korhanyilmaz.com\/index.php?rest_route=%2Fwp%2Fv2%2Fcomments&post=4632"}],"version-history":[{"count":0,"href":"http:\/\/www.korhanyilmaz.com\/index.php?rest_route=\/wp\/v2\/posts\/4632\/revisions"}],"wp:attachment":[{"href":"http:\/\/www.korhanyilmaz.com\/index.php?rest_route=%2Fwp%2Fv2%2Fmedia&parent=4632"}],"wp:term":[{"taxonomy":"category","embeddable":true,"href":"http:\/\/www.korhanyilmaz.com\/index.php?rest_route=%2Fwp%2Fv2%2Fcategories&post=4632"},{"taxonomy":"post_tag","embeddable":true,"href":"http:\/\/www.korhanyilmaz.com\/index.php?rest_route=%2Fwp%2Fv2%2Ftags&post=4632"}],"curies":[{"name":"wp","href":"https:\/\/api.w.org\/{rel}","templated":true}]}}