{"id":46311,"date":"2012-01-13T20:57:28","date_gmt":"2012-01-13T18:57:28","guid":{"rendered":"http:\/\/www.korhanyilmaz.com\/?p=46311"},"modified":"2012-01-14T03:18:19","modified_gmt":"2012-01-14T01:18:19","slug":"fenerbahceli-lefter-hayatini-kaybetti","status":"publish","type":"post","link":"http:\/\/www.korhanyilmaz.com\/?p=46311","title":{"rendered":"Fenerbah\u00e7eli Lefter hayat\u0131n\u0131 kaybetti"},"content":{"rendered":"<p style=\"text-align: center;\"><a href=\"http:\/\/www.korhanyilmaz.com\/wp-content\/uploads\/2012\/01\/9137.jpg\"  class=\"lightview\"><img loading=\"lazy\" decoding=\"async\" class=\" wp-image-46312 aligncenter\" src=\"http:\/\/www.korhanyilmaz.com\/wp-content\/uploads\/2012\/01\/9137.jpg\" alt=\"\" width=\"346\" height=\"229\" \/><\/a><\/p>\n<p style=\"text-align: justify;\">Sar\u0131-lacivertli kul\u00fcb\u00fcn efsanevi oyuncusu Lefter K\u00fc\u00e7\u00fckandonyadis, zat\u00fcrre te\u015fhisiyle kald\u0131r\u0131ld\u0131\u011f\u0131 hastanede hayat\u0131n\u0131 kaybetti.<\/p>\n<p style=\"text-align: justify;\">\u0130STANBUL \u2013 Bu hafta ba\u015f\u0131nda zat\u00fcrre te\u015fhisiyle yo\u011fun bak\u0131ma al\u0131nan, Fenerbah\u00e7e Kul\u00fcb\u00fc&#8217;n\u00fcn efsanevi oyuncular\u0131ndan Lefter K\u00fc\u00e7\u00fckandonyadis hayat\u0131n\u0131 kaybetti.<\/p>\n<p style=\"text-align: justify;\">Fenerbah\u00e7e&#8217;nin efsanevi futbolcusu Lefter K\u00fc\u00e7\u00fckandonyadis, tedavi g\u00f6rd\u00fc\u011f\u00fc hastanede hayat\u0131n\u0131 kaybetti.\u00a0<!--more--><\/p>\n<p style=\"text-align: justify;\">Rahats\u0131zl\u0131\u011f\u0131 nedeniyle 9 Ocak Pazartesi g\u00fcn\u00fc Amerikan Hastanesi&#8217;ne kald\u0131r\u0131lan ve zat\u00fcrre te\u015fhisiyle yo\u011fun bak\u0131m \u00fcnitesinde tedavi alt\u0131na al\u0131nan Lefter, saat 20.0O s\u0131ralar\u0131nda vefat etti.<\/p>\n<p style=\"text-align: justify;\">Fenerbah\u00e7e Kul\u00fcb\u00fc, internet sitesinde \u201cCamiam\u0131z\u0131n ac\u0131 kayb\u0131\u201d ba\u015fl\u0131\u011f\u0131yla yap\u0131lan a\u00e7\u0131klamada, \u015f\u00f6yle denildi:<\/p>\n<p style=\"text-align: justify;\">\u201c105 y\u0131ll\u0131k Fenerbah\u00e7e Kul\u00fcb\u00fc tarihinin gelmi\u015f ge\u00e7mi\u015f en b\u00fcy\u00fck ve sembol sporcular\u0131ndan biri olan de\u011ferli b\u00fcy\u00fc\u011f\u00fcm\u00fcz Lefter K\u00fc\u00e7\u00fckandonyadis&#8217;i kaybetmi\u015f bulunuyoruz.<\/p>\n<p style=\"text-align: justify;\">Bir s\u00fcredir rahats\u0131zl\u0131\u011f\u0131 nedeniyle hastanede tedavi g\u00f6ren de\u011ferli b\u00fcy\u00fc\u011f\u00fcm\u00fcz bu ak\u015fam saatlerinde hayata g\u00f6zlerini yummu\u015ftur. Kendisine Allah&#8217;tan rahmet, ailesi, t\u00fcm camiam\u0131z ve spor kamuoyuna ba\u015fsa\u011fl\u0131\u011f\u0131 diliyoruz.\u201d<\/p>\n<p style=\"text-align: justify;\"><strong>FENERBAH\u00c7E&#8217;DE 1947-1964 YILLARINDA FORMA G\u0130YD\u0130<\/strong><\/p>\n<p style=\"text-align: justify;\">Lefter K\u00fc\u00e7\u00fckandonyadis, 22 Aral\u0131k 1925&#8217;te \u0130stanbul&#8217;da do\u011fdu.<\/p>\n<p style=\"text-align: justify;\">Fenerbah\u00e7e&#8217;de 1947-1964 y\u0131llar\u0131 aras\u0131nda forma giyen Lefter, sar\u0131-lacivertlilerde \u0130stanbul Profesyonel Ligi&#8217;nde 2, T\u00fcrkiye \u015eampiyonas\u0131&#8217;nda ise 3 kez \u015fampiyonluk ya\u015fad\u0131.<\/p>\n<p style=\"text-align: justify;\">Kariyerinde 832 gol atan efsane futbolcu, Fenerbah\u00e7e formas\u0131yla \u00e7\u0131kt\u0131\u011f\u0131 615 ma\u00e7ta 423 gol kaydederken, \u0130stanbul Ligi&#8217;nde 1953-1954 sezonunda gol kral\u0131 oldu.<\/p>\n<p style=\"text-align: justify;\">50 kez de milli formay\u0131 giyen \u201cOrdinary\u00fcs\u201d lakapl\u0131 Lefter K\u00fc\u00e7\u00fckandonyadis, ayr\u0131ca yurt d\u0131\u015f\u0131nda \u0130talya&#8217;n\u0131n Fiorentina ve Fransa&#8217;n\u0131n Nice tak\u0131mlar\u0131nda oynad\u0131. Lefter bir sene de Johannesburg&#8217;da antren\u00f6r futbolcu olarak g\u00f6rev yapt\u0131.<\/p>\n<p style=\"text-align: justify;\">Lefter, futbolu 1965-66 sezonunda b\u0131rakt\u0131ktan sonra Samsunspor, Boluspor, Orduspor, Sivasspor, Mersinspor&#8217;da teknik direkt\u00f6rl\u00fck yapt\u0131.<\/p>\n<p style=\"text-align: justify;\"><strong>LEFTER\u2019DEN VAS\u0130YET G\u0130B\u0130 MEKTUP<\/strong><\/p>\n<p style=\"text-align: justify;\">Lefter, \u015fike davas\u0131nda tutuklu yarg\u0131lanan Fenerbah\u00e7e Ba\u015fkan\u0131 Aziz Y\u0131ld\u0131r\u0131m\u2019a bir mektup yazm\u0131\u015f ve Fenerbah\u00e7e\u2019ye haks\u0131zl\u0131k yap\u0131ld\u0131\u011f\u0131n\u0131 d\u00fc\u015f\u00fcnd\u00fc\u011f\u00fcn\u00fc s\u00f6ylemi\u015fti. Lefterin duygu y\u00fckl\u00fc mektubunu H\u00fcrriyet gazetesi yazar\u0131 Ertu\u011frul \u00d6zk\u00f6k 12 ocak per\u015fembe g\u00fcnk\u00fc k\u00f6\u015fesinden \u2018Hi\u00e7bir \u015fey bana o mektup kadar koymad\u0131\u2019 ba\u015fl\u0131\u011f\u0131yla yorumlam\u0131\u015ft\u0131.<\/p>\n<p style=\"text-align: justify;\">\u0130\u015fte \u00d6zk\u00f6k\u2019\u00fcn yaz\u0131s\u0131ndan ilgili b\u00f6l\u00fcm:<\/p>\n<p style=\"text-align: justify;\">Hi\u00e7bir \u015fey bana o mektup kadar koymad\u0131. \u00c7\u00fcnk\u00fc o benim \u00e7ocukluk hayallerimin 3 idol\u00fcnden biri. O, Lefter K\u00fc\u00e7\u00fckandonyadis&#8230;<\/p>\n<p style=\"text-align: justify;\">Can Bartu ve Metin Oktay\u2019la birlikte b\u00fct\u00fcn bir \u00e7ocukluk ve delikanl\u0131l\u0131k hayat\u0131ma damgas\u0131n\u0131 vuran insan o. Kim bilir ka\u00e7 defalar, \u0130zmir\u2019in Alsancak Stad\u0131\u2019n\u0131n kap\u0131s\u0131nda onun ma\u00e7tan \u00e7\u0131k\u0131\u015f\u0131n\u0131 beklemi\u015fim.<\/p>\n<p style=\"text-align: justify;\">Stat kap\u0131s\u0131ndan otob\u00fcs kap\u0131s\u0131na kadar ge\u00e7ecek o 5-10 saniyede onu g\u00f6rebilmek, ona \u00fc\u00e7-be\u015f metre yak\u0131ndan bakabilmek i\u00e7in. \u015eimdi o insan cezaevindeki Fenerbah\u00e7e Ba\u015fkan\u0131 Aziz Y\u0131ld\u0131r\u0131m\u2019a yaz\u0131yor.<\/p>\n<p style=\"text-align: justify;\">Aziz Y\u0131ld\u0131r\u0131m cezaevine girmi\u015f, o ise a\u011f\u0131r bir hastal\u0131k i\u00e7in hastaneye giriyor. \u201cFenerbah\u00e7e\u2019ye ve sana haks\u0131zl\u0131k yap\u0131ld\u0131\u011f\u0131n\u0131 d\u00fc\u015f\u00fcn\u00fcyorum\u201d diyor. \u201cBunlar\u0131 senin yan\u0131na gelip s\u00f6ylemek isterdim, ama doktorum izin vermiyor\u201d diyor. \u201cBen Fenerbah\u00e7e\u2019ye bu formay\u0131 giyerek hizmet ettim, sen ise ba\u015fkan olarak inan\u0131lmaz i\u015fler ba\u015fard\u0131n\u201d diyor. Ve biti\u015fteki o h\u00fcz\u00fcnl\u00fc, o a\u011f\u0131r h\u00fcz\u00fcnl\u00fc veda c\u00fcmleleri:<\/p>\n<p style=\"text-align: justify;\">\u201cNe kadar \u00f6mr\u00fcm kald\u0131 bilemem.\u201d<\/p>\n<p style=\"text-align: justify;\">\u201cHakk\u0131n\u0131 helal et. Bu yeter benim i\u00e7in&#8230;\u201d<\/p>\n<p style=\"text-align: justify;\">\u00c7ocuklu\u011fumun, hayallerimin, kendimi Fenerbah\u00e7e formas\u0131 i\u00e7inde seyredip iftihar etti\u011fim g\u00fcnlerin b\u00fcy\u00fck kahraman\u0131&#8230; Lefter K\u00fc\u00e7\u00fckandonyadis&#8230; Adan\u0131n sessiz insan\u0131&#8230; Futbolun sufi bilgesi&#8230;<\/p>\n<p style=\"text-align: justify;\">D\u00fcn bu mektubu defalarca okudum&#8230; Hi\u00e7bir \u015fey bana bu mektup kadar koymad\u0131. O ya\u015fta a\u011f\u0131r bir zat\u00fcrreeden hastaneye giriyordu. Ve ben okuduk\u00e7a, o mektup h\u00fcz\u00fcnl\u00fc bir vasiyete d\u00f6n\u00fc\u015f\u00fcyordu. Defalarca okudum&#8230; Defalarca a\u011flad\u0131m&#8230; Hissettim ki, Fenerbah\u00e7e bu mektubu hi\u00e7 unutmaz&#8230;<\/p>\n<p style=\"text-align: justify;\">\u00c7\u00fcnk\u00fc onu Lefter yazd\u0131&#8230;<\/p>\n<p style=\"text-align: justify;\">Aykut Hoca, Alex sevgili karde\u015fim&#8230; Bu mektubu siz de okuyun. Okuyun ve dayan\u0131n&#8230; Biriniz saha kenar\u0131nda, di\u011feriniz sahan\u0131n i\u00e7inde&#8230; Her ikiniz birden soyunma odas\u0131nda&#8230; Dayan\u0131n&#8230; Bitecek&#8230; B\u00f6ylesine a\u011f\u0131r bir haks\u0131zl\u0131k, s\u00fcr\u00fcp gidemez&#8230; Hak mutlaka yerini bulur. Bulacak.<\/p>\n<p style=\"text-align: justify;\"><a href=\"http:\/\/www.radikal.com.tr\/Radikal.aspx?aType=RadikalDetayV3&amp;ArticleID=1075535&amp;CategoryID=84\" target=\"_blank\">Kaynak : Radikal.com.tr<\/a><\/p>\n","protected":false},"excerpt":{"rendered":"<p style=\"text-align: center;\">\n<p style=\"text-align: justify;\">Sar\u0131-lacivertli kul\u00fcb\u00fcn efsanevi oyuncusu Lefter K\u00fc\u00e7\u00fckandonyadis, zat\u00fcrre te\u015fhisiyle kald\u0131r\u0131ld\u0131\u011f\u0131 hastanede hayat\u0131n\u0131 kaybetti.<\/p>\n<p style=\"text-align: justify;\">\u0130STANBUL \u2013 Bu hafta ba\u015f\u0131nda zat\u00fcrre te\u015fhisiyle yo\u011fun bak\u0131ma al\u0131nan, Fenerbah\u00e7e Kul\u00fcb\u00fc&#8217;n\u00fcn efsanevi oyuncular\u0131ndan Lefter K\u00fc\u00e7\u00fckandonyadis hayat\u0131n\u0131 kaybetti.<\/p>\n<p style=\"text-align: justify;\">Fenerbah\u00e7e&#8217;nin efsanevi futbolcusu Lefter K\u00fc\u00e7\u00fckandonyadis, tedavi g\u00f6rd\u00fc\u011f\u00fc hastanede hayat\u0131n\u0131 kaybetti. <\/p>\n","protected":false},"author":1,"featured_media":0,"comment_status":"open","ping_status":"open","sticky":false,"template":"","format":"standard","meta":{"footnotes":""},"categories":[105,42],"tags":[642],"class_list":["post-46311","post","type-post","status-publish","format-standard","hentry","category-gundem","category-spor","tag-lefter-kucukandonyadis","odd"],"_links":{"self":[{"href":"http:\/\/www.korhanyilmaz.com\/index.php?rest_route=\/wp\/v2\/posts\/46311","targetHints":{"allow":["GET"]}}],"collection":[{"href":"http:\/\/www.korhanyilmaz.com\/index.php?rest_route=\/wp\/v2\/posts"}],"about":[{"href":"http:\/\/www.korhanyilmaz.com\/index.php?rest_route=\/wp\/v2\/types\/post"}],"author":[{"embeddable":true,"href":"http:\/\/www.korhanyilmaz.com\/index.php?rest_route=\/wp\/v2\/users\/1"}],"replies":[{"embeddable":true,"href":"http:\/\/www.korhanyilmaz.com\/index.php?rest_route=%2Fwp%2Fv2%2Fcomments&post=46311"}],"version-history":[{"count":0,"href":"http:\/\/www.korhanyilmaz.com\/index.php?rest_route=\/wp\/v2\/posts\/46311\/revisions"}],"wp:attachment":[{"href":"http:\/\/www.korhanyilmaz.com\/index.php?rest_route=%2Fwp%2Fv2%2Fmedia&parent=46311"}],"wp:term":[{"taxonomy":"category","embeddable":true,"href":"http:\/\/www.korhanyilmaz.com\/index.php?rest_route=%2Fwp%2Fv2%2Fcategories&post=46311"},{"taxonomy":"post_tag","embeddable":true,"href":"http:\/\/www.korhanyilmaz.com\/index.php?rest_route=%2Fwp%2Fv2%2Ftags&post=46311"}],"curies":[{"name":"wp","href":"https:\/\/api.w.org\/{rel}","templated":true}]}}