{"id":46297,"date":"2012-01-12T08:28:07","date_gmt":"2012-01-12T06:28:07","guid":{"rendered":"http:\/\/www.korhanyilmaz.com\/?p=46297"},"modified":"2019-09-09T22:20:33","modified_gmt":"2019-09-09T19:20:33","slug":"langir-lungur","status":"publish","type":"post","link":"http:\/\/www.korhanyilmaz.com\/?p=46297","title":{"rendered":"Lan\u2019g\u0131r lungur"},"content":{"rendered":"<div id=\"attachment_37365\" style=\"width: 100px\" class=\"wp-caption alignright\"><img loading=\"lazy\" decoding=\"async\" aria-describedby=\"caption-attachment-37365\" class=\" wp-image-37365 \" title=\"Y\u0131lmaz \u00d6zdil - H\u00fcrriyet Gazetesi\" src=\"http:\/\/www.korhanyilmaz.com\/wp-content\/uploads\/2011\/07\/257.jpg\" alt=\"\" width=\"90\" height=\"96\" \/><p id=\"caption-attachment-37365\" class=\"wp-caption-text\">Y\u0131lmaz \u00d6zdil<\/p><\/div>\n<p><span style=\"color: #993300;\"><strong><span style=\"font-size: medium;\">\u201cBir g\u00fcnl\u00fck adalet&#8230;<\/span><\/strong><\/span><\/p>\n<p><span style=\"color: #993300;\"><strong><span style=\"font-size: medium;\">60 y\u0131ll\u0131k ibadetten faziletlidir\u201d<\/span><\/strong><\/span><\/p>\n<p><span style=\"font-size: medium; color: #000080;\"><strong>Hazreti Muhammed.<\/strong><\/span><\/p>\n<p style=\"text-align: justify;\">*<\/p>\n<p style=\"text-align: justify;\"><strong>\u201cBir ki\u015fiye yap\u0131lan haks\u0131zl\u0131k, t\u00fcm topluma yap\u0131lan tehdittir\u201d <\/strong>Montesquieu&#8230; <strong>\u201cAdalet kutup y\u0131ld\u0131z\u0131 gibi yerinde durur, geriye kalan her \u015fey onun etraf\u0131nda d\u00f6ner\u201d <\/strong>Konf\u00fc\u00e7yus&#8230; <strong>\u201cAdalet devletten gelmeli\u201d <\/strong>Aristo&#8230; <strong>\u201cAdalet olmadan d\u00fczen olmaz\u201d<\/strong> Camus&#8230; <strong>\u201cAdaletsizli\u011fi i\u015fleyen, \u00e7ekenden sefildir\u201d <\/strong>Eflatun&#8230;\u00a0<strong>\u201cH\u00fck\u00fcmdar k\u00f6yl\u00fcden haks\u0131z yere yumurta al\u0131rsa, adamlar\u0131 b\u00fct\u00fcn tavuklar\u0131 al\u0131r\u201d<\/strong> Sadi&#8230; <strong>\u201cYasama y\u00fcr\u00fctme yarg\u0131 i\u00e7 i\u00e7e ge\u00e7mi\u015fse, anayasa yok demektir\u201d <\/strong>Rousseau&#8230; <strong>\u201cAdalet ortadan kalkarsa, insana de\u011fer verecek hi\u00e7bir \u015fey kalmaz\u201d<\/strong> Kant&#8230; \u201c<strong>Adaletsiz g\u00fc\u00e7, zalimdir\u201d <\/strong>Pascal&#8230; <strong>\u201c\u00d6zg\u00fcrl\u00fc\u011f\u00fcn tek yolu hukuktur\u201d<\/strong> \u00c7i\u00e7ero&#8230; <strong>\u201c\u0130\u015fkencenin en k\u00f6t\u00fcs\u00fc, yasayla yap\u0131lan\u0131d\u0131r\u201d <\/strong>Bacon&#8230; <strong>\u201cHaks\u0131zl\u0131k yap\u0131p, herkesle birlikte olmaktansa, adaletli davran\u0131p, tek ba\u015f\u0131na kalmak daha iyidir\u201d <\/strong>Gandhi&#8230; <strong>\u201cDemokrasi, kamu makamlar\u0131n\u0131n hukuka uymak y\u00fck\u00fcml\u00fcl\u00fc\u011f\u00fcn\u00fc ve adaletin yans\u0131z \u015fekilde da\u011f\u0131t\u0131lmas\u0131n\u0131 zorunlu k\u0131lar\u201d <\/strong>Paris \u015eart\u0131&#8230; <strong>\u201cHukuk, ancak kaybetti\u011fimizi anlad\u0131\u011f\u0131m\u0131z zaman de\u011ferinin fark\u0131na vard\u0131\u011f\u0131m\u0131z sa\u011fl\u0131k gibidir\u201d<\/strong> Calamanderi&#8230; <strong>\u201cAdalet m\u00fclk\u00fcn temelidir\u201d <\/strong>Nizam\u00fclm\u00fclk&#8230; <strong>\u201cKral olmas\u0131na kral\u0131m, bundan ku\u015fku yok ama, her akl\u0131ma geleni yapamam ya\u201d <\/strong>2\u2019nci Ferdinand&#8230; <strong>\u201cMedeniyetin ilk \u015fart\u0131 adalettir\u201d<\/strong> Freud&#8230; <strong>\u201cAdalet kanunlarla sa\u011flanamaz, adalet insan ruhundad\u0131r\u201d<\/strong> Whitman&#8230; <strong>\u201cAdaleti geciktirmeyece\u011fiz\u201d <\/strong>Magna Carta&#8230; <strong>\u201cYarg\u0131\u00e7lar\u0131n nihai hakem oldu\u011funu d\u00fc\u015f\u00fcnmek, tehlikeli bir doktrindir, despotizme g\u00f6t\u00fcr\u00fcr\u201d <\/strong>Thomas Jefferson&#8230; <strong>\u201cAdalet b\u00fct\u00fcn ahlaki g\u00f6revlerin toplam\u0131d\u0131r\u201d<\/strong> William Godwin&#8230;<strong> \u201c\u0130nsan\u0131n, adil yasalara itaat etme gibi yasal ve ahlaki sorumlulu\u011fu vard\u0131r, ayn\u0131 \u015fekilde, adil olmayan yasalara itaat etmeme gibi sorumlulu\u011fu da olmal\u0131d\u0131r\u201d <\/strong>Martin Luther King&#8230; <strong>\u201cAdaletsizli\u011fi engelleyecek g\u00fcc\u00fcn\u00fcz\u00fcn olmad\u0131\u011f\u0131 zamanlar olabilir, fakat, itiraz etmeyi beceremedi\u011finiz bir zaman asla olmamal\u0131\u201d <\/strong>Elie Wiesel.<\/p>\n<p style=\"text-align: justify;\">*<\/p>\n<p style=\"text-align: justify;\"><span style=\"background-color: #ffffff;\"><strong>\u201c<span style=\"text-decoration: underline; color: #000000;\">Bana ne lan, git savc\u0131ya s\u00f6yle, ats\u0131n i\u00e7eri<\/span>\u201d<\/strong> <a href=\"https:\/\/www.tbmm.gov.tr\/develop\/owa\/milletvekillerimiz_sd.bilgi?p_donem=24&amp;p_sicil=6274\" target=\"_blank\" rel=\"noopener noreferrer\">Burhan Kuzu<\/a>.<\/span><\/p>\n<p style=\"text-align: justify;\"><a href=\"http:\/\/www.hurriyet.com.tr\/yazarlar\/19671684.asp\" target=\"_blank\" rel=\"noopener noreferrer\">Kaynak : H\u00fcrriyet.com.tr<\/a><\/p>\n","protected":false},"excerpt":{"rendered":"<p id=\"caption-attachment-37365\" class=\"wp-caption-text\">Y\u0131lmaz \u00d6zdil<\/p>\n<p>\u201cBir g\u00fcnl\u00fck adalet&#8230;<\/p>\n<p>60 y\u0131ll\u0131k ibadetten faziletlidir\u201d<\/p>\n<p>Hazreti Muhammed.<\/p>\n<p style=\"text-align: justify;\">*<\/p>\n<p style=\"text-align: justify;\">\u201cBir ki\u015fiye yap\u0131lan haks\u0131zl\u0131k, t\u00fcm topluma yap\u0131lan tehdittir\u201d Montesquieu&#8230; \u201cAdalet kutup y\u0131ld\u0131z\u0131 gibi yerinde durur, geriye kalan her \u015fey onun etraf\u0131nda d\u00f6ner\u201d Konf\u00fc\u00e7yus&#8230; \u201cAdalet devletten gelmeli\u201d Aristo&#8230; \u201cAdalet olmadan d\u00fczen olmaz\u201d Camus&#8230; \u201cAdaletsizli\u011fi i\u015fleyen, \u00e7ekenden sefildir\u201d Eflatun&#8230; <\/p>\n","protected":false},"author":1,"featured_media":0,"comment_status":"open","ping_status":"open","sticky":false,"template":"","format":"standard","meta":{"footnotes":""},"categories":[16],"tags":[30],"class_list":["post-46297","post","type-post","status-publish","format-standard","hentry","category-kose-yazilari","tag-yilmaz-ozdil","odd"],"_links":{"self":[{"href":"http:\/\/www.korhanyilmaz.com\/index.php?rest_route=\/wp\/v2\/posts\/46297","targetHints":{"allow":["GET"]}}],"collection":[{"href":"http:\/\/www.korhanyilmaz.com\/index.php?rest_route=\/wp\/v2\/posts"}],"about":[{"href":"http:\/\/www.korhanyilmaz.com\/index.php?rest_route=\/wp\/v2\/types\/post"}],"author":[{"embeddable":true,"href":"http:\/\/www.korhanyilmaz.com\/index.php?rest_route=\/wp\/v2\/users\/1"}],"replies":[{"embeddable":true,"href":"http:\/\/www.korhanyilmaz.com\/index.php?rest_route=%2Fwp%2Fv2%2Fcomments&post=46297"}],"version-history":[{"count":0,"href":"http:\/\/www.korhanyilmaz.com\/index.php?rest_route=\/wp\/v2\/posts\/46297\/revisions"}],"wp:attachment":[{"href":"http:\/\/www.korhanyilmaz.com\/index.php?rest_route=%2Fwp%2Fv2%2Fmedia&parent=46297"}],"wp:term":[{"taxonomy":"category","embeddable":true,"href":"http:\/\/www.korhanyilmaz.com\/index.php?rest_route=%2Fwp%2Fv2%2Fcategories&post=46297"},{"taxonomy":"post_tag","embeddable":true,"href":"http:\/\/www.korhanyilmaz.com\/index.php?rest_route=%2Fwp%2Fv2%2Ftags&post=46297"}],"curies":[{"name":"wp","href":"https:\/\/api.w.org\/{rel}","templated":true}]}}