{"id":46293,"date":"2012-01-13T18:35:45","date_gmt":"2012-01-13T16:35:45","guid":{"rendered":"http:\/\/www.korhanyilmaz.com\/?p=46293"},"modified":"2012-01-14T00:30:53","modified_gmt":"2012-01-13T22:30:53","slug":"canli-yayinda-oda-tv-davasinin-isleyisiyle-ilgili-iddiada-bulunan-nazli-ilicaka-mahkeme-baskanindan-yanit-gecikmedi","status":"publish","type":"post","link":"http:\/\/www.korhanyilmaz.com\/?p=46293","title":{"rendered":"Canl\u0131 yay\u0131nda Oda TV davas\u0131n\u0131n i\u015fleyi\u015fiyle ilgili iddiada bulunan Nazl\u0131 Il\u0131cak&#8217;a Mahkeme Ba\u015fkan\u0131&#8217;ndan yan\u0131t gecikmedi&#8230;"},"content":{"rendered":"<p style=\"text-align: center;\"><a href=\"http:\/\/www.korhanyilmaz.com\/wp-content\/uploads\/2012\/01\/9136.jpg\"  class=\"lightview\"><img loading=\"lazy\" decoding=\"async\" class=\"aligncenter  wp-image-46294\" src=\"http:\/\/www.korhanyilmaz.com\/wp-content\/uploads\/2012\/01\/9136.jpg\" alt=\"\" width=\"315\" height=\"240\" \/><\/a><\/p>\n<p style=\"text-align: justify;\">Sabah gazetesi yazar\u0131 Nazl\u0131 Il\u0131cak canl\u0131 yay\u0131nda &#8216;Oda TV&#8217; davas\u0131yla ilgili \u015fa\u015f\u0131rtan iddialarda bulununca mahkeme heyeti rahats\u0131z oldu.<\/p>\n<p style=\"text-align: justify;\">Il\u0131cak, CNN T\u00fcrk&#8217;te yay\u0131nlanan D\u00f6rt Bir Taraf adl\u0131 programda Oda TV davas\u0131yla ilgili fal bakt\u0131.<\/p>\n<p style=\"text-align: justify;\">Bu faldan yola \u00e7\u0131karak da, &#8220;Dava, 23 Ocak&#8217;taki duru\u015fmada sonu\u00e7lanacak. Benim edindi\u011fim bilgiye g\u00f6re \u00f6n\u00fcm\u00fczdeki duru\u015fmada san\u0131klar\u0131n eksik kalan sorgular\u0131 da yap\u0131lacak ve \u00f6nemli bir k\u0131sm\u0131 serbest kalacak. Aralar\u0131nda M\u00fcyesser Y\u0131ld\u0131z, Ahmet \u015e\u0131k ve Nedim \u015eener&#8217;in de oldu\u011fu gazeteciler \u00f6zg\u00fcrl\u00fcklerine kavu\u015facak&#8230;&#8221; dedi.\u00a0<!--more--><\/p>\n<p style=\"text-align: justify;\">Il\u0131cak&#8217;\u0131n bu iddias\u0131 Vatan gazetesi yazar\u0131 Mustafa Mutlu&#8217;nun da dikkatinden ka\u00e7mad\u0131.<\/p>\n<p style=\"text-align: justify;\">Mustafa Mutlu, &#8216;Nazl\u0131 Il\u0131cak falc\u0131 m\u0131 oldu?&#8217; ba\u015fl\u0131kl\u0131 yaz\u0131s\u0131nda hem Il\u0131cak&#8217;\u0131n gazetecili\u011fini ele\u015ftirdi hem de iddialar\u0131n do\u011fruluk pay\u0131n\u0131 \u00f6\u011frenmek inmek i\u00e7in Mahkeme Ba\u015fkan\u0131 Hakim Mehmet Ekinci&#8217;yi arad\u0131.<\/p>\n<p style=\"text-align: justify;\">Il\u0131cak&#8217;\u0131n iddialar\u0131n\u0131 Ekinci&#8217;ye anlatan Mustafa Mutlu, \u015fu yan\u0131t\u0131 ald\u0131;<\/p>\n<p style=\"text-align: justify;\">&#8220;Ben bu mahkemeye yeni atand\u0131m. Ayn\u0131 zamanda \u015fike davas\u0131na da bak\u0131yoruz. Yani daha ben bile dosyalar\u0131 do\u011fru d\u00fcr\u00fcst incelememi\u015fken, bu han\u0131mefendi karar\u0131n i\u00e7eri\u011fini ve \u00e7\u0131kacak tarihi nereden biliyor ve nas\u0131l bu kadar emin konu\u015fuyor anlam\u0131\u015f de\u011filim&#8230; Herkes bilmelidir ki, birilerinin, mahkemeler ad\u0131na karar ihdas etmeleri su\u00e7tur. Bu nedenle bu beyan i\u00e7in bas\u0131n savc\u0131lar\u0131n\u0131n g\u00f6revlerini yapacaklar\u0131ndan \u015f\u00fcphemiz yoktur&#8221;<\/p>\n<p style=\"text-align: justify;\"><strong>STV&#8217;N\u0130N HABERC\u0130L\u0130\u011e\u0130\u00a0<\/strong><\/p>\n<p style=\"text-align: justify;\">Ekinci&#8217;ye STV&#8217;nin son duru\u015fmadaki &#8220;tahliye taleplerinin reddi&#8221; karar\u0131n\u0131, mahkemenin resmi a\u00e7\u0131klamas\u0131ndan 21 dakika \u00f6nce seyircilerine duyurmas\u0131n\u0131 da sordu Mustafa Mutlu&#8230;<\/p>\n<p style=\"text-align: justify;\">Ekinci&#8217;nin yan\u0131t\u0131 netti;<\/p>\n<p style=\"text-align: justify;\">&#8220;O karar\u0131 al\u0131rken odada sadece ben ve iki \u00fcye h\u00e2kim vard\u0131. K\u00e2tip bile yoktu. Biz de karar\u0131 a\u00e7\u0131klad\u0131\u011f\u0131m\u0131z dakikaya kadar hep birlikteydik. Asla bir s\u0131zd\u0131rma olmad\u0131. Zaten olmas\u0131 da m\u00fcmk\u00fcn de\u011fildir. STV, b\u00fcy\u00fck bir olas\u0131l\u0131kla savc\u0131n\u0131n m\u00fctalaas\u0131n\u0131, &#8216;Mahkemeden de karar b\u00f6yle \u00e7\u0131kar&#8217; \u00f6nyarg\u0131s\u0131yla haberle\u015ftirmi\u015f olabilir. Ama bize g\u00f6re bu da su\u00e7tur ve bas\u0131n savc\u0131lar\u0131n\u0131n bunun da gere\u011fini yerine getireceklerine inan\u0131yorum&#8221;<\/p>\n<p style=\"text-align: justify;\"><a href=\"http:\/\/www.internethaber.com\/nazli-ilicak-hakimi-cok-kizdirdi-395380h.htm\" target=\"_blank\">Kaynak : internethaber.com<\/a><\/p>\n","protected":false},"excerpt":{"rendered":"<p style=\"text-align: center;\">\n<p style=\"text-align: justify;\">Sabah gazetesi yazar\u0131 Nazl\u0131 Il\u0131cak canl\u0131 yay\u0131nda &#8216;Oda TV&#8217; davas\u0131yla ilgili \u015fa\u015f\u0131rtan iddialarda bulununca mahkeme heyeti rahats\u0131z oldu.<\/p>\n<p style=\"text-align: justify;\">Il\u0131cak, CNN T\u00fcrk&#8217;te yay\u0131nlanan D\u00f6rt Bir Taraf adl\u0131 programda Oda TV davas\u0131yla ilgili fal bakt\u0131.<\/p>\n<p style=\"text-align: justify;\">Bu faldan yola \u00e7\u0131karak da, &#8220;Dava, 23 Ocak&#8217;taki duru\u015fmada sonu\u00e7lanacak. Benim edindi\u011fim bilgiye <\/p>\n","protected":false},"author":1,"featured_media":0,"comment_status":"open","ping_status":"open","sticky":false,"template":"","format":"standard","meta":{"footnotes":""},"categories":[105],"tags":[],"class_list":["post-46293","post","type-post","status-publish","format-standard","hentry","category-gundem","odd"],"_links":{"self":[{"href":"http:\/\/www.korhanyilmaz.com\/index.php?rest_route=\/wp\/v2\/posts\/46293","targetHints":{"allow":["GET"]}}],"collection":[{"href":"http:\/\/www.korhanyilmaz.com\/index.php?rest_route=\/wp\/v2\/posts"}],"about":[{"href":"http:\/\/www.korhanyilmaz.com\/index.php?rest_route=\/wp\/v2\/types\/post"}],"author":[{"embeddable":true,"href":"http:\/\/www.korhanyilmaz.com\/index.php?rest_route=\/wp\/v2\/users\/1"}],"replies":[{"embeddable":true,"href":"http:\/\/www.korhanyilmaz.com\/index.php?rest_route=%2Fwp%2Fv2%2Fcomments&post=46293"}],"version-history":[{"count":0,"href":"http:\/\/www.korhanyilmaz.com\/index.php?rest_route=\/wp\/v2\/posts\/46293\/revisions"}],"wp:attachment":[{"href":"http:\/\/www.korhanyilmaz.com\/index.php?rest_route=%2Fwp%2Fv2%2Fmedia&parent=46293"}],"wp:term":[{"taxonomy":"category","embeddable":true,"href":"http:\/\/www.korhanyilmaz.com\/index.php?rest_route=%2Fwp%2Fv2%2Fcategories&post=46293"},{"taxonomy":"post_tag","embeddable":true,"href":"http:\/\/www.korhanyilmaz.com\/index.php?rest_route=%2Fwp%2Fv2%2Ftags&post=46293"}],"curies":[{"name":"wp","href":"https:\/\/api.w.org\/{rel}","templated":true}]}}