{"id":46279,"date":"2012-01-12T17:05:38","date_gmt":"2012-01-12T15:05:38","guid":{"rendered":"http:\/\/www.korhanyilmaz.com\/?p=46279"},"modified":"2012-01-13T21:59:32","modified_gmt":"2012-01-13T19:59:32","slug":"yargitay-baskani-tutukluluk-suresi-ceza-haline-getirilemez","status":"publish","type":"post","link":"http:\/\/www.korhanyilmaz.com\/?p=46279","title":{"rendered":"Yarg\u0131tay Ba\u015fkan\u0131: Tutukluluk s\u00fcresi ceza haline getirilemez"},"content":{"rendered":"<p style=\"text-align: center;\"><a href=\"http:\/\/www.korhanyilmaz.com\/wp-content\/uploads\/2012\/01\/9133.jpg\"  class=\"lightview\"><img loading=\"lazy\" decoding=\"async\" class=\"aligncenter  wp-image-46280\" src=\"http:\/\/www.korhanyilmaz.com\/wp-content\/uploads\/2012\/01\/9133.jpg\" alt=\"\" width=\"357\" height=\"231\" \/><\/a><\/p>\n<p style=\"text-align: justify;\">Yarg\u0131tay Ba\u015fkan\u0131 Naz\u0131m Kaynak, yarg\u0131 i\u015flemlerinin h\u0131zland\u0131r\u0131lmas\u0131na ili\u015fkin yeni \u00e7al\u0131\u015fmalar\u0131 i\u00e7eren son paketi de\u011ferlendirirken, \u201cPaket Meclis&#8217;ten \u00e7\u0131ks\u0131n, hep birlikte g\u00f6rece\u011fiz. 6 Eyl\u00fcl&#8217;deki yapt\u0131\u011f\u0131m\u0131z konu\u015fmada da dedik, tutukluluk s\u00fcresi kural olarak ceza haline getirilemez\u201d diye konu\u015ftu.<\/p>\n<p style=\"text-align: justify;\">Yarg\u0131tay \u00fcyeli\u011fine se\u00e7ilen 16 \u00fcyenin, mazbata t\u00f6reni HSYK&#8217;da yap\u0131ld\u0131.<!--more--><\/p>\n<p style=\"text-align: justify;\">T\u00f6rene, Yarg\u0131tay Ba\u015fkan\u0131 Naz\u0131m Kaynak, Dan\u0131\u015ftay Ba\u015fkan\u0131 H\u00fcseyin Karakulluk\u00e7u, Askeri Y\u00fcksek \u0130dare Mahkemesi Ba\u015fkan\u0131 Abdullah Arslan, Say\u0131\u015ftay Ba\u015fkan\u0131 Recai Akyel, Yarg\u0131tay Cumhuriyet Ba\u015fsavc\u0131s\u0131 Hasan Erbil, Y\u00fcksek se\u00e7im Kurulu Ba\u015fkan\u0131 Ali Em ile Yarg\u0131tay ve Dan\u0131\u015ftay \u00fcyeleri ile yeni \u00fcyelerin aileleri kat\u0131ld\u0131.<\/p>\n<p style=\"text-align: justify;\">T\u00f6rende konu\u015fan HSYK Ba\u015fkanvekili Ahmet Hamsici, y\u00fcksek mahkemelerdeki artan i\u015f y\u00fck\u00fcn\u00fcn, yarg\u0131n\u0131n i\u015flemesi \u00f6n\u00fcnde \u00f6nemli bir engel oldu\u011funu, bu nedenle \u00e7e\u015fitli \u00f6nlemlere ihtiya\u00e7 duyuldu\u011funu s\u00f6yledi.<\/p>\n<p style=\"text-align: justify;\">\u0130\u015f y\u00fck\u00fcn\u00fcn azalt\u0131lmas\u0131 amac\u0131yla yap\u0131lan \u00e7al\u0131\u015fmalar hakk\u0131nda bilgi veren Hamsici, bu kapsamda Yarg\u0131tay ve Dan\u0131\u015ftay&#8217;da daire ve \u00fcye say\u0131lar\u0131 ile tetkik hakimi say\u0131s\u0131n\u0131n art\u0131r\u0131ld\u0131\u011f\u0131n\u0131 anlatt\u0131. Hamsici, B\u00f6lge Adliye Mahkemelerinin faaliyete ge\u00e7mesiyle yarg\u0131n\u0131n daha da h\u0131zlanaca\u011f\u0131n\u0131 ifade etti.<\/p>\n<p style=\"text-align: justify;\">Yarg\u0131tay&#8217;a se\u00e7ilen yeni \u00fcyelerin, yarg\u0131n\u0131n i\u015f y\u00fck\u00fcn\u00fcn azalt\u0131lmas\u0131na b\u00fcy\u00fck katk\u0131 sa\u011flayacaklar\u0131na inand\u0131\u011f\u0131n\u0131 dile getiren Hamsici, yeni \u00fcyelere g\u00f6revlerinde ba\u015far\u0131lar diledi.<\/p>\n<p style=\"text-align: justify;\">T\u00f6rende daha sonra yeni se\u00e7ilen 16 yarg\u0131tay \u00fcyesine c\u00fcbbeleri giydirildi ve mazbatalar\u0131 verildi.<\/p>\n<p style=\"text-align: justify;\">T\u00f6renin ard\u0131ndan gazetecilerin sorular\u0131n\u0131 yan\u0131tlayan Yarg\u0131tay Ba\u015fkan\u0131 Naz\u0131m Kaynak, yarg\u0131n\u0131n h\u0131zland\u0131r\u0131lmas\u0131 amac\u0131yla haz\u0131rlanan paketle ilgili g\u00f6r\u00fc\u015flerini Adalet Bakanl\u0131\u011f\u0131na iletip iletmediklerinin sorulmas\u0131 \u00fczerine, konuyla ilgili g\u00f6r\u00fc\u015flerini, 6 Eyl\u00fcl&#8217;deki adli y\u0131l a\u00e7\u0131l\u0131\u015f t\u00f6reninde dile getirdiklerini s\u00f6yledi.<\/p>\n<p style=\"text-align: justify;\">Yarg\u0131n\u0131n sorunlar\u0131n\u0131n en b\u00fcy\u00fc\u011f\u00fc ve en acilinin, davalar\u0131n makul s\u00fcrede bitirilememesi oldu\u011funu belirten Kaynak, h\u0131zl\u0131 ve adil karar verilmesinin, yarg\u0131laman\u0131n temel ama\u00e7lar\u0131 aras\u0131nda oldu\u011funu s\u00f6yledi.<\/p>\n<p style=\"text-align: justify;\">Kaynak, \u201cPaketten ne \u00e7\u0131kacak tam bilmiyorum. Meclis&#8217;ten \u00e7\u0131ks\u0131n, hep birlikte g\u00f6rece\u011fiz. 6 Eyl\u00fcl&#8217;de yapt\u0131\u011f\u0131m\u0131z konu\u015fmada da dedik, tutukluluk s\u00fcresi kural olarak ceza haline getirilemez\u201d diye konu\u015ftu. Bu arada, Adalet Bakan\u0131 Sadullah Ergin, t\u00f6rene ba\u015fka bir program\u0131 nedeniyle kat\u0131lamad\u0131.<\/p>\n<p style=\"text-align: justify;\"><a href=\"http:\/\/www.hurriyet.com.tr\/gundem\/19666589.asp\" target=\"_blank\">Kaynak : H\u00fcrriyet.com.tr<\/a><\/p>\n","protected":false},"excerpt":{"rendered":"<p style=\"text-align: center;\">\n<p style=\"text-align: justify;\">Yarg\u0131tay Ba\u015fkan\u0131 Naz\u0131m Kaynak, yarg\u0131 i\u015flemlerinin h\u0131zland\u0131r\u0131lmas\u0131na ili\u015fkin yeni \u00e7al\u0131\u015fmalar\u0131 i\u00e7eren son paketi de\u011ferlendirirken, \u201cPaket Meclis&#8217;ten \u00e7\u0131ks\u0131n, hep birlikte g\u00f6rece\u011fiz. 6 Eyl\u00fcl&#8217;deki yapt\u0131\u011f\u0131m\u0131z konu\u015fmada da dedik, tutukluluk s\u00fcresi kural olarak ceza haline getirilemez\u201d diye konu\u015ftu.<\/p>\n<p style=\"text-align: justify;\">Yarg\u0131tay \u00fcyeli\u011fine se\u00e7ilen 16 \u00fcyenin, mazbata t\u00f6reni HSYK&#8217;da yap\u0131ld\u0131.<\/p>\n","protected":false},"author":1,"featured_media":0,"comment_status":"open","ping_status":"open","sticky":false,"template":"","format":"standard","meta":{"footnotes":""},"categories":[105],"tags":[],"class_list":["post-46279","post","type-post","status-publish","format-standard","hentry","category-gundem","odd"],"_links":{"self":[{"href":"http:\/\/www.korhanyilmaz.com\/index.php?rest_route=\/wp\/v2\/posts\/46279","targetHints":{"allow":["GET"]}}],"collection":[{"href":"http:\/\/www.korhanyilmaz.com\/index.php?rest_route=\/wp\/v2\/posts"}],"about":[{"href":"http:\/\/www.korhanyilmaz.com\/index.php?rest_route=\/wp\/v2\/types\/post"}],"author":[{"embeddable":true,"href":"http:\/\/www.korhanyilmaz.com\/index.php?rest_route=\/wp\/v2\/users\/1"}],"replies":[{"embeddable":true,"href":"http:\/\/www.korhanyilmaz.com\/index.php?rest_route=%2Fwp%2Fv2%2Fcomments&post=46279"}],"version-history":[{"count":0,"href":"http:\/\/www.korhanyilmaz.com\/index.php?rest_route=\/wp\/v2\/posts\/46279\/revisions"}],"wp:attachment":[{"href":"http:\/\/www.korhanyilmaz.com\/index.php?rest_route=%2Fwp%2Fv2%2Fmedia&parent=46279"}],"wp:term":[{"taxonomy":"category","embeddable":true,"href":"http:\/\/www.korhanyilmaz.com\/index.php?rest_route=%2Fwp%2Fv2%2Fcategories&post=46279"},{"taxonomy":"post_tag","embeddable":true,"href":"http:\/\/www.korhanyilmaz.com\/index.php?rest_route=%2Fwp%2Fv2%2Ftags&post=46279"}],"curies":[{"name":"wp","href":"https:\/\/api.w.org\/{rel}","templated":true}]}}