{"id":46274,"date":"2012-01-13T15:15:52","date_gmt":"2012-01-13T13:15:52","guid":{"rendered":"http:\/\/www.korhanyilmaz.com\/?p=46274"},"modified":"2012-01-13T18:48:07","modified_gmt":"2012-01-13T16:48:07","slug":"zana-bilmecesi","status":"publish","type":"post","link":"http:\/\/www.korhanyilmaz.com\/?p=46274","title":{"rendered":"Zana bilmecesi"},"content":{"rendered":"<p style=\"text-align: center;\"><a href=\"http:\/\/www.korhanyilmaz.com\/wp-content\/uploads\/2012\/01\/9132.jpg\"  class=\"lightview\"><img loading=\"lazy\" decoding=\"async\" class=\"aligncenter  wp-image-46275\" src=\"http:\/\/www.korhanyilmaz.com\/wp-content\/uploads\/2012\/01\/9132.jpg\" alt=\"\" width=\"336\" height=\"223\" \/><\/a><\/p>\n<p style=\"text-align: justify;\">KCK&#8217;ya y\u00f6nelik yap\u0131lan operasyonda Milletvekili Leyla Zana&#8217;n\u0131n evinde arama yap\u0131l\u0131p yap\u0131lmad\u0131\u011f\u0131 konusu tart\u0131\u015fma yaratt\u0131. Zana ve BDP&#8217;liler olay\u0131 do\u011frulayan a\u00e7\u0131klamalar yaparken savc\u0131 ise iddiay\u0131 yalanlad\u0131.<\/p>\n<p style=\"text-align: justify;\">KCK\u2019ya y\u00f6nelik yap\u0131lan operasyonda Milletvekili Leyla Zana\u2019n\u0131n evinde arama yap\u0131ld\u0131\u011f\u0131 a\u00e7\u0131klamalar\u0131 \u0130stanbul Ba\u015fsavc\u0131 Vekili Fikret Se\u00e7en yaz\u0131l\u0131 bir a\u00e7\u0131klama yapt\u0131. Se\u00e7en yapt\u0131\u011f\u0131 a\u00e7\u0131klamada, soru\u015fturma kapsam\u0131nda Milletvekili Leyla Zana\u2019n\u0131n Ankara\u2019da bulunan evinde arama yap\u0131ld\u0131\u011f\u0131na dair \u201cger\u00e7e\u011fe ayk\u0131r\u0131&#8221; bilgilere yer verildi\u011fini belirtti.<!--more--><\/p>\n<p style=\"text-align: justify;\">Se\u00e7en, a\u00e7\u0131klamas\u0131na \u015f\u00f6yle devam etti: \u201cBu soru\u015fturma kapsam\u0131nda Milletvekili Leyla Zana\u2019n\u0131n adreslerinde arama yap\u0131lmas\u0131na dair herhangi bir karar al\u0131nmad\u0131\u011f\u0131, arama yap\u0131lan adresin \u015f\u00fcpheli \u015fah\u0131slardan C.Y.\u2019ye ait oldu\u011fu, bu adresin ad\u0131 ge\u00e7en milletvekiliyle hi\u00e7bir ilgisinin bulunmad\u0131\u011f\u0131 tespit edilmi\u015f, bu husus resmi kay\u0131tlar ve arama yap\u0131lan apartmandaki y\u00f6neticinin beyanlar\u0131yla da teyit edilmi\u015ftir. Sonu\u00e7 olarak bu y\u00f6nde \u00e7\u0131kan haberlerin ger\u00e7e\u011fi yans\u0131tmad\u0131\u011f\u0131 anla\u015f\u0131lm\u0131\u015ft\u0131r.&#8221;<\/p>\n<p style=\"text-align: justify;\">A\u00e7\u0131klamada, soru\u015fturma kapsam\u0131nda 49 \u015f\u00fcpheli \u015fah\u0131stan 33\u2019\u00fcn\u00fcn yakalanarak g\u00f6zalt\u0131na al\u0131nd\u0131\u011f\u0131 ve bu \u00e7er\u00e7evede 17 ilde toplam 123 adreste arama yap\u0131ld\u0131\u011f\u0131 ifade etti.<\/p>\n<p style=\"text-align: justify;\"><strong>TBMM BA\u015eKANI \u00c7\u0130\u00c7EK: M\u0130LLETVEK\u0130LLER\u0130NE KAR\u015eI DAHA HASSAS OLUNMALI<\/strong><\/p>\n<p style=\"text-align: justify;\">TBMM Ba\u015fkan\u0131 Cemil \u00c7i\u00e7ek, \u201cY\u00fcr\u00fct\u00fclen adli i\u015flemlerin kamuoyunda teredd\u00fctlere yol a\u00e7mayacak \u015fekilde objektif kriterlere ve mevzuat h\u00fck\u00fcmlerine g\u00f6re ger\u00e7ekle\u015ftirildi\u011fi konusunda \u015f\u00fcpheye mahal b\u0131rak\u0131lmamas\u0131 da adalete olan g\u00fcven a\u00e7\u0131s\u0131ndan \u00f6nem ta\u015f\u0131maktad\u0131r\u201d dedi.<\/p>\n<p style=\"text-align: justify;\">\u00c7i\u00e7ek, Diyarbak\u0131r ba\u011f\u0131ms\u0131z Milletvekili Leyla Zana&#8217;n\u0131n evinin aranmas\u0131yla ilgili olarak yapt\u0131\u011f\u0131 a\u00e7\u0131klamada, yasama dokunulmazl\u0131\u011f\u0131n\u0131n amac\u0131n\u0131n, \u201chalk\u0131n iradesinin Meclise tam olarak yans\u0131t\u0131lmas\u0131n\u0131n temin edilmesi\u201d oldu\u011funu belirterek, bununla ilgili Anayasa ve yasalarda bir \u00e7ok d\u00fczenleme yap\u0131ld\u0131\u011f\u0131n\u0131 ifade etti.<\/p>\n<p style=\"text-align: justify;\">\u00c7i\u00e7ek, \u015funlar\u0131 s\u00f6yledi:<\/p>\n<p style=\"text-align: justify;\">\u201cMilletvekilleriyle ilgili dinleme, arama, el koyma veya tutuklama gibi adli bir i\u015flem yap\u0131lacaksa, Anayasa ve hukuk \u00e7er\u00e7evesinde azami \u00f6zen g\u00f6sterilmesi ve bu i\u015flemlerin Adalet Bakanl\u0131\u011f\u0131n\u0131n yay\u0131mlad\u0131\u011f\u0131 genelgeler \u00e7er\u00e7evesinde kanunda belirtilen makamlar taraf\u0131ndan bizzat yap\u0131lmas\u0131, dokunulmazl\u0131ktan beklenen amac\u0131n ger\u00e7ekle\u015fmesi a\u00e7\u0131s\u0131ndan hassasiyet arz eder. Y\u00fcr\u00fct\u00fclen adli i\u015flemlerin kamuoyunda teredd\u00fctlere yol a\u00e7mayacak \u015fekilde objektif kriterlere ve mevzuat h\u00fck\u00fcmlerine g\u00f6re ger\u00e7ekle\u015ftirildi\u011fi konusunda \u015f\u00fcpheye mahal b\u0131rak\u0131lmamas\u0131 da adalete olan g\u00fcven a\u00e7\u0131s\u0131ndan \u00f6nem ta\u015f\u0131maktad\u0131r.<\/p>\n<p style=\"text-align: justify;\">Yap\u0131lan ve yap\u0131lacak olan soru\u015fturma ve kovu\u015fturmalar ile sair i\u015flemlerde bu iki hususun da yeterince g\u00f6zetilmesinde \u00fclkemiz a\u00e7\u0131s\u0131ndan say\u0131s\u0131z yararlar vard\u0131r\u201d<\/p>\n<p style=\"text-align: justify;\"><a href=\"http:\/\/www.radikal.com.tr\/Radikal.aspx?aType=RadikalDetayV3&amp;ArticleID=1075507&amp;CategoryID=77\" target=\"_blank\">Kaynak : Radikal.com.tr<\/a><\/p>\n","protected":false},"excerpt":{"rendered":"<p style=\"text-align: center;\">\n<p style=\"text-align: justify;\">KCK&#8217;ya y\u00f6nelik yap\u0131lan operasyonda Milletvekili Leyla Zana&#8217;n\u0131n evinde arama yap\u0131l\u0131p yap\u0131lmad\u0131\u011f\u0131 konusu tart\u0131\u015fma yaratt\u0131. Zana ve BDP&#8217;liler olay\u0131 do\u011frulayan a\u00e7\u0131klamalar yaparken savc\u0131 ise iddiay\u0131 yalanlad\u0131.<\/p>\n<p style=\"text-align: justify;\">KCK\u2019ya y\u00f6nelik yap\u0131lan operasyonda Milletvekili Leyla Zana\u2019n\u0131n evinde arama yap\u0131ld\u0131\u011f\u0131 a\u00e7\u0131klamalar\u0131 \u0130stanbul Ba\u015fsavc\u0131 Vekili Fikret Se\u00e7en yaz\u0131l\u0131 bir a\u00e7\u0131klama yapt\u0131. Se\u00e7en yapt\u0131\u011f\u0131 a\u00e7\u0131klamada, <\/p>\n","protected":false},"author":1,"featured_media":0,"comment_status":"open","ping_status":"open","sticky":false,"template":"","format":"standard","meta":{"footnotes":""},"categories":[105],"tags":[],"class_list":["post-46274","post","type-post","status-publish","format-standard","hentry","category-gundem","odd"],"_links":{"self":[{"href":"http:\/\/www.korhanyilmaz.com\/index.php?rest_route=\/wp\/v2\/posts\/46274","targetHints":{"allow":["GET"]}}],"collection":[{"href":"http:\/\/www.korhanyilmaz.com\/index.php?rest_route=\/wp\/v2\/posts"}],"about":[{"href":"http:\/\/www.korhanyilmaz.com\/index.php?rest_route=\/wp\/v2\/types\/post"}],"author":[{"embeddable":true,"href":"http:\/\/www.korhanyilmaz.com\/index.php?rest_route=\/wp\/v2\/users\/1"}],"replies":[{"embeddable":true,"href":"http:\/\/www.korhanyilmaz.com\/index.php?rest_route=%2Fwp%2Fv2%2Fcomments&post=46274"}],"version-history":[{"count":0,"href":"http:\/\/www.korhanyilmaz.com\/index.php?rest_route=\/wp\/v2\/posts\/46274\/revisions"}],"wp:attachment":[{"href":"http:\/\/www.korhanyilmaz.com\/index.php?rest_route=%2Fwp%2Fv2%2Fmedia&parent=46274"}],"wp:term":[{"taxonomy":"category","embeddable":true,"href":"http:\/\/www.korhanyilmaz.com\/index.php?rest_route=%2Fwp%2Fv2%2Fcategories&post=46274"},{"taxonomy":"post_tag","embeddable":true,"href":"http:\/\/www.korhanyilmaz.com\/index.php?rest_route=%2Fwp%2Fv2%2Ftags&post=46274"}],"curies":[{"name":"wp","href":"https:\/\/api.w.org\/{rel}","templated":true}]}}