{"id":4627,"date":"2009-03-04T10:22:43","date_gmt":"2009-03-04T08:22:43","guid":{"rendered":"http:\/\/www.korhanyilmaz.com\/?p=4627"},"modified":"2009-03-04T10:22:43","modified_gmt":"2009-03-04T08:22:43","slug":"imamlara-kitabini-satmalari-icin-baski-yapmis","status":"publish","type":"post","link":"http:\/\/www.korhanyilmaz.com\/?p=4627","title":{"rendered":"\u0130mamlara kitab\u0131n\u0131 satmalar\u0131 i\u00e7in bask\u0131 yapm\u0131\u015f"},"content":{"rendered":"<p style=\"text-align: center;\"><img loading=\"lazy\" decoding=\"async\" class=\"aligncenter size-full wp-image-4628\" title=\"Tekirda\u011f M\u00fcft\u00fcs\u00fc Ahmet Okutan\" src=\"http:\/\/www.korhanyilmaz.com\/wp-content\/uploads\/2009\/03\/fft28_mf130352.jpeg\" alt=\"Tekirda\u011f M\u00fcft\u00fcs\u00fc Ahmet Okutan\" width=\"357\" height=\"238\" \/><\/p>\n<p style=\"text-align: justify;\">\n<p style=\"text-align: justify;\"><strong>\u0130mamlara kitab\u0131n\u0131 satmalar\u0131 i\u00e7in bask\u0131 yapm\u0131\u015f.<\/strong><\/p>\n<p style=\"text-align: justify;\">Kuran&#8217;\u0131n T\u00fcrk\u00e7e okunmas\u0131n\u0131 isteyenlere tepki g\u00f6stererek, &#8220;Eurovizyon&#8217;a yabanc\u0131 dilde \u015fark\u0131yla gidiliyor da, ni\u00e7in Allah&#8217;\u0131n kitab\u0131 Arap\u00e7a okunmas\u0131n&#8221; diyerek g\u00fcndeme gelen Tekirda\u011f M\u00fcft\u00fcs\u00fc Ahmet Okutan hakk\u0131nda &#8216;Yard\u0131m paralar\u0131n\u0131 zimmetine ge\u00e7irmek ve kendisinin kaleme ald\u0131\u011f\u0131 dini kitaplar\u0131 bandrols\u00fcz satt\u0131\u011f\u0131&#8217; iddias\u0131 ile soru\u015fturma a\u00e7\u0131ld\u0131. Soru\u015fturma kapsam\u0131nda Diyanet \u0130\u015fleri Ba\u015fkanl\u0131\u011f\u0131&#8217;ndan gelen bir m\u00fcfetti\u015f, M\u00fcft\u00fcl\u00fc\u011fe ba\u011fl\u0131 imamlar\u0131n bilgilerine ba\u015fvurdu. Okutan, yeni y\u0131l \u00f6ncesi yerel gazelere g\u00f6nderdi\u011fi yaz\u0131s\u0131nda da, &#8216;Kurban Bayram\u0131&#8217;nda hayvan k\u0131y\u0131m\u0131 yap\u0131l\u0131yor&#8217; diyip de y\u0131lba\u015f\u0131nda kesilen hindilere tepki g\u00f6stermeyenleri ele\u015ftirmi\u015fti. <!--more--><br \/>\nKas\u0131m 2006&#8217;da Bolu M\u00fcft\u00fcl\u00fc\u011f\u00fc&#8217;nden Tekirda\u011f M\u00fcft\u00fcl\u00fc\u011f\u00fc&#8217;ne atanan Ahmet Okutan&#8217;\u0131n, Cuma namaz\u0131 sonras\u0131 cemaatten toplanan yard\u0131m paralar\u0131n\u0131 zimmetine ge\u00e7irdi\u011fi iddias\u0131yla bir\u00e7ok imam, Ba\u015fbakanl\u0131k \u0130leti\u015fim Merkezi&#8217;ne (B\u0130MER) ve Tekirda\u011f Valili\u011fi&#8217;ne \u015fikayette bulundu. Dilek\u00e7elerde M\u00fcft\u00fc Okutan&#8217;\u0131n yard\u0131m i\u00e7in toplanan paralara makbuz kesmedi\u011fi ve kendisine ald\u0131\u011f\u0131, ayr\u0131ca kendisinin kaleme ald\u0131\u011f\u0131 ve bandrols\u00fcz oldu\u011fu belirtilen 18 kitab\u0131n\u0131 ise 2.5 ile 5 lira aras\u0131nda satmalar\u0131 i\u00e7in imamlara bask\u0131 yapt\u0131\u011f\u0131 iddia edildi. Ayr\u0131ca Tekirda\u011f Valili\u011fi&#8217;ne m\u00fcft\u00fc Okutan hakk\u0131nda da bu idialar nedeniyle imzal\u0131 ve imzas\u0131z 178 dilek\u00e7e geldi. Bu iddialar\u0131 inceleyen Tekirda\u011f Valisi Ayd\u0131n Nezih Do\u011fan, 1 ay \u00f6nce Diyanet \u0130\u015fleri Ba\u015fkanl\u0131\u011f\u0131&#8217;ndan olaylar\u0131n ara\u015ft\u0131r\u0131lmas\u0131 i\u00e7in m\u00fcfetti\u015f talep etti. 25 g\u00fcn \u00f6nce Tekirda\u011f&#8217;a gelen Diyanet \u0130\u015fleri Ba\u015fkanl\u0131\u011f\u0131 Ba\u015fm\u00fcfetti\u015fi Hasan Uyar, kendisine tahsis edilen m\u00fcft\u00fcl\u00fck alt kat\u0131ndaki odada \u00e7al\u0131\u015fmalar\u0131na ba\u015flad\u0131. 178 \u015fikayet dilek\u00e7esini inceleyen Ba\u015fm\u00fcfetti\u015f Uyar, konu ile ilgili 30 imam ve diyanet \u00e7al\u0131\u015fan\u0131n\u0131n ifadelerine ba\u015fvurdu.\n<\/p>\n<p style=\"text-align: justify;\"><strong>&#8216;PARALARI ALDI MAKBUZ VERMED\u0130&#8217;<\/strong><\/p>\n<p style=\"text-align: justify;\">M\u00fcft\u00fc Okutan&#8217;\u0131n camilerden yard\u0131m i\u00e7in toplanan paralar\u0131 zimmetine ge\u00e7irdi\u011fini iddia eden bir imam, M\u00fcfetti\u015f Uyar&#8217;a verdi\u011fi ifadede, &#8220;M\u00fcft\u00fcl\u00fckten gelen emir do\u011frultusunda Cuma vaazlar\u0131nda cami \u00e7\u0131k\u0131\u015f\u0131 cemaatten yard\u0131m topluyorum. Toplad\u0131\u011f\u0131m paralarla ilgili olarak cemaatten 3 ki\u015finin alt\u0131nda imzas\u0131 olan tutanak tutuyorum. 4 defa bu \u015fekilde tuttu\u011fum tutanakla birlikte paralar\u0131 m\u00fcft\u00fcl\u00fc\u011fe g\u00f6t\u00fcrd\u00fcm. M\u00fcft\u00fc bey beni odas\u0131na \u00e7a\u011f\u0131rarak paralar\u0131 ve tutana\u011f\u0131 elinden ald\u0131. Paralar\u0131n topland\u0131\u011f\u0131na dair tutana\u011f\u0131 vermeme ra\u011fmen bana herhangi bir makbuz vermedi&#8221; dedi.<br \/>\nYine ayn\u0131 konuyla ilgili ifadesine ba\u015fvurulan bir ba\u015fka imam ise, &#8220;Camilerde cemaatten toplad\u0131\u011f\u0131m\u0131z paralar kar\u015f\u0131l\u0131\u011f\u0131nda m\u00fcft\u00fcl\u00fck taraf\u0131ndan bize toplu makbuz kesiliyordu. Biz de o makbuzu al\u0131p caminin g\u00f6r\u00fcnen yerine asar\u0131z. M\u00fcft\u00fc bey birka\u00e7 defa paralar\u0131 kendisi teslim ald\u0131. Hi\u00e7bir \u015fekilde de makbuz vermedi. Ni\u00e7in makbuz vermedi\u011fini sorunca bize, &#8216;Kendi i\u015finize bak\u0131n. Ben ne yapt\u0131\u011f\u0131m\u0131 iyi biliyorum&#8217; diye kar\u015f\u0131l\u0131k verdi&#8221; diye ifade vrdi. Bir\u00e7ok imam\u0131n ifadesinde, toplad\u0131klar\u0131 paralar kar\u015f\u0131l\u0131\u011f\u0131nda makbuz alamad\u0131klar\u0131n\u0131 ve toplanan paralar\u0131n ak\u0131betini bilmediklerini s\u00f6yledikleri belirtildi.\n<\/p>\n<p style=\"text-align: justify;\"><strong>BANDROLS\u00dcZ K\u0130TAPLARINI \u0130MAMLARA SATTIRMI\u015e<\/strong><\/p>\n<p style=\"text-align: justify;\">M\u00fcft\u00fc Okutan&#8217;n\u0131n kednisinin kaleme ald\u0131\u011f\u0131 &#8217;15 Derste Kuran \u00f6\u011freniyorum&#8217;, &#8216;Kuran&#8217;da Ahlak&#8217;, &#8216;Kutsal Kitab\u0131m\u0131z Kuraan-\u0131 Kerim&#8217;, &#8216;Din- Ahlak- \u00d6\u011f\u00fctler&#8217;, &#8216;\u0130slam Dininin Evrensel G\u00fczellikleri&#8217;,&#8217;M\u00fcft\u00fcn\u00fcn Kaleminden&#8217;, &#8216;M\u00fcft\u00fcden Konferanslar&#8217;, &#8216;M\u00fcft\u00fcn\u00fcn Cuma Yaz\u0131lar\u0131&#8217;, &#8216;Din \u0130nsan- Bir \u0130htiya\u00e7t\u0131r&#8217;,&#8217;Bir de M\u00fcft\u00fcye Soral\u0131m&#8217;, &#8216;Kad\u0131n \u00dczerine Hasbihal&#8217;, &#8216;Dindarl\u0131k Bilgili Olmay\u0131 Gerektirir&#8217;, &#8216;Sevgili Peygamberimizin \u00d6rnekli\u011fi Ahlak Merkezlidir&#8217;, &#8216;Y\u00fcce Allah Buyuruyor&#8217;, &#8216;Davran\u0131\u015f Modelimiz Hz. Peygamber&#8217;, &#8216;\u00d6zet Olarak Tecvid&#8217;, &#8216;\u0130slam Dininin Haftal\u0131k Mesajlar\u0131 Hutbeler&#8217;, &#8216;K\u00fclt\u00fcr\u00fcm\u00fcz\u00fcn Temel \u00d6gelerinden Camiiler ve Din G\u00f6revlileri&#8217; adl\u0131 kitaplar\u0131n\u0131 bandrols\u00fcz olarak imamlara satt\u0131rd\u0131\u011f\u0131, T\u00fcrkiye Diyanet Vakf\u0131 Matbaas\u0131nda bas\u0131lan bu kitaplar\u0131 2.5 ile 5 TL aras\u0131nda camiye gelen cemaata satmayan imamlara bask\u0131 uygulad\u0131\u011f\u0131 iddia edildi.<\/p>\n<p style=\"text-align: justify;\"><strong>K\u0130TAP PARALARINI \u0130MAMLARDAN PE\u015e\u0130N ALMI\u015e<\/strong><\/p>\n<p style=\"text-align: justify;\">\u015eikayet dilek\u00e7elerindeki bu iddialar\u0131 da inceleyen M\u00fcfetti\u015f Uyar&#8217;\u0131n imamlara ve m\u00fcft\u00fcl\u00fck \u00e7al\u0131\u015fanlar\u0131na kitaplarla ilgili sorular y\u00f6neltti\u011fi kaydedildi. Zorla m\u00fcft\u00fcn\u00fcn kendisine satmas\u0131 i\u00e7in y\u00fcz\u00fcn \u00fczerinde kitap verdi\u011fini belirten bir cami imam\u0131, &#8220;M\u00fcft\u00fc bey beni odas\u0131na \u00e7a\u011f\u0131rarak bana satmam i\u00e7in kitap verdi. Kitap satmay\u0131 kabul etmeme ra\u011fmen benden kitaplar\u0131n paras\u0131n\u0131 pe\u015fin ald\u0131. Bir\u00e7ok imama da ayn\u0131 \u015fekilde kitap satt\u0131rd\u0131\u011f\u0131n\u0131 duydum&#8221; dedi.<br \/>\nYine \u015fikayet dilek\u00e7elerinde M\u00fcft\u00fc Okutan&#8217;\u0131n imamlara yapt\u0131\u011f\u0131 konu\u015fmada &#8220;Diyanet harici \u015firketlerle hac ve umreye gidenlerin paras\u0131 i\u00e7kiye, kumara fuh\u015fa gidiyor&#8221; dedi\u011fi \u00f6ne s\u00fcr\u00fcld\u00fc. M\u00fcfetti\u015f Uyar, dinledi\u011fi imamlara Okutan&#8217;\u0131n b\u00f6yle konu\u015fup konu\u015fmad\u0131\u011f\u0131n\u0131 da sordu. \u0130mamlar da m\u00fcfetti\u015fe verdi\u011fi ifadede m\u00fcft\u00fcn\u00fcn bu konu\u015fmalar\u0131n\u0131 do\u011frulad\u0131.<br \/>\nBir haftal\u0131k \u00e7al\u0131\u015fma sonunda m\u00fcft\u00fcl\u00fck \u00e7al\u0131\u015fanlar\u0131n\u0131 ve imamlar\u0131 dinleyen M\u00fcfetti\u015f Uyar, \u00e7al\u0131\u015fmalar\u0131n\u0131n tamamlanmas\u0131n\u0131n ard\u0131ndan Ankara&#8217;ya d\u00f6nd\u00fc. Soru\u015fturman\u0131n ise hen\u00fcz tamamlanmad\u0131\u011f\u0131 belirtildi.\n<\/p>\n<p style=\"text-align: justify;\"><span style=\"color: #888888;\">DHA<\/span><\/p>\n","protected":false},"excerpt":{"rendered":"<p style=\"text-align: center;\">\n<p style=\"text-align: justify;\">\n<p style=\"text-align: justify;\">\u0130mamlara kitab\u0131n\u0131 satmalar\u0131 i\u00e7in bask\u0131 yapm\u0131\u015f.<\/p>\n<p style=\"text-align: justify;\">Kuran&#8217;\u0131n T\u00fcrk\u00e7e okunmas\u0131n\u0131 isteyenlere tepki g\u00f6stererek, &#8220;Eurovizyon&#8217;a yabanc\u0131 dilde \u015fark\u0131yla gidiliyor da, ni\u00e7in Allah&#8217;\u0131n kitab\u0131 Arap\u00e7a okunmas\u0131n&#8221; diyerek g\u00fcndeme gelen Tekirda\u011f M\u00fcft\u00fcs\u00fc Ahmet Okutan hakk\u0131nda &#8216;Yard\u0131m paralar\u0131n\u0131 zimmetine ge\u00e7irmek ve kendisinin kaleme ald\u0131\u011f\u0131 dini kitaplar\u0131 bandrols\u00fcz satt\u0131\u011f\u0131&#8217; iddias\u0131 ile <\/p>\n","protected":false},"author":1,"featured_media":0,"comment_status":"open","ping_status":"closed","sticky":false,"template":"","format":"standard","meta":{"footnotes":""},"categories":[105],"tags":[],"class_list":["post-4627","post","type-post","status-publish","format-standard","hentry","category-gundem","odd"],"_links":{"self":[{"href":"http:\/\/www.korhanyilmaz.com\/index.php?rest_route=\/wp\/v2\/posts\/4627","targetHints":{"allow":["GET"]}}],"collection":[{"href":"http:\/\/www.korhanyilmaz.com\/index.php?rest_route=\/wp\/v2\/posts"}],"about":[{"href":"http:\/\/www.korhanyilmaz.com\/index.php?rest_route=\/wp\/v2\/types\/post"}],"author":[{"embeddable":true,"href":"http:\/\/www.korhanyilmaz.com\/index.php?rest_route=\/wp\/v2\/users\/1"}],"replies":[{"embeddable":true,"href":"http:\/\/www.korhanyilmaz.com\/index.php?rest_route=%2Fwp%2Fv2%2Fcomments&post=4627"}],"version-history":[{"count":0,"href":"http:\/\/www.korhanyilmaz.com\/index.php?rest_route=\/wp\/v2\/posts\/4627\/revisions"}],"wp:attachment":[{"href":"http:\/\/www.korhanyilmaz.com\/index.php?rest_route=%2Fwp%2Fv2%2Fmedia&parent=4627"}],"wp:term":[{"taxonomy":"category","embeddable":true,"href":"http:\/\/www.korhanyilmaz.com\/index.php?rest_route=%2Fwp%2Fv2%2Fcategories&post=4627"},{"taxonomy":"post_tag","embeddable":true,"href":"http:\/\/www.korhanyilmaz.com\/index.php?rest_route=%2Fwp%2Fv2%2Ftags&post=4627"}],"curies":[{"name":"wp","href":"https:\/\/api.w.org\/{rel}","templated":true}]}}