{"id":46269,"date":"2012-01-13T16:35:27","date_gmt":"2012-01-13T14:35:27","guid":{"rendered":"http:\/\/www.korhanyilmaz.com\/?p=46269"},"modified":"2012-01-13T18:42:56","modified_gmt":"2012-01-13T16:42:56","slug":"turkiyede-tuhaf-gelismeler-yasaniyor","status":"publish","type":"post","link":"http:\/\/www.korhanyilmaz.com\/?p=46269","title":{"rendered":"&#8216;T\u00fcrkiye&#8217;de tuhaf geli\u015fmeler ya\u015fan\u0131yor&#8217;"},"content":{"rendered":"<p style=\"text-align: center;\"><a href=\"http:\/\/www.korhanyilmaz.com\/wp-content\/uploads\/2012\/01\/9131.jpg\"  class=\"lightview\"><img loading=\"lazy\" decoding=\"async\" class=\"aligncenter  wp-image-46270\" src=\"http:\/\/www.korhanyilmaz.com\/wp-content\/uploads\/2012\/01\/9131.jpg\" alt=\"\" width=\"320\" height=\"214\" \/><\/a><\/p>\n<p style=\"text-align: justify;\">AP Sosyalist Grup Ba\u015fkan Yard\u0131mc\u0131s\u0131 Swoboda&#8217;dan CHP lideri K\u0131l\u0131\u00e7daro\u011flu hakk\u0131nda virelin fezleke i\u00e7in konu\u015ftu: T\u00fcrk h\u00fck\u00fcmetine g\u00fcvenimiz kayboluyor.<\/p>\n<p style=\"text-align: justify;\">BR\u00dcKSEL &#8211; Hakk\u0131nda fezleke d\u00fczenlenen CHP lideri Kemal K\u0131l\u0131\u00e7daro\u011flu\u2019na AB\u2019den destek geldi. AP Sosyalist Grup Ba\u015fkan Yard\u0131mc\u0131s\u0131 Swoboda, &#8220;Demokrasi i\u00e7in m\u00fccadele b\u00f6yle olmaz. K\u0131l\u0131\u00e7daro\u011flu\u2019na yap\u0131lanlar\u0131n demokraside kar\u015f\u0131l\u0131\u011f\u0131 yoktur. Kabul etme \u015fans\u0131m\u0131z ise hi\u00e7 yoktur&#8221; dedi. Swoboda ayr\u0131ca, &#8220;T\u00fcrk h\u00fck\u00fcmetine AB s\u00fcrecinde yard\u0131mc\u0131 olduk. Ancak son zamanlarda T\u00fcrkiye\u2019de tuhaf anla\u015f\u0131lmas\u0131 zor, kayg\u0131 verici ve kabul edilemeyecek geli\u015fmeler ya\u015fan\u0131yor. Bunlar\u0131 kabul edemeyiz. Bizim T\u00fcrk h\u00fck\u00fcmetine g\u00fcvenimiz kayboluyor&#8221; \u015feklinde konu\u015ftu.\u00a0<!--more--><\/p>\n<p style=\"text-align: justify;\">ABHaber\u2019e T\u00fcrkiye-AB s\u00fcrecinde ya\u015fanan geli\u015fmeler konusunda a\u00e7\u0131klamalar yapan AP\u2019nin T\u00fcrkiye dosyas\u0131na en hakim birka\u00e7 parlamenterinden biri olan eski T\u00fcrkiye raport\u00f6r\u00fc Swoboda, K\u0131l\u0131\u00e7daro\u011flu\u2019nun ba\u015f\u0131na gelenler konusunda k\u0131zg\u0131nl\u0131\u011f\u0131n\u0131 gizlemeyerek \u015funlar\u0131 kaydetti:<\/p>\n<p style=\"text-align: justify;\">&#8220;T\u00fcrk h\u00fck\u00fcmetine AB s\u00fcrecinde yard\u0131mc\u0131 olduk. Ancak son zamanlarda T\u00fcrkiye\u2019de tuhaf, anla\u015f\u0131lmas\u0131 zor, kayg\u0131 verici ve kabul edilemeyecek geli\u015fmeler ya\u015fan\u0131yor. Bunlar\u0131 kabul edemeyiz. Bizim T\u00fcrk h\u00fck\u00fcmetine g\u00fcvenimiz kayboluyor.&#8221;<\/p>\n<p style=\"text-align: justify;\"><strong>-&#8220;YEN\u0130 S\u0130V\u0130L ANAYASANIN DURUMUNUN NET OLMAMASI KABUL ED\u0130LEMEZ&#8221;-\u00a0<\/strong><\/p>\n<p style=\"text-align: justify;\">T\u00fcrk h\u00fck\u00fcmetine y\u00f6nelik b\u00fcy\u00fck bir hayal k\u0131r\u0131kl\u0131\u011f\u0131na u\u011frad\u0131klar\u0131n\u0131n alt\u0131n\u0131 \u00e7izen Hannes Swoboda, &#8220;H\u00fck\u00fcmet do\u011fru bir stratejiyi kaybetti.Eskiden T\u00fcrk h\u00fck\u00fcmetinin stratejisi a\u00e7\u0131k ve netti. Demokrasi i\u00e7erisinde sorunlar \u00e7\u00f6z\u00fclmeliydi.Askerlere kar\u015f\u0131 m\u00fccadeleyi abart\u0131p, gazetecilere y\u00f6nelik yap\u0131lanlar ve yeni sivil bir anayasan\u0131n durumunun net olmamas\u0131 pek de kabul edilecek bir\u015fey de\u011fil&#8221; \u015feklinde konu\u015ftu.<\/p>\n<p style=\"text-align: justify;\">Askeri rejime kar\u015f\u0131 verilen m\u00fccadele ve T\u00fcrkiye\u2019nin demokratikle\u015fmesi i\u00e7in T\u00fcrk h\u00fck\u00fcmetine her t\u00fcrl\u00fc deste\u011fi verdiklerinin alt\u0131n\u0131 \u00e7izen Swoboda, &#8220;Ama \u015fu anda bir\u00e7ok insan hapishanelerde uzun s\u00fcredir tutuluyor. Bunlar tuhaf ve kayg\u0131 verici \u015feyler. Gazetecilerin ve bir\u00e7ok sivilin hapishanelerde uzun s\u00fcredir h\u00fck\u00fcm giymeden tutuklu bulunmas\u0131 demokrasi ad\u0131na kabul edemeyiz&#8221; dedi.<\/p>\n<p style=\"text-align: justify;\"><strong>-&#8220;BUNLAR ANT\u0130 DEMOKRAT\u0130K UYGULAMALARDIR&#8221;-<\/strong><\/p>\n<p style=\"text-align: justify;\">Swoboda, &#8220;K\u0131l\u0131\u00e7daro\u011flu\u2019nun ba\u015f\u0131na gelenleri demokraside kabul etme \u015fans\u0131m\u0131z yoktur. H\u00fck\u00fcmetin bu stratejisini AB\u2019nin de desteklemesini beklemek hayaldir. Gazetecilerin i\u00e7eride tutulmas\u0131 bu \u00e7er\u00e7evede uzun tutukluluk s\u00fcresini AB kriteri ile ba\u011fda\u015ft\u0131rmay\u0131 kimse akl\u0131ndan ge\u00e7irmesin. T\u00fcrkiye\u2019de bas\u0131n \u00f6zg\u00fcrl\u00fc\u011f\u00fcyle ilgili \u00e7ok b\u00fcy\u00fck sorunlar var. Bunlar anti demokratik uygulamalard\u0131r&#8221; diye konu\u015ftu.<\/p>\n<p style=\"text-align: justify;\">T\u00fcrkiye\u2019nin hala bir sivil anayasa yapmaya uzak oldu\u011funa da i\u015faret eden Swoboda, &#8220;Anayasa ile ilgili ortada somut bir \u015fey yok. Bolca s\u00f6ylem var. Ne olaca\u011f\u0131 belli de\u011fil. T\u00fcrk demokrasisinin gelece\u011fi i\u00e7in iyi \u015feyler de\u011fil bunlar&#8221; dedi.<\/p>\n<p style=\"text-align: justify;\">Hannes Swboda, T\u00fcrkiye-AB ili\u015fkilerine y\u00f6nelik \u015funlar\u0131 kaydetti:<\/p>\n<p style=\"text-align: justify;\">&#8220;T\u00fcrkiye-AB ili\u015fkilerinde iki tane \u00f6nemli sorun var. Ayr\u0131ca bu ili\u015fkinin iki tarafda da sorun oldu\u011funu kabul etmeliyiz. Birincisi Avrupa\u2019da ekonomik ve yap\u0131sal sorunlar var. Bir taraftan Fransa\u2019daki i\u00e7 politik geli\u015fmeler ba\u011flam\u0131nda soyk\u0131r\u0131m se\u00e7imler \u00f6ncesi g\u00fcndeme getirilmesi de sorun oldu. Frans\u0131z Parlamenterler Ermeni Diasporas\u0131n\u0131n oyunu kazanmak istiyorlar. Anlayaca\u011f\u0131n\u0131z T\u00fcrkiye AB ili\u015fkilerinde b\u00fcy\u00fck sorunlar var.\u0130kinci sorun ise, T\u00fcrkiye\u2019deki demokratik geli\u015fmeler anla\u015f\u0131lmaz ve kayg\u0131 verici bir durumda. Biz T\u00fcrkiye\u2019nin demokratikle\u015fmesi i\u00e7in T\u00fcrk h\u00fck\u00fcmeti\u2019nin askere kar\u015f\u0131 m\u00fccadelesini destekteledik. Demokrasi i\u00e7in m\u00fccadele b\u00f6yle olmaz. K\u0131l\u0131\u00e7daro\u011flu\u2019na yap\u0131lanlar\u0131n demokraside kar\u015f\u0131l\u0131\u011f\u0131 yoktur. Kabul etme \u015fans\u0131m\u0131z ise hi\u00e7 yoktur.&#8221;<\/p>\n<p style=\"text-align: justify;\"><a href=\"http:\/\/www.radikal.com.tr\/Radikal.aspx?aType=RadikalDetayV3&amp;ArticleID=1075511&amp;CategoryID=78\" target=\"_blank\">Kaynak : Radikal.com.tr<\/a><\/p>\n","protected":false},"excerpt":{"rendered":"<p style=\"text-align: center;\">\n<p style=\"text-align: justify;\">AP Sosyalist Grup Ba\u015fkan Yard\u0131mc\u0131s\u0131 Swoboda&#8217;dan CHP lideri K\u0131l\u0131\u00e7daro\u011flu hakk\u0131nda virelin fezleke i\u00e7in konu\u015ftu: T\u00fcrk h\u00fck\u00fcmetine g\u00fcvenimiz kayboluyor.<\/p>\n<p style=\"text-align: justify;\">BR\u00dcKSEL &#8211; Hakk\u0131nda fezleke d\u00fczenlenen CHP lideri Kemal K\u0131l\u0131\u00e7daro\u011flu\u2019na AB\u2019den destek geldi. AP Sosyalist Grup Ba\u015fkan Yard\u0131mc\u0131s\u0131 Swoboda, &#8220;Demokrasi i\u00e7in m\u00fccadele b\u00f6yle olmaz. K\u0131l\u0131\u00e7daro\u011flu\u2019na yap\u0131lanlar\u0131n demokraside kar\u015f\u0131l\u0131\u011f\u0131 yoktur. Kabul etme <\/p>\n","protected":false},"author":1,"featured_media":0,"comment_status":"open","ping_status":"open","sticky":false,"template":"","format":"standard","meta":{"footnotes":""},"categories":[105],"tags":[],"class_list":["post-46269","post","type-post","status-publish","format-standard","hentry","category-gundem","odd"],"_links":{"self":[{"href":"http:\/\/www.korhanyilmaz.com\/index.php?rest_route=\/wp\/v2\/posts\/46269","targetHints":{"allow":["GET"]}}],"collection":[{"href":"http:\/\/www.korhanyilmaz.com\/index.php?rest_route=\/wp\/v2\/posts"}],"about":[{"href":"http:\/\/www.korhanyilmaz.com\/index.php?rest_route=\/wp\/v2\/types\/post"}],"author":[{"embeddable":true,"href":"http:\/\/www.korhanyilmaz.com\/index.php?rest_route=\/wp\/v2\/users\/1"}],"replies":[{"embeddable":true,"href":"http:\/\/www.korhanyilmaz.com\/index.php?rest_route=%2Fwp%2Fv2%2Fcomments&post=46269"}],"version-history":[{"count":0,"href":"http:\/\/www.korhanyilmaz.com\/index.php?rest_route=\/wp\/v2\/posts\/46269\/revisions"}],"wp:attachment":[{"href":"http:\/\/www.korhanyilmaz.com\/index.php?rest_route=%2Fwp%2Fv2%2Fmedia&parent=46269"}],"wp:term":[{"taxonomy":"category","embeddable":true,"href":"http:\/\/www.korhanyilmaz.com\/index.php?rest_route=%2Fwp%2Fv2%2Fcategories&post=46269"},{"taxonomy":"post_tag","embeddable":true,"href":"http:\/\/www.korhanyilmaz.com\/index.php?rest_route=%2Fwp%2Fv2%2Ftags&post=46269"}],"curies":[{"name":"wp","href":"https:\/\/api.w.org\/{rel}","templated":true}]}}