{"id":46265,"date":"2012-01-13T17:02:46","date_gmt":"2012-01-13T15:02:46","guid":{"rendered":"http:\/\/www.korhanyilmaz.com\/?p=46265"},"modified":"2012-01-13T18:43:26","modified_gmt":"2012-01-13T16:43:26","slug":"erdogan-don-kisotun-bile-hayal-dunyasi-bu-kadar-zengin-degildi","status":"publish","type":"post","link":"http:\/\/www.korhanyilmaz.com\/?p=46265","title":{"rendered":"Erdo\u011fan: Don Ki\u015fot&#8217;un bile hayal d\u00fcnyas\u0131 bu kadar zengin de\u011fildi"},"content":{"rendered":"<p style=\"text-align: center;\"><a href=\"http:\/\/www.korhanyilmaz.com\/wp-content\/uploads\/2012\/01\/9130.jpg\"  class=\"lightview\"><img loading=\"lazy\" decoding=\"async\" class=\"aligncenter  wp-image-46266\" src=\"http:\/\/www.korhanyilmaz.com\/wp-content\/uploads\/2012\/01\/9130.jpg\" alt=\"\" width=\"338\" height=\"223\" \/><\/a><\/p>\n<p style=\"text-align: justify;\">3. Enerji Verimlili\u011fi konferas\u0131nda konu\u015fan Ba\u015fbakan Recep Tayyip Erdo\u011fan, CHP lideri Kemal K\u0131l\u0131\u00e7daro\u011flu&#8217;nun, hakk\u0131nda verilen fezlekeye g\u00f6sterdi\u011fi tepkileri ele\u015ftirerek &#8216;Don Ki\u015fot&#8217;un bile hayal d\u00fcnyas\u0131 bu kadar zengin de\u011fildi&#8217; dedi.<\/p>\n<p style=\"text-align: justify;\">\u0130STANBUL &#8211; Ba\u015fbakan konu\u015fmas\u0131nda fezleke tart\u0131\u015fmalar\u0131na de\u011finerek, CHP Genel Ba\u015fkan\u0131 Kemal K\u0131l\u0131\u00e7daro\u011flu&#8217;na sert ele\u015ftirilerde bulundu. CHP&#8217;nin K\u0131l\u0131\u00e7daro\u011flu hakk\u0131nda d\u00fczenlenen fezlekenin ard\u0131ndan k\u0131yameti kopard\u0131\u011f\u0131n\u0131 s\u00f6yleyen Erdo\u011fan, &#8221; Asl\u0131nda dert ba\u015fka, kendi i\u00e7indeki s\u0131k\u0131nt\u0131y\u0131 nas\u0131l giderecek ona bak\u0131yor&#8221; dedi.<!--more--><\/p>\n<p style=\"text-align: justify;\">Erdo\u011fan, T\u00fcrkiye\u2019de ya\u015fanan ekonomik ilerlemenin muhalefetin hi\u00e7 g\u00fcndeminde olmad\u0131\u011f\u0131n\u0131 belirterek, \u015fu g\u00f6r\u00fc\u015fleri dile getirdi:<\/p>\n<p style=\"text-align: justify;\">\u201cT\u00fcrkiye, d\u00fcnyan\u0131n en h\u0131zl\u0131 b\u00fcy\u00fcyen, en y\u00fcksek oranda b\u00fcy\u00fcyen \u00fclkeleri aras\u0131nda yer al\u0131yor, millet bundan gurur duyuyor, sevin\u00e7 duyuyor; milletin umudu art\u0131yor, ama muhalefet ne bu sevinci, ne bu umudu milletle payla\u015fm\u0131yor, payla\u015fam\u0131yor. \u00d6yle b\u00fcy\u00fcmeymi\u015f, enerjiymi\u015f, yoksullukla m\u00fccadeleymi\u015f, muhalefetin g\u00fcndeminde bunlar\u0131n hi\u00e7biri yok. Hi\u00e7 bunlar\u0131 payla\u015fmak yok.<\/p>\n<p style=\"text-align: justify;\">Ana muhalefet partisi Genel Ba\u015fkan\u0131 Br\u00fcksel&#8217;e gidiyor, orada a\u00e7\u0131k a\u00e7\u0131k T\u00fcrkiye ekonomisinin iyiye gitmedi\u011fini, geli\u015fmelerin abart\u0131ld\u0131\u011f\u0131n\u0131 ifade ediyor. Adeta &#8216;sak\u0131n T\u00fcrkiye&#8217;ye yat\u0131r\u0131m yapmay\u0131n&#8217; dercesine T\u00fcrkiye ekonomisini Avrupa&#8217;da karal\u0131yor, k\u00f6t\u00fcl\u00fcyor. De\u011ferli arkada\u015flar, milliyetperverlik bu mudur, vatanseverlik bu mudur?<\/p>\n<p style=\"text-align: justify;\">Enerji Bakan\u0131m\u0131za Rusya&#8217;da yap\u0131lan imza t\u00f6reniyle ilgili &#8216;milli felaket&#8217; diyor. Benim bakan\u0131m T\u00fcrkiye&#8217;ye enerjide \u00e7ok \u00f6nemli kazan\u0131mlar getiren bir anla\u015fmaya imza att\u0131\u011f\u0131 i\u00e7in e\u011fer milli felaket oluyorsa acaba Br\u00fcksel&#8217;de T\u00fcrkiye ekonomisini k\u00f6t\u00fcleyenler i\u00e7in hangi s\u0131fat\u0131 kullanaca\u011f\u0131z?\u201d<\/p>\n<p style=\"text-align: justify;\">D\u00fcnyan\u0131n T\u00fcrkiye&#8217;yi b\u00fcy\u00fcyen, geli\u015fen \u00fclkeler i\u00e7erisinde devaml\u0131 \u00f6vd\u00fc\u011f\u00fcn\u00fc, \u015fu anda \u00c7in&#8217;den sonra 2011 itibariyle d\u00fcnyan\u0131n b\u00fcy\u00fcmede ikinci \u00fclkesi olan T\u00fcrkiye&#8217;yi \u00f6vg\u00fcyle anlatt\u0131\u011f\u0131n\u0131 ifade eden Erdo\u011fan, \u201cBu beyefendiler hala k\u00f6t\u00fcleme yar\u0131\u015f\u0131na gidiyor\u201d dedi.<\/p>\n<p style=\"text-align: justify;\"><strong>DON K\u0130\u015eOT&#8217;UN B\u0130LE HAYAL D\u00dcNYASI BU KADAR ZENG\u0130N DE\u011e\u0130LD\u0130<\/strong><\/p>\n<p style=\"text-align: justify;\">Ba\u015fbakan Erdo\u011fan, ana muhalefet partisiyle aralar\u0131nda \u00e7ok \u00f6nemli bir fark bulundu\u011funu belirterek, konu\u015fmas\u0131na \u015f\u00f6yle devam etti:<\/p>\n<p style=\"text-align: justify;\">\u201cBiz yelden enerji \u00fcretmenin m\u00fccadelesi i\u00e7erisindeyiz, onlar yelde\u011firmenleriyle sava\u015f halinde. \u0130\u015fte g\u00fcnlerdir g\u00f6r\u00fcyorsunuz; bir fezleke d\u00fczenlendi diye k\u0131yamet kopuyor. Asl\u0131nda dert ba\u015fka. Dert, kendi i\u00e7indeki s\u0131k\u0131nt\u0131y\u0131 nas\u0131l giderecek, ona bak\u0131yor. Bak\u0131n burada bir ger\u00e7e\u011fi size anlatay\u0131m, bu \u00e7ok \u00f6nemli, \u00e7\u00fcnk\u00fc takip edememi\u015f olabilirsiniz. Son derece abart\u0131l\u0131 bi\u00e7imde ortal\u0131\u011f\u0131 velveleye verdiler. Adeta fezlekeden bir kahraman \u00e7\u0131karma gayreti i\u00e7indeler. \u015eapkadan tav\u015fan \u00e7\u0131kar ama kusura bakmas\u0131nlar, fezlekeden kahraman \u00e7\u0131kmaz.<\/p>\n<p style=\"text-align: justify;\">\u015eu anda TBMM&#8217;de ben dahil bir\u00e7ok milletvekili i\u00e7in, alt\u0131n\u0131 \u00e7izerek s\u00f6yl\u00fcyorum, 622 adet fezleke var. Benimle ilgili 3 tane fezleke var. CHP eski Genel Ba\u015fkan\u0131 say\u0131n Baykal&#8217;la ilgili 3 fezleke var. Say\u0131n K\u0131l\u0131\u00e7daro\u011flu ile ilgili de daha \u00f6nce Meclis&#8217;e gelmi\u015f; g\u00f6revi suistimalden, hakaretten, tehditten, iftiradan tam 13 fezleke var. Bu de\u011fil yani ilk fezleke&#8230;<\/p>\n<p style=\"text-align: justify;\">Bu en son haz\u0131rlanan fezlekenin benzeri, yani kamu g\u00f6revlisine hakaretten, adil yarg\u0131lamay\u0131 etkilemeye te\u015febb\u00fcsten daha \u00f6nce 4 tane fezleke haz\u0131rlanm\u0131\u015f. Yani ilk kez fezleke haz\u0131rlanm\u0131yor. \u015eimdi bir ucuz kahramanl\u0131\u011f\u0131n i\u00e7indeler. Bir fezlekeden, 622 fezleke aras\u0131nda sadece 1 fezlekeden, kalkt\u0131lar dara\u011fac\u0131n\u0131 telaffuz etmeye ba\u015flad\u0131lar.<\/p>\n<p style=\"text-align: justify;\">Kusura bakmay\u0131n ama, o me\u015fhur roman kahraman\u0131 Don Ki\u015fot&#8217;un bile hayal d\u00fcnyas\u0131 bu kadar zengin de\u011fildi. Don Ki\u015fot bari yelde\u011firmenleriyle sava\u015f\u0131yor. Say\u0131n K\u0131l\u0131\u00e7daro\u011flu&#8217;nun ise neyle sava\u015ft\u0131\u011f\u0131 bile belli de\u011fil. Olsa olsa kendi i\u00e7indeki s\u0131k\u0131nt\u0131lar\u0131 gidermekten \u00f6te bir \u015fey de\u011fildir.<\/p>\n<p style=\"text-align: justify;\">Meclis Ba\u015fkan\u0131&#8217;na toplu halde gidiyorlar. Belki sizler bile demi\u015fsinizdir ki &#8216;\u015fu cengaverli\u011fe bak be. Hepsi birlikte dokunulmazl\u0131klar\u0131 kalks\u0131n diye Meclis Ba\u015fkan\u0131&#8217;na gittiler&#8217;. Ama bunlar\u0131n i\u00e7inde hi\u00e7 hukuk\u00e7u da m\u0131 yok? Acaba bunlar ni\u00e7in dilek\u00e7e veriyorlar? De\u011ferli karde\u015flerim, hakk\u0131nda fezleke olmayan milletvekili, &#8216;dokunulmazl\u0131\u011f\u0131m\u0131 kald\u0131r\u0131n&#8217; diye dilek\u00e7e verir mi? B\u00f6yle bir \u015fey yok. Ama bunlar bunu yap\u0131yor. Niye? &#8216;Belki yutarlar&#8217;&#8230;\u201d<\/p>\n<p style=\"text-align: justify;\"><strong>\u2018\u0130LLA T\u0130YATRO G\u00d6RMEK \u0130ST\u0130YORLARSA, KEND\u0130LER\u0130NE BAKSINLAR\u2019<\/strong><\/p>\n<p style=\"text-align: justify;\">Ba\u015fbakan Erdo\u011fan, \u201cSilvri&#8217;de milletin hakimleri, savc\u0131lar\u0131, millet ad\u0131na san\u0131klar\u0131 yarg\u0131l\u0131yor. \u0130lla tiyatro g\u00f6rmek istiyorlarsa, kendilerine baks\u0131nlar, kendi parti grup toplant\u0131lar\u0131na baks\u0131nlar. Zira CHP Grubunun, komedya sergileyen tiyatrodan fark\u0131 kalmad\u0131\u201d diye konu\u015ftu.<\/p>\n<p style=\"text-align: justify;\">Bu konuyu, Sal\u0131 g\u00fcn\u00fc AK Parti Gurup Toplant\u0131s\u0131&#8217;nda ayr\u0131nt\u0131s\u0131yla de\u011ferlendirece\u011fini dile getiren Erdo\u011fan, \u201cBug\u00fcn burada vaktinizi daha fazla almak istemiyorum. Ama bizim nelerle u\u011fra\u015ft\u0131\u011f\u0131m\u0131z\u0131n muhalefetin nelerle u\u011fra\u015ft\u0131\u011f\u0131n\u0131n g\u00f6r\u00fclmesi noktas\u0131nda, bunlar\u0131n \u00f6nemli oldu\u011funa inan\u0131yorum, onun i\u00e7in de bunlar\u0131 sizlerle payla\u015ft\u0131m\u201d dedi.<\/p>\n<p style=\"text-align: justify;\"><a href=\"http:\/\/www.radikal.com.tr\/Radikal.aspx?aType=RadikalDetayV3&amp;ArticleID=1075513&amp;CategoryID=78\" target=\"_blank\">Kaynak : Radikal.com.tr<\/a><\/p>\n","protected":false},"excerpt":{"rendered":"<p style=\"text-align: center;\">\n<p style=\"text-align: justify;\">3. Enerji Verimlili\u011fi konferas\u0131nda konu\u015fan Ba\u015fbakan Recep Tayyip Erdo\u011fan, CHP lideri Kemal K\u0131l\u0131\u00e7daro\u011flu&#8217;nun, hakk\u0131nda verilen fezlekeye g\u00f6sterdi\u011fi tepkileri ele\u015ftirerek &#8216;Don Ki\u015fot&#8217;un bile hayal d\u00fcnyas\u0131 bu kadar zengin de\u011fildi&#8217; dedi.<\/p>\n<p style=\"text-align: justify;\">\u0130STANBUL &#8211; Ba\u015fbakan konu\u015fmas\u0131nda fezleke tart\u0131\u015fmalar\u0131na de\u011finerek, CHP Genel Ba\u015fkan\u0131 Kemal K\u0131l\u0131\u00e7daro\u011flu&#8217;na sert ele\u015ftirilerde bulundu. CHP&#8217;nin K\u0131l\u0131\u00e7daro\u011flu hakk\u0131nda d\u00fczenlenen <\/p>\n","protected":false},"author":1,"featured_media":0,"comment_status":"open","ping_status":"open","sticky":false,"template":"","format":"standard","meta":{"footnotes":""},"categories":[105],"tags":[],"class_list":["post-46265","post","type-post","status-publish","format-standard","hentry","category-gundem","odd"],"_links":{"self":[{"href":"http:\/\/www.korhanyilmaz.com\/index.php?rest_route=\/wp\/v2\/posts\/46265","targetHints":{"allow":["GET"]}}],"collection":[{"href":"http:\/\/www.korhanyilmaz.com\/index.php?rest_route=\/wp\/v2\/posts"}],"about":[{"href":"http:\/\/www.korhanyilmaz.com\/index.php?rest_route=\/wp\/v2\/types\/post"}],"author":[{"embeddable":true,"href":"http:\/\/www.korhanyilmaz.com\/index.php?rest_route=\/wp\/v2\/users\/1"}],"replies":[{"embeddable":true,"href":"http:\/\/www.korhanyilmaz.com\/index.php?rest_route=%2Fwp%2Fv2%2Fcomments&post=46265"}],"version-history":[{"count":0,"href":"http:\/\/www.korhanyilmaz.com\/index.php?rest_route=\/wp\/v2\/posts\/46265\/revisions"}],"wp:attachment":[{"href":"http:\/\/www.korhanyilmaz.com\/index.php?rest_route=%2Fwp%2Fv2%2Fmedia&parent=46265"}],"wp:term":[{"taxonomy":"category","embeddable":true,"href":"http:\/\/www.korhanyilmaz.com\/index.php?rest_route=%2Fwp%2Fv2%2Fcategories&post=46265"},{"taxonomy":"post_tag","embeddable":true,"href":"http:\/\/www.korhanyilmaz.com\/index.php?rest_route=%2Fwp%2Fv2%2Ftags&post=46265"}],"curies":[{"name":"wp","href":"https:\/\/api.w.org\/{rel}","templated":true}]}}