{"id":46261,"date":"2012-01-13T14:52:48","date_gmt":"2012-01-13T12:52:48","guid":{"rendered":"http:\/\/www.korhanyilmaz.com\/?p=46261"},"modified":"2012-01-13T18:48:48","modified_gmt":"2012-01-13T16:48:48","slug":"duduklu-tencerenin-hava-delikleri-kapali","status":"publish","type":"post","link":"http:\/\/www.korhanyilmaz.com\/?p=46261","title":{"rendered":"D\u00fcd\u00fckl\u00fc tencerenin hava delikleri kapal\u0131"},"content":{"rendered":"<div id=\"attachment_46262\" style=\"width: 356px\" class=\"wp-caption aligncenter\"><a href=\"http:\/\/www.korhanyilmaz.com\/wp-content\/uploads\/2012\/01\/9129.jpg\"  class=\"lightview\"><img loading=\"lazy\" decoding=\"async\" aria-describedby=\"caption-attachment-46262\" class=\" wp-image-46262  \" src=\"http:\/\/www.korhanyilmaz.com\/wp-content\/uploads\/2012\/01\/9129.jpg\" alt=\"\" width=\"346\" height=\"229\" \/><\/a><p id=\"caption-attachment-46262\" class=\"wp-caption-text\">Mahmut Al\u0131nak<\/p><\/div>\n<p style=\"text-align: justify;\">KCK operasyonu sonras\u0131nda tutuklanan eski milletvekili Mahmut Al\u0131nak Radikal i\u00e7in yazd\u0131.<\/p>\n<p style=\"text-align: justify;\">Makale yazarak \u201cter\u00f6rist\u201d olunaca\u011f\u0131n\u0131, dahice (!) fikirlerinden tan\u0131d\u0131\u011f\u0131m\u0131z \u0130\u00e7i\u015fleri Bakan\u0131 \u0130dris Naim \u015eahin\u2019den \u00f6\u011frendik. Ge\u00e7enlerde, \u201cBilimsel ter\u00f6r var, \u015eiir yazarak, makale yazarak, karikat\u00fcr \u00e7izerek,&#8230;\u201d dedi ya, herkese parmak \u0131s\u0131rtt\u0131. Bu tarife g\u00f6re ben bir ter\u00f6ristim. Buna birazdan d\u00f6nece\u011fim. D\u00fcnyada hala b\u00f6yle bir su\u00e7 tan\u0131m\u0131 var m\u0131, ya da olmu\u015f muydu, bilmiyorum!\u00a0<!--more--><\/p>\n<p style=\"text-align: justify;\">Herhalde Hitler, Stalin ve Mussolini zaman\u0131nda vard\u0131. Bug\u00fcn de bir\u00e7ok Arap ve Afrika diiktat\u00f6rl\u00fc\u011f\u00fcnde oldu\u011funu san\u0131yorum. Anla\u015f\u0131lan \u0130dris Naim \u015eahin tarihin mahkum etti\u011fi diktat\u00f6rlerden epey etkilenmi\u015f. Yar\u0131n k\u00fcrs\u00fcye \u00e7\u0131k\u0131p, \u201cIsl\u0131k \u00e7alarak ter\u00f6r su\u00e7u i\u015fliyorlar\u201d derse, kimse \u015fa\u015f\u0131rmayacak. Bence bu bir marangozluk hatas\u0131 de\u011fil, bir fikirsizlik ve \u00e7aresizlik halidir. AKP hakim ve savc\u0131lar\u0131 da onunla ayn\u0131 kafada. \u0130dam cezas\u0131 y\u00fcr\u00fcrl\u00fckte olsa, \u0130ran mollalar\u0131 gibi her g\u00fcn adam asacaklar. Binlerce siyaset\u00e7i ve d\u00fc\u015f\u00fcn\u00fcr\u00fc ipe sapa gelmez su\u00e7lamalar\u0131n hedefine koyup hapishanelere kapatt\u0131lar. Asl\u0131nda her dosya buna bir \u00f6rnektir. Kimi avukatl\u0131k yaparak, kimi BDP y\u00f6netiminde yer alarak, kimi foto\u011fraf \u00e7ekerek, kimi gazetecilik yaparak \u201cter\u00f6rist\u201d olmu\u015f!<\/p>\n<p style=\"text-align: justify;\">Kendimden \u00f6rnek vereyim. Beni, Gen\u00e7ler \u00d6lmesin Ocaklar S\u00f6nmesin \u201cGEOS\u201d ad\u0131na bir defa gidip g\u00f6r\u00fc\u015ft\u00fc\u011f\u00fcm \u00d6calan\u2019\u0131n kuryesi olmakla su\u00e7luyorlar! Bu su\u00e7lamay\u0131 yaparken herhangi bir delie dayanma ihtiyac\u0131 da duymuyorlar. \u201cBu konuda zerre kadar bir delil varsa g\u00f6sterin\u201d diyorum, bo\u015f bo\u015f g\u00f6zlerime bak\u0131yorlar. Kuryelik hikaye, i\u015fin asl\u0131 \u015fudur: AKP y\u00f6netimi yazd\u0131\u011f\u0131m makalelerden \u00e7ok rahats\u0131z oluyordu. Bunu kulislerdeki konu\u015fmalar\u0131ndan biliyorum. Onlar makalelerimden rahats\u0131z olunca savc\u0131lar talimatla hemen harekete ge\u00e7ti. Ben deb\u00f6ylece \u201cmakale ter\u00f6risti\u201d oldum. Ama ne ac\u0131kl\u0131 bir hal ki, gizlisi sakl\u0131s\u0131 olmayan o makalelerden ba\u015fka \u00f6n\u00fcme koyabilecekleri hi\u00e7 bir \u015fey yok. Ama bir \u201cmakale ter\u00f6risti\u201d olarak hapishaneye at\u0131l\u0131\u015f\u0131m \u00e7ok iyi oldu. \u00c7\u00fcnk\u00fc Gizli Humeynicilerin keli g\u00f6r\u00fcnd\u00fc, onca cafcafl\u0131 laflar\u0131na ra\u011fmen, d\u00fc\u015f\u00fcncenin hala \u00e7arm\u0131hta oldu\u011fu bir defa daha ortaya \u00e7\u0131kt\u0131. Peki, KCK ad\u0131 alt\u0131nda s\u00fcrd\u00fcr\u00fclen bu operasyonlar AKP\u2019nin murat etti\u011fi sonu\u00e7lar\u0131 yaratabilecek mi? Uzak ve yak\u0131n tarih bunun m\u00fcmk\u00fcn olmad\u0131\u011f\u0131n\u0131 s\u00f6yl\u00fcyor. Tarih okumak zor geliyorsa, merak edenler K\u00fcrtler aras\u0131nda bir se\u00e7im anketi yaps\u0131nlar. BDP\u2019deki y\u00fckseli\u015fi g\u00f6rd\u00fcklerinde onlar da \u015fa\u015f\u0131r\u0131p kalacaklar.<\/p>\n<p style=\"text-align: justify;\">\u0130stanbul emniyetinde g\u00f6zalt\u0131ndayken polis yetkilileri bu operasyonlar\u0131n nas\u0131l bir sonu\u00e7 do\u011furaca\u011f\u0131n\u0131 sordular bana. \u201cAKP y\u00f6netimi d\u00fcd\u00fckl\u00fc tencerenin hava deliklerini kapat\u0131p alt\u0131na k\u00fcrekler dolusu ate\u015fler at\u0131yor. B\u00f6yle giderse tencere patlayacak\u201d dedim. \u201cSe\u00e7imden sonra korkun\u00e7 \u015feyler olacak\u201d diyerek, televizyonlarda feryat ettim. Ama kimseye sesimi duyuramad\u0131m. Ne yaz\u0131k ki, se\u00e7imden bu yana en az 600 gen\u00e7 hayat\u0131n\u0131 kaybetti. Karar vericiler \u00e7at\u0131\u015fmalarda, operasyonlarda \u00e7ocuklar\u0131n\u0131 kaybetmi\u015fanne ve babalar olsayd\u0131, eminim bu kan bir g\u00fcnde dururdu. O anne ve babalar ac\u0131lar\u0131n\u0131 y\u00fcreklerine g\u00f6m\u00fcp bu k\u00f6rd\u00fc\u011f\u00fcm\u00fc \u00e7\u00f6zerdi. Gel g\u00f6r ki, karar vericiler h\u00fck\u00fcmetler olunca durum de\u011fi\u015fiyor. Dedi\u011fim gibi, AKP hava deliklerini kapatt\u0131\u011f\u0131 tencerenin alt\u0131na k\u00fcrekler dolusu ate\u015f at\u0131yor. Bakal\u0131m tencerenin \u00e7eli\u011fi s\u0131k\u0131\u015fan gaz\u0131n bas\u0131nc\u0131na daha ne kadar dayanacak? B\u00f6yle s\u00fcrerse korkar\u0131m ki, k\u00f6t\u00fc \u015feyler olacak! Sonu\u00e7 olarak, AKP \u00e7ok tehlikeli bir proje uyguluyor. Sivil siyaset bu kanl\u0131 projeyi bo\u015fa \u00e7\u0131kartacak alternatif projeler yaratma y\u00fck\u00fcml\u00fcl\u00fc\u011f\u00fc alt\u0131ndad\u0131r.<\/p>\n<p style=\"text-align: justify;\"><em>* Kars ve \u015e\u0131rnak eski milletvekili, Kand\u0131ra F tipi 2 nolu cezaevi<\/em><\/p>\n<p style=\"text-align: justify;\"><a href=\"http:\/\/www.radikal.com.tr\/Radikal.aspx?aType=RadikalDetayV3&amp;ArticleID=1075503&amp;CategoryID=78\" target=\"_blank\">Kaynak : Radikal.com.tr<\/a><\/p>\n","protected":false},"excerpt":{"rendered":"<p id=\"caption-attachment-46262\" class=\"wp-caption-text\">Mahmut Al\u0131nak<\/p>\n<p style=\"text-align: justify;\">KCK operasyonu sonras\u0131nda tutuklanan eski milletvekili Mahmut Al\u0131nak Radikal i\u00e7in yazd\u0131.<\/p>\n<p style=\"text-align: justify;\">Makale yazarak \u201cter\u00f6rist\u201d olunaca\u011f\u0131n\u0131, dahice (!) fikirlerinden tan\u0131d\u0131\u011f\u0131m\u0131z \u0130\u00e7i\u015fleri Bakan\u0131 \u0130dris Naim \u015eahin\u2019den \u00f6\u011frendik. Ge\u00e7enlerde, \u201cBilimsel ter\u00f6r var, \u015eiir yazarak, makale yazarak, karikat\u00fcr \u00e7izerek,&#8230;\u201d dedi ya, herkese parmak \u0131s\u0131rtt\u0131. Bu tarife g\u00f6re ben bir ter\u00f6ristim. Buna <\/p>\n","protected":false},"author":1,"featured_media":0,"comment_status":"open","ping_status":"open","sticky":false,"template":"","format":"standard","meta":{"footnotes":""},"categories":[105],"tags":[],"class_list":["post-46261","post","type-post","status-publish","format-standard","hentry","category-gundem","odd"],"_links":{"self":[{"href":"http:\/\/www.korhanyilmaz.com\/index.php?rest_route=\/wp\/v2\/posts\/46261","targetHints":{"allow":["GET"]}}],"collection":[{"href":"http:\/\/www.korhanyilmaz.com\/index.php?rest_route=\/wp\/v2\/posts"}],"about":[{"href":"http:\/\/www.korhanyilmaz.com\/index.php?rest_route=\/wp\/v2\/types\/post"}],"author":[{"embeddable":true,"href":"http:\/\/www.korhanyilmaz.com\/index.php?rest_route=\/wp\/v2\/users\/1"}],"replies":[{"embeddable":true,"href":"http:\/\/www.korhanyilmaz.com\/index.php?rest_route=%2Fwp%2Fv2%2Fcomments&post=46261"}],"version-history":[{"count":0,"href":"http:\/\/www.korhanyilmaz.com\/index.php?rest_route=\/wp\/v2\/posts\/46261\/revisions"}],"wp:attachment":[{"href":"http:\/\/www.korhanyilmaz.com\/index.php?rest_route=%2Fwp%2Fv2%2Fmedia&parent=46261"}],"wp:term":[{"taxonomy":"category","embeddable":true,"href":"http:\/\/www.korhanyilmaz.com\/index.php?rest_route=%2Fwp%2Fv2%2Fcategories&post=46261"},{"taxonomy":"post_tag","embeddable":true,"href":"http:\/\/www.korhanyilmaz.com\/index.php?rest_route=%2Fwp%2Fv2%2Ftags&post=46261"}],"curies":[{"name":"wp","href":"https:\/\/api.w.org\/{rel}","templated":true}]}}