{"id":46253,"date":"2012-01-13T14:11:25","date_gmt":"2012-01-13T12:11:25","guid":{"rendered":"http:\/\/www.korhanyilmaz.com\/?p=46253"},"modified":"2012-01-13T18:19:42","modified_gmt":"2012-01-13T16:19:42","slug":"mahkeme-baskanindan-balbaya-ince-ayar","status":"publish","type":"post","link":"http:\/\/www.korhanyilmaz.com\/?p=46253","title":{"rendered":"Mahkeme Ba\u015fkan\u0131&#8217;ndan Balbay&#8217;a ince ayar"},"content":{"rendered":"<p style=\"text-align: justify;\">\n<p style=\"text-align: center;\"><a href=\"http:\/\/www.korhanyilmaz.com\/wp-content\/uploads\/2012\/01\/91281.jpg\"  class=\"lightview\"><img loading=\"lazy\" decoding=\"async\" class=\"aligncenter  wp-image-46255\" src=\"http:\/\/www.korhanyilmaz.com\/wp-content\/uploads\/2012\/01\/91281.jpg\" alt=\"\" width=\"320\" height=\"238\" \/><\/a><\/p>\n<p style=\"text-align: justify;\">\u0130kinci Ergenekon davas\u0131n\u0131n 150. duru\u015fmas\u0131n\u0131n talepler b\u00f6l\u00fcm\u00fcnde konu\u015fan tutuklu san\u0131k gazeteci ve CHP Milletvekili Mustafa Balbay ile mahkeme ba\u015fkan\u0131 aras\u0131nda ilgin\u00e7 diyalog&#8230;<\/p>\n<p style=\"text-align: justify;\">Milletvekili olarak g\u00f6revimi yapmam\u0131 engelliyosunuz diyen Balbay&#8217;a Mahkeme Ba\u015fkan\u0131 &#8220;Siz tutukluyken vekil se\u00e7ildiniz. Vekilken tutuklanmad\u0131n\u0131z&#8221; dedi.<!--more--><\/p>\n<p style=\"text-align: justify;\">\u0130kinci Ergenekon davas\u0131n\u0131n 150. duru\u015fmas\u0131n\u0131n talepler b\u00f6l\u00fcm\u00fcnde konu\u015fan tutuklu san\u0131k gazeteci ve CHP Milletvekili Mustafa Balbay, s\u00f6zlerine Avrupa Gazeteciler Federasyonu Ba\u015fkan\u0131 (EFJ) Arne K\u00f6nig&#8217;i ve t\u00fcm izleyicileri selamlayarak ba\u015flad\u0131. Balbay, T\u00fcrkiye Gazeteciler Sendikas\u0131 Ba\u015fkan\u0131 Ercan \u0130pek\u00e7i&#8217;ye, Uluslar aras\u0131 Gazeteciler Federasyonu&#8217;nun (FIJ) yenilenen Uluslar aras\u0131 Bas\u0131n Kart\u0131&#8217;n\u0131 kendisine iletti\u011fini i\u00e7in te\u015fekk\u00fcr etti.<\/p>\n<p style=\"text-align: justify;\"><strong>\u201cT\u0130YATROYA HO\u015e GELD\u0130N\u0130Z&#8221;\u00a0<\/strong><\/p>\n<p style=\"text-align: justify;\">EFJ Ba\u015fkan\u0131 K\u00f6nig\u2019 e, Almanca olarak \u201cTiyatroya ho\u015f geldiniz&#8221; diyen Balbay, gazetecili\u011fin \u00fclke ile nefes al\u0131p vermek oldu\u011funu, \u00fclkesinin insanlar\u0131 i\u00e7in yat\u0131p kalkt\u0131\u011f\u0131n\u0131 daha \u00f6nce vurgulad\u0131\u011f\u0131n\u0131 s\u00f6yleyerek, \u201c\u00d6zg\u00fcr olsayd\u0131m, gazetecilik mesle\u011fine devam ediyor olsayd\u0131m, b\u00fcy\u00fck olas\u0131l\u0131kla M\u0130T M\u00fcste\u015far\u0131&#8217;n\u0131n yapt\u0131\u011f\u0131 g\u00f6r\u00fc\u015fmede olurdum. Mesle\u011fimi \u00f6zg\u00fcrce s\u00fcrd\u00fcr\u00fcyor olsayd\u0131m Cumhurba\u015fkan\u0131&#8217;na, Ba\u015fbakan&#8217;a, Genelkurmay Ba\u015fkan\u0131&#8217;na not b\u0131rak\u0131rd\u0131m. Biliyorsunuz Genelkurmay Ba\u015fkan\u0131 4 gazeteciyle r\u00f6portaj yapt\u0131. Burada benim gazetecilik mesle\u011fini yaparken kulland\u0131\u011f\u0131m belgelerden, kitaplar\u0131mdan, notlar\u0131mdan, g\u00f6r\u00fc\u015fmelerimden &#8216;ter\u00f6r \u00f6rg\u00fct\u00fc&#8217; \u00fcretilmeye \u00e7al\u0131\u015f\u0131l\u0131yor. Ancak iddia edildi\u011fi gibi bir \u00f6rg\u00fcte ula\u015f\u0131lamad\u0131&#8221; diye konu\u015ftu.<\/p>\n<p style=\"text-align: justify;\"><strong>\u201cKAOS ORTAMINI YARGI YARATMI\u015eTIR&#8221;\u00a0<\/strong><\/p>\n<p style=\"text-align: justify;\">T\u00fcrkiye\u2019deki son geli\u015fmelere bak\u0131ld\u0131\u011f\u0131nda kaos ortam\u0131 ve belirsizli\u011fin hakim oldu\u011funun g\u00f6r\u00fclece\u011fini ifade eden Balbay, \u201cBizlere y\u00f6neltilen \u2018kaos ortam\u0131 yaratma\u2019 su\u00e7lamas\u0131n\u0131 \u015fu an T\u00fcrkiye\u2019de yarg\u0131 yaratm\u0131\u015ft\u0131r&#8221; diye konu\u015ftu. Bunun \u00fczerine Mahkeme Ba\u015fkan\u0131 Hasan H\u00fcseyin \u00d6zese, \u201cYarg\u0131 kaos ortam\u0131 yaratmaz. G\u00f6revini yapar&#8221; dedi.<\/p>\n<p style=\"text-align: justify;\"><strong>\u201cYARGI RAYINA DE\u011e\u0130L KARAYA OTURDU&#8221;\u00a0<\/strong><\/p>\n<p style=\"text-align: justify;\">\u201cT\u00fcrkiye\u2019de insanlar\u0131n su\u00e7lu olup olmamas\u0131n\u0131 ge\u00e7tik nerede ve nas\u0131l yarg\u0131lanaca\u011f\u0131 tart\u0131\u015f\u0131l\u0131yor&#8221; diyerek Genelkurmay eski Ba\u015fkan\u0131 \u0130lker Ba\u015fbu\u011f\u2019un sivil mahkemede mi yoksa Y\u00fcce divanda m\u0131 yarg\u0131lanmas\u0131 gerekti\u011fi tart\u0131\u015fmalar\u0131na at\u0131fta bulunan Balbay, geli\u015fmi\u015f \u00fclkelerde ise bu konular\u0131n uzun zaman \u00f6nce a\u015f\u0131ld\u0131\u011f\u0131n\u0131 ifade etti. Hukukun ikiye b\u00f6l\u00fcnd\u00fc\u011f\u00fcn\u00fc \u00f6ne s\u00fcren Balbay, \u201cBug\u00fcn y\u00fcce meclis kilitlenmi\u015fse ana muhalefet partisinin 134 milletvekili meclisin d\u0131\u015f\u0131na itilmeye \u00e7al\u0131\u015f\u0131l\u0131yorsa yarg\u0131 ray\u0131na de\u011fil, karaya oturmu\u015ftur&#8221; diye konu\u015ftu.<\/p>\n<p style=\"text-align: justify;\"><strong>&#8220;HAYAL\u0130M B\u0130RG\u00dcN S\u0130L\u0130VR\u0130 CEZAEV\u0130\u2019N\u0130N HUKUK FAK\u00dcLTES\u0130 OLMASIDIR&#8221;\u00a0<\/strong><\/p>\n<p style=\"text-align: justify;\">Silivri\u2019de siyasi bir yarg\u0131lama yap\u0131ld\u0131\u011f\u0131n\u0131 iddia ederek, Yass\u0131ada yarg\u0131lamas\u0131ndaki mahkeme ba\u015fkan\u0131na baz\u0131 san\u0131klar\u0131n \u2018bizi haks\u0131z yarg\u0131l\u0131yorsunuz\u2019 s\u00f6zleri \u00fczerine \u00fczerine \u2018Sizi buraya t\u0131kan irade b\u00f6yle istiyor\u2019 dedi\u011fine dikkat \u00e7eken Balbay, \u201c80 darbesinden sonra siyasilerin zorunlu olarak tutuldu\u011fu Zincirbozan bug\u00fcn \u00c7anakkale 18 Mart \u00dcniversitesi taraf\u0131ndan hukuk fak\u00fcltesi yap\u0131lmak isteniyor. Hayalim bir g\u00fcn Silivri Cezaevi\u2019nin hukuk fak\u00fcltesi olmas\u0131d\u0131r&#8221; ifadesini kulland\u0131. Mahkeme Ba\u015fkan\u0131 \u00d6zese Balbay\u2019\u0131n bu s\u00f6zlerine \u201cBiz burada vicdan\u0131m\u0131zla ve Anayasa\u2019ya g\u00f6re deliller \u0131\u015f\u0131\u011f\u0131nda yarg\u0131lama yap\u0131yoruz. Amac\u0131n\u0131z\u0131 a\u015fan s\u00f6zler s\u00f6ylemeyin. Buradaki yarg\u0131laman\u0131n Yass\u0131ada yarg\u0131lamas\u0131yla en ufak bir benzerli\u011fi yoktur. Kimseden talimat alm\u0131yoruz&#8221; diyerek tepki g\u00f6sterdi Balbay ise, \u201cEvet ufak de\u011fil \u00e7ok b\u00fcy\u00fck bir benzerlik var&#8221; dedi.<\/p>\n<p style=\"text-align: justify;\"><strong>\u201cMECL\u0130S F\u0130\u0130LEN OLU\u015eMAMI\u015eTIR&#8221;\u00a0<\/strong><\/p>\n<p style=\"text-align: justify;\">2011 Genel Se\u00e7imlerinde \u0130zmir\u2019de her iki se\u00e7menden birisinin kendisine oy verdi\u011fini ve meclise ta\u015f\u0131d\u0131\u011f\u0131n\u0131 belirten Balbay, \u201cBurada tutularak mecliste g\u00f6rev yapmam engelleniyor. Bu se\u00e7menin takdiridir. Meclis fiilen eksik olu\u015fuyor. Meclis fiilen olu\u015fmam\u0131\u015ft\u0131r demek bu. \u00c7\u00fcnk\u00fc eksik olu\u015fma olu\u015fmama demektir&#8221; \u015feklinde konu\u015ftu.<\/p>\n<p style=\"text-align: justify;\"><strong>\u201cBU DAVANIN \u0130LK D\u00dc\u011eMES\u0130 YANLI\u015e \u0130L\u0130KLENM\u0130\u015eT\u0130R&#8221;\u00a0<\/strong><\/p>\n<p style=\"text-align: justify;\">T\u00fcrkiye\u2019de herkesin bir su\u00e7 \u00f6rg\u00fct\u00fcne dahil edilme korkusu ya\u015fad\u0131\u011f\u0131n\u0131 savunan Balbay bir g\u00f6mle\u011fin ilk d\u00fc\u011fmesinin yanl\u0131\u015f iliklenmesi halinde di\u011fer d\u00fc\u011fmeleri do\u011fru iliklense de ortaya d\u00fczg\u00fcn bir \u015fey \u00e7\u0131kmayacakt\u0131r. Bu davan\u0131n ilk d\u00fc\u011fmesi yanl\u0131\u015f iliklenmi\u015ftir. Mahkeme heyeti ve iddia makam\u0131 yarg\u0131lama ile birlikte olu\u015fan ortam\u0131 yeniden g\u00f6zden ge\u00e7irmelidir&#8221; dedi.<\/p>\n<p style=\"text-align: justify;\"><strong>\u201cBETON BEN\u0130M \u0130RADEMD\u0130R&#8221;\u00a0<\/strong><\/p>\n<p style=\"text-align: justify;\">CHP milletvekillerinin kendini ziyareti ard\u0131ndan \u201cBalbay beton ve nem kokuyordu&#8221; dediklerini s\u00f6yleyen Balbay, \u201c\u0130\u00e7erdeki ko\u015fullar ortada. Beton benim irademdir, nem ise i\u00e7imde ya\u015fatt\u0131\u011f\u0131m bereketli topraklar\u0131n kokusudur, umutlar\u0131md\u0131r&#8221; ifadesini kulland\u0131.<\/p>\n<p style=\"text-align: justify;\"><strong>\u201cFEZ-LEKE&#8221;\u00a0<\/strong><\/p>\n<p style=\"text-align: justify;\">Ana muhalefet partisinin kendisini ifade etmesinin tehdit alt\u0131nda oldu\u011funu savunan Balbay, CHP Genel Ba\u015fkan\u0131 Kemal K\u0131l\u0131\u00e7daro\u011flu hakk\u0131nda fezleke haz\u0131rlanmas\u0131n\u0131 da ele\u015ftirerek, fezlekeyi \u201cfez-leke&#8221; olarak nitelendirdi.<\/p>\n<p style=\"text-align: justify;\"><strong>\u201c550 B\u0130N OYU H\u0130\u00c7E SAYAMAZSINIZ&#8221;\u00a0<\/strong><\/p>\n<p style=\"text-align: justify;\">Balbay gazeteci kimli\u011fi d\u0131\u015f\u0131nda y\u00fcklendi\u011fi siyaset ve milletvekili kimli\u011finin kullanmas\u0131n\u0131n engellendi\u011fini belirterek, \u201cMillet iradesinin kullan\u0131lmas\u0131n\u0131 istiyorum&#8221; dedi. Mahkeme Ba\u015fkan\u0131 \u00d6zese ise bu s\u00f6zler \u00fczerine \u201cBu dava siyasi bir dava de\u011fildir. \u00d6nyarg\u0131m\u0131z yok. Makul s\u00fcrede davalar\u0131 bitirmeye \u00e7al\u0131\u015f\u0131yoruz. Siz tutukluyken vekil se\u00e7ildiniz. Vekilken tutuklanmad\u0131n\u0131z&#8221; demesi \u00fczerine Balbay, \u201cMilletin iradesinin \u00fcst\u00fcnde bir irade yoktur. 550 bin oyu hi\u00e7e sayamazs\u0131n\u0131z&#8221; diye konu\u015ftu. Balbay\u2019\u0131n konu\u015fmas\u0131n\u0131 tamamlamas\u0131n\u0131n ard\u0131ndan duru\u015fma di\u011fer tutuklu san\u0131klar\u0131n beyanlar\u0131n\u0131n al\u0131nmas\u0131yla devam ediyor.<\/p>\n<p style=\"text-align: justify;\"><a href=\"http:\/\/siyaset.milliyet.com.tr\/mahkeme-baskani-ndan-balbay-a-ince-ayar\/siyaset\/siyasetdetay\/13.01.2012\/1488542\/default.htm\" target=\"_blank\">Kaynak : Milliyet.com.tr<\/a><\/p>\n","protected":false},"excerpt":{"rendered":"<p style=\"text-align: justify;\">\n<p style=\"text-align: center;\">\n<p style=\"text-align: justify;\">\u0130kinci Ergenekon davas\u0131n\u0131n 150. duru\u015fmas\u0131n\u0131n talepler b\u00f6l\u00fcm\u00fcnde konu\u015fan tutuklu san\u0131k gazeteci ve CHP Milletvekili Mustafa Balbay ile mahkeme ba\u015fkan\u0131 aras\u0131nda ilgin\u00e7 diyalog&#8230;<\/p>\n<p style=\"text-align: justify;\">Milletvekili olarak g\u00f6revimi yapmam\u0131 engelliyosunuz diyen Balbay&#8217;a Mahkeme Ba\u015fkan\u0131 &#8220;Siz tutukluyken vekil se\u00e7ildiniz. Vekilken tutuklanmad\u0131n\u0131z&#8221; dedi.<\/p>\n","protected":false},"author":1,"featured_media":0,"comment_status":"open","ping_status":"open","sticky":false,"template":"","format":"standard","meta":{"footnotes":""},"categories":[105],"tags":[],"class_list":["post-46253","post","type-post","status-publish","format-standard","hentry","category-gundem","odd"],"_links":{"self":[{"href":"http:\/\/www.korhanyilmaz.com\/index.php?rest_route=\/wp\/v2\/posts\/46253","targetHints":{"allow":["GET"]}}],"collection":[{"href":"http:\/\/www.korhanyilmaz.com\/index.php?rest_route=\/wp\/v2\/posts"}],"about":[{"href":"http:\/\/www.korhanyilmaz.com\/index.php?rest_route=\/wp\/v2\/types\/post"}],"author":[{"embeddable":true,"href":"http:\/\/www.korhanyilmaz.com\/index.php?rest_route=\/wp\/v2\/users\/1"}],"replies":[{"embeddable":true,"href":"http:\/\/www.korhanyilmaz.com\/index.php?rest_route=%2Fwp%2Fv2%2Fcomments&post=46253"}],"version-history":[{"count":0,"href":"http:\/\/www.korhanyilmaz.com\/index.php?rest_route=\/wp\/v2\/posts\/46253\/revisions"}],"wp:attachment":[{"href":"http:\/\/www.korhanyilmaz.com\/index.php?rest_route=%2Fwp%2Fv2%2Fmedia&parent=46253"}],"wp:term":[{"taxonomy":"category","embeddable":true,"href":"http:\/\/www.korhanyilmaz.com\/index.php?rest_route=%2Fwp%2Fv2%2Fcategories&post=46253"},{"taxonomy":"post_tag","embeddable":true,"href":"http:\/\/www.korhanyilmaz.com\/index.php?rest_route=%2Fwp%2Fv2%2Ftags&post=46253"}],"curies":[{"name":"wp","href":"https:\/\/api.w.org\/{rel}","templated":true}]}}