{"id":46247,"date":"2012-01-13T15:25:13","date_gmt":"2012-01-13T13:25:13","guid":{"rendered":"http:\/\/www.korhanyilmaz.com\/?p=46247"},"modified":"2012-01-13T18:08:22","modified_gmt":"2012-01-13T16:08:22","slug":"hristofyas-diye-bagirdi","status":"publish","type":"post","link":"http:\/\/www.korhanyilmaz.com\/?p=46247","title":{"rendered":"&#8220;Hristofyas&#8221; diye ba\u011f\u0131rd\u0131"},"content":{"rendered":"<p style=\"text-align: center;\"><a href=\"http:\/\/www.korhanyilmaz.com\/wp-content\/uploads\/2012\/01\/9127.jpg\"  class=\"lightview\"><img loading=\"lazy\" decoding=\"async\" class=\"aligncenter  wp-image-46248\" src=\"http:\/\/www.korhanyilmaz.com\/wp-content\/uploads\/2012\/01\/9127.jpg\" alt=\"\" width=\"374\" height=\"196\" \/><\/a><\/p>\n<p style=\"text-align: justify;\">Yak\u0131n Do\u011fu \u00dcniversitesi (YD\u00dc) Hastanesi&#8217;ndeki yo\u011fun bak\u0131m servisinde uyutulan KKTC kurucu Cumhurba\u015fkan\u0131 Rauf Denkta\u015f&#8217;\u0131n k\u0131z\u0131 Ender Vang\u00f6l, babas\u0131n\u0131n, solunum cihaz\u0131na ba\u011flanmadan \u00f6nceki anlar\u0131n\u0131 a\u011flayarak anlatt\u0131. Doktorlar\u0131, Denkta\u015f&#8217;\u0131n t\u0131bbi tedaviye cevap vermedi\u011fini ifade etti.<\/p>\n<p style=\"text-align: justify;\">Geceyi hastanede babas\u0131n\u0131n yan\u0131nda ge\u00e7iren Denkta\u015f&#8217;\u0131n k\u0131z\u0131 Ender Vang\u00f6l, sa\u011fl\u0131k durumu ciddiyetini koruyan KKTC eski liderinin, solunum cihaz\u0131na ba\u011flanmadan \u00f6nce yo\u011fun bak\u0131mdaki anlar\u0131n\u0131 Anadolu Ajans\u0131 ile payla\u015ft\u0131. <!--more--><\/p>\n<p style=\"text-align: justify;\"><a href=\"http:\/\/www.korhanyilmaz.com\/wp-content\/uploads\/2012\/01\/9125.jpg\"  class=\"lightview\"><img loading=\"lazy\" decoding=\"async\" class=\"alignleft size-full wp-image-46249\" style=\"margin-left: 10px; margin-right: 10px;\" src=\"http:\/\/www.korhanyilmaz.com\/wp-content\/uploads\/2012\/01\/9125.jpg\" alt=\"\" width=\"250\" height=\"150\" \/><\/a>K\u0131z\u0131yla konu\u015fmas\u0131nda, e\u015fi Ayd\u0131n Denkta\u015f&#8217;a olan sevgisini, evlatlar\u0131na ba\u011fl\u0131l\u0131\u011f\u0131n\u0131 dile getirerek, Rum taraf\u0131na mesaj g\u00f6nderen Rauf Denkta\u015f, K\u0131br\u0131s m\u00fczakerelerinden de bahsetti.<\/p>\n<p style=\"text-align: justify;\">Babas\u0131n\u0131n s\u00fcrekli yatmaktan dolay\u0131 a\u011fr\u0131s\u0131 oldu\u011funu, konu\u015farak durumunu izah etmeye \u00e7al\u0131\u015ft\u0131\u011f\u0131n\u0131 anlatan Ender Vang\u00f6l, Denkta\u015f&#8217;\u0131n, nefes alamaz durumdayken bile e\u015fi Ayd\u0131n Denkta\u015f i\u00e7in s\u00fcrekli \u201cSevemez kimse seni benim sevdi\u011fim kadar..\u201d \u015fark\u0131s\u0131n\u0131 s\u00f6yledi\u011fini, kendisinin de \u015fark\u0131ya e\u015flik etti\u011finde, \u201cSizleri kaybetmekten korkuyorum\u201d dedi\u011fini aktard\u0131.<\/p>\n<p style=\"text-align: justify;\"><strong>RUM L\u0130DERLERE SESLEND\u0130<\/strong><\/p>\n<p style=\"text-align: justify;\">Babas\u0131n\u0131n, Rumca bir \u015feyler s\u00f6yledi\u011fini, \u201cRumca anlam\u0131yorum baba, \u0130ngilizce ya da T\u00fcrk\u00e7e konu\u015f\u201d dedi\u011fini anlatan Ender Vang\u00f6l, babas\u0131n\u0131n, Rum y\u00f6netimi lideri Dimitris Hristofyas ile di\u011fer Rum liderler i\u00e7in, \u201c(S\u00f6yle kendilerine, buras\u0131 ba\u011f\u0131ms\u0131z bir cumhuriyettir&#8217; dedi ve &#8216;Hristofyas&#8217; diye ba\u011f\u0131rd\u0131\u201d ifadesini kulland\u0131.<\/p>\n<p style=\"text-align: justify;\">Ender Vang\u00f6l, Denkta\u015f&#8217;\u0131n, K\u0131br\u0131s m\u00fczakerelerinden bahsetti\u011fini, toprak ayarlamalar\u0131na, iskana de\u011findi\u011fini ve \u201cNas\u0131l olacak, nas\u0131l yerle\u015fecek bu insanlar?..\u201d dedi\u011fini kaydetti.<\/p>\n<p style=\"text-align: justify;\"><strong>&#8220;BEN\u0130 EV\u0130ME G\u00d6T\u00dcR\u00dcN&#8221;<\/strong><\/p>\n<p style=\"text-align: justify;\"><a href=\"http:\/\/www.korhanyilmaz.com\/wp-content\/uploads\/2012\/01\/9126.jpg\"  class=\"lightview\"><img loading=\"lazy\" decoding=\"async\" class=\"alignright  wp-image-46250\" style=\"margin-left: 10px; margin-right: 10px;\" src=\"http:\/\/www.korhanyilmaz.com\/wp-content\/uploads\/2012\/01\/9126.jpg\" alt=\"\" width=\"250\" height=\"150\" \/><\/a>Babas\u0131na, \u201cbunlar\u0131 d\u00fc\u015f\u00fcnmemesi gerekti\u011fini\u201d s\u00f6yledi\u011fini, ancak Denkta\u015f&#8217;\u0131n \u201cBenim d\u00fc\u015f\u00fcnmem gerek\u201d diye yan\u0131t verdi\u011fini dile getiren Ender Vang\u00f6l, sabah saatlerinde de \u201cBeni evime g\u00f6t\u00fcr\u00fcn\u201d dedi\u011fini, kendisinin de \u201cBiraz daha g\u00fc\u00e7len evimize gidece\u011fiz\u201d kar\u015f\u0131l\u0131\u011f\u0131n\u0131 verdi\u011fini s\u00f6yledi.<\/p>\n<p style=\"text-align: justify;\">Nefes almada zorland\u0131\u011f\u0131n\u0131 ve doktorun geldi\u011fini, doktorun, \u201cBu i\u015flemi yaparken her an kalbi durabilir\u201d dedi\u011fini anlatan Ender Vang\u00f6l, babas\u0131n\u0131n ba\u015f\u0131nda yaln\u0131z oldu\u011fu i\u00e7in buna kendisinin karar vermedi\u011fini, doktorun da, \u201cDenkta\u015f Bey b\u00f6yle bir m\u00fcdahale yapmam laz\u0131m, ne dersiniz\u201d diye babas\u0131na sordu\u011funu ve babas\u0131n\u0131n da \u201cNe gerekiyorsa yap\u0131n\u201d diye izin verdi\u011fini anlatt\u0131.<\/p>\n<p style=\"text-align: justify;\">Babas\u0131n\u0131n nefes almakta zorland\u0131\u011f\u0131n\u0131, gece boyu konu\u015ftuklar\u0131n\u0131, konu\u015ftuklar\u0131n\u0131n zaman zaman anla\u015f\u0131lmad\u0131\u011f\u0131n\u0131 ifade eden Ender Vang\u00f6l, \u201cAma hi\u00e7 bir zaman bilincini kaybetmedi, son ana kadar\u201d dedi.<\/p>\n<p style=\"text-align: justify;\">Solunum cihaz\u0131 tak\u0131l\u0131rken babas\u0131n\u0131n ba\u015f\u0131nda oldu\u011funu belirten Vang\u00f6l, \u015f\u00f6yle devam etti:<\/p>\n<p style=\"text-align: justify;\">\u201cO bir tarih orada. Koskoca bir tarih o&#8230; Bu an\u0131nda bile devletini d\u00fc\u015f\u00fcn\u00fcyor. &#8216;D\u00fc\u015f\u00fcnme baba bunlar\u0131&#8217; diyorum, &#8216;Nas\u0131l d\u00fc\u015f\u00fcnmeyeyim ben, d\u00fc\u015f\u00fcnmem laz\u0131m, bunlar\u0131 \u00e7\u00f6zmek laz\u0131m..&#8217; diyor. Umudumuzu yitirmiyoruz. \u00c7ok m\u00fccadele veren bir b\u00fcnyesi var. Allah nas\u0131l takdir ederse ona uyar\u0131z&#8230;\u201d<\/p>\n<p style=\"text-align: justify;\">Ender Vang\u00f6l, solunum cihaz\u0131na ba\u011flanmadan \u00f6nce babas\u0131n\u0131 en son kendisinin g\u00f6rd\u00fc\u011f\u00fcn\u00fc, Denkta\u015f&#8217;\u0131n \u015fimdi solunum cihaz\u0131na ba\u011fl\u0131 oldu\u011funu s\u00f6zlerine ekledi.<\/p>\n<p style=\"text-align: justify;\"><strong><span style=\"text-decoration: underline;\">\u0130\u015eTE RAUF DENKTA\u015e&#8217;IN DOKTORUNUN A\u00c7IKLAMASI<\/span><\/strong> :<\/p>\n<p style=\"text-align: justify;\">[flv]http:\/\/hurriyet.cubecdn.net\/Haber\/doktor_aciklama_13012012_1530_wmp4.mp4[\/flv]<\/p>\n<p style=\"text-align: justify;\"><strong>TIBB\u0130 TEDAV\u0130YE CEVAP VERM\u0130YOR<\/strong><\/p>\n<p style=\"text-align: justify;\">YD\u00dc Hastanesi N\u00f6roloji Ana Bilim Dal\u0131 Ba\u015fkan\u0131 Prof. Dr. Mehmet \u00d6zmeno\u011flu yapt\u0131\u011f\u0131 a\u00e7\u0131klamada, Denkta\u015f&#8217;ta &#8216;\u00e7oklu organ yetmezli\u011fi&#8217;nin g\u00f6r\u00fcld\u00fc\u011f\u00fcn\u00fc belirtti.<\/p>\n<p style=\"text-align: justify;\">DHA&#8217;n\u0131n haberine g\u00f6re, \u00d6zmeno\u011flu, Denkta\u015f&#8217;\u0131n kalp, akci\u011fer, b\u00f6brek ve karaci\u011ferinde s\u0131k\u0131nt\u0131lar oldu\u011funu, solunum cihaz\u0131na ba\u011fl\u0131 olarak ya\u015fam\u0131n\u0131n devam etti\u011fini ve t\u0131bbi tedaviye cevap vermedi\u011fini s\u00f6yledi.<\/p>\n<p style=\"text-align: justify;\">Denkta\u015f\u2019\u0131n saat 16.30 itibar\u0131yla diyaliz cihaz\u0131na ba\u011fland\u0131\u011f\u0131 ve d\u00f6rt saat boyunca diyalize ba\u011fl\u0131 kalaca\u011f\u0131 belirtildi.<\/p>\n<p style=\"text-align: justify;\">YD\u00dc Ba\u015fhekimi Dr. Sevim Erkmen, \u201cBug\u00fcn sabah saat 08.00 itibariyle a\u011f\u0131rla\u015fan organ yetmezli\u011fi durumu halen ciddiyetini s\u00fcrd\u00fcr\u00fcyor. Sabah solunum g\u00fc\u00e7l\u00fc\u011f\u00fc nedeniyle solunum destek cihaz\u0131na al\u0131nm\u0131\u015ft\u0131. Halen uyutuluyor. D\u00fcn, ekipteki doktorlar\u0131n verdi\u011fi bir kararla b\u00f6brek yetmezli\u011fi nedeniyle diyalize al\u0131nmas\u0131 planland\u0131. \u015eu an o uygulan\u0131yor. Durumu kritik, ciddiyetini koruyor\u201d dedi.<\/p>\n<p style=\"text-align: justify;\">\u00d6zmeno\u011flu da, \u201cDiyaliz uygulamas\u0131n\u0131n yakla\u015f\u0131k d\u00f6rt saat s\u00fcrece\u011fini tahmin ediyoruz. Ondan sonra daha detayl\u0131 bilgi sunulabilir. Ekip olarak takip ediyoruz\u201d diye konu\u015ftu.<\/p>\n<p style=\"text-align: justify;\"><strong>ERO\u011eLU: GEREKEN HER \u015eEY YAPILIYOR<\/strong><\/p>\n<p style=\"text-align: justify;\">KKTC Cumhurba\u015fkan\u0131 Dervi\u015f Ero\u011flu, yo\u011fun bak\u0131m servisinde tedavisi s\u00fcren Denkta\u015f i\u00e7in t\u0131bben yap\u0131lmas\u0131 gereken her \u015feyin yap\u0131ld\u0131\u011f\u0131n\u0131 ve yap\u0131lmakta oldu\u011funu s\u00f6yledi.<\/p>\n<p style=\"text-align: justify;\">Ero\u011flu, Denkta\u015f&#8217;\u0131 yo\u011fun bak\u0131m servisinde ziyaret ederek doktorlardan bilgi ald\u0131.<\/p>\n<p style=\"text-align: justify;\">Cumhurba\u015fkan\u0131 Ero\u011flu hastaneden ayr\u0131l\u0131rken yapt\u0131\u011f\u0131 a\u00e7\u0131klamada, Denkta\u015f&#8217;\u0131n solunum zorlu\u011fu nedeniyle doktorlar taraf\u0131ndan solunum cihaz\u0131na ba\u011fland\u0131\u011f\u0131n\u0131 belirtti.<\/p>\n<p style=\"text-align: justify;\">Ero\u011flu, &#8220;T\u0131bben yap\u0131lmas\u0131 gereken her \u015fey yap\u0131lm\u0131\u015ft\u0131r ve yap\u0131lmaktad\u0131r. Yaln\u0131z durumunun kritik oldu\u011funu Say\u0131n hocam\u0131z bize s\u00f6ylemi\u015ftir. Ama m\u00fcmk\u00fcn olan her \u015fey en iyi \u015fekilde Say\u0131n Cumhurba\u015fkan\u0131m\u0131z i\u00e7in yap\u0131lmaktad\u0131r. \u015eu anda alm\u0131\u015f oldu\u011fu ila\u00e7larla uyuyor. Temennimiz k\u0131sa bir s\u00fcrede yine ge\u00e7mi\u015fte oldu\u011fu gibi sa\u011fl\u0131\u011f\u0131na kavu\u015fmas\u0131 ve KKTC halk\u0131n\u0131 \u00fczecek bir durumla bizi kar\u015f\u0131la\u015ft\u0131rmamas\u0131. Temennimiz tekrar evine d\u00f6nebilmesidir&#8221; diye konu\u015ftu.<\/p>\n<p style=\"text-align: justify;\"><span style=\"text-decoration: underline;\"><strong>DAHA \u00d6NCE B\u00d6YLE HASTANEYE KALDIRILMI\u015eTI<\/strong><\/span> :<\/p>\n<p style=\"text-align: justify;\">[flv]http:\/\/hurriyet.cubecdn.net\/Haber\/hastane_25052011_0931_wmp4.mp4[\/flv]<\/p>\n<p style=\"text-align: justify;\"><a href=\"http:\/\/www.hurriyet.com.tr\/planet\/19677100.asp\" target=\"_blank\">Kaynak : H\u00fcrriyet.com.tr<\/a><\/p>\n","protected":false},"excerpt":{"rendered":"<p style=\"text-align: center;\">\n<p style=\"text-align: justify;\">Yak\u0131n Do\u011fu \u00dcniversitesi (YD\u00dc) Hastanesi&#8217;ndeki yo\u011fun bak\u0131m servisinde uyutulan KKTC kurucu Cumhurba\u015fkan\u0131 Rauf Denkta\u015f&#8217;\u0131n k\u0131z\u0131 Ender Vang\u00f6l, babas\u0131n\u0131n, solunum cihaz\u0131na ba\u011flanmadan \u00f6nceki anlar\u0131n\u0131 a\u011flayarak anlatt\u0131. Doktorlar\u0131, Denkta\u015f&#8217;\u0131n t\u0131bbi tedaviye cevap vermedi\u011fini ifade etti.<\/p>\n<p style=\"text-align: justify;\">Geceyi hastanede babas\u0131n\u0131n yan\u0131nda ge\u00e7iren Denkta\u015f&#8217;\u0131n k\u0131z\u0131 Ender Vang\u00f6l, sa\u011fl\u0131k durumu ciddiyetini koruyan KKTC eski <\/p>\n","protected":false},"author":1,"featured_media":0,"comment_status":"open","ping_status":"open","sticky":false,"template":"","format":"standard","meta":{"footnotes":""},"categories":[105],"tags":[],"class_list":["post-46247","post","type-post","status-publish","format-standard","hentry","category-gundem","odd"],"_links":{"self":[{"href":"http:\/\/www.korhanyilmaz.com\/index.php?rest_route=\/wp\/v2\/posts\/46247","targetHints":{"allow":["GET"]}}],"collection":[{"href":"http:\/\/www.korhanyilmaz.com\/index.php?rest_route=\/wp\/v2\/posts"}],"about":[{"href":"http:\/\/www.korhanyilmaz.com\/index.php?rest_route=\/wp\/v2\/types\/post"}],"author":[{"embeddable":true,"href":"http:\/\/www.korhanyilmaz.com\/index.php?rest_route=\/wp\/v2\/users\/1"}],"replies":[{"embeddable":true,"href":"http:\/\/www.korhanyilmaz.com\/index.php?rest_route=%2Fwp%2Fv2%2Fcomments&post=46247"}],"version-history":[{"count":0,"href":"http:\/\/www.korhanyilmaz.com\/index.php?rest_route=\/wp\/v2\/posts\/46247\/revisions"}],"wp:attachment":[{"href":"http:\/\/www.korhanyilmaz.com\/index.php?rest_route=%2Fwp%2Fv2%2Fmedia&parent=46247"}],"wp:term":[{"taxonomy":"category","embeddable":true,"href":"http:\/\/www.korhanyilmaz.com\/index.php?rest_route=%2Fwp%2Fv2%2Fcategories&post=46247"},{"taxonomy":"post_tag","embeddable":true,"href":"http:\/\/www.korhanyilmaz.com\/index.php?rest_route=%2Fwp%2Fv2%2Ftags&post=46247"}],"curies":[{"name":"wp","href":"https:\/\/api.w.org\/{rel}","templated":true}]}}