{"id":46232,"date":"2012-01-11T14:55:01","date_gmt":"2012-01-11T12:55:01","guid":{"rendered":"http:\/\/www.korhanyilmaz.com\/?p=46232"},"modified":"2012-01-13T16:23:53","modified_gmt":"2012-01-13T14:23:53","slug":"davalar-1-yilda-bitecek","status":"publish","type":"post","link":"http:\/\/www.korhanyilmaz.com\/?p=46232","title":{"rendered":"Davalar 1 y\u0131lda bitecek"},"content":{"rendered":"<p style=\"text-align: center;\"><a href=\"http:\/\/www.korhanyilmaz.com\/wp-content\/uploads\/2012\/01\/9122.jpg\"  class=\"lightview\"><img loading=\"lazy\" decoding=\"async\" class=\"aligncenter  wp-image-46233\" src=\"http:\/\/www.korhanyilmaz.com\/wp-content\/uploads\/2012\/01\/9122.jpg\" alt=\"\" width=\"488\" height=\"176\" \/><\/a><\/p>\n<p style=\"text-align: justify;\">Adalet Bakan\u0131 Ergin, hukuk ve ceza yarg\u0131lamalar\u0131n\u0131n bir y\u0131la indirilece\u011fini s\u00f6yledi.<\/p>\n<p style=\"text-align: justify;\">ANKARA &#8211; Adalet Bakan\u0131 Sadullah Ergin, hukuk yarg\u0131lamalar\u0131nda temyiz a\u015famas\u0131 da dahil yarg\u0131lamalar\u0131n bir sene sonra bir y\u0131la; ceza yarg\u0131lamalar\u0131nda ise 1,5-2 y\u0131l i\u00e7erisinde bir y\u0131la indirilece\u011fini belirterek, &#8220;Yarg\u0131tay&#8217;da g\u00f6r\u00fclmekte olan davalar erimeye ba\u015flayacak. Bu da T\u00fcrkiye&#8217;de davalar\u0131n temyiz s\u00fcreci de dahil bir y\u0131l i\u00e7inde bitirilece\u011fini g\u00f6steriyor&#8221; dedi.\u00a0<!--more--><\/p>\n<p style=\"text-align: justify;\">TBMM Adalet Komisyonu, AK Parti Ankara Milletvekili Ahmet \u0130yimaya ba\u015fkanl\u0131\u011f\u0131nda topland\u0131.<\/p>\n<p style=\"text-align: justify;\">Toplant\u0131n\u0131n ba\u015f\u0131nda, Devlet S\u0131rr\u0131 Kanunu Tasar\u0131s\u0131, gerek\u00e7esinin okunmas\u0131n\u0131n ard\u0131ndan g\u00f6r\u00fc\u015fme yap\u0131lmadan alt komisyona havale edildi. \u0130yimaya, alt komisyona \u00e7al\u0131\u015fmalar\u0131n\u0131 tamamlamas\u0131 i\u00e7in 15 g\u00fcn s\u00fcre verdi.<\/p>\n<p style=\"text-align: justify;\">Daha sonra AK Parti \u0130stanbul Milletvekili Mehmet Do\u011fan Kubat&#8217;\u0131n, tutuklu ve h\u00fck\u00fcml\u00fclerin a\u011f\u0131r hasta olan yak\u0131nlar\u0131n\u0131 ziyaret edebilmeleri ve ziyaret\u00e7ileriyle yapacaklar\u0131 g\u00f6r\u00fc\u015fmelere ili\u015fkin d\u00fczenlemeler i\u00e7eren Ceza ve G\u00fcvenlik Tedbirlerinin \u0130nfaz\u0131 Hakk\u0131nda Kanunda De\u011fi\u015fiklik Yap\u0131lmas\u0131na Dair Kanun Teklifinin g\u00f6r\u00fc\u015fmelerine ge\u00e7ildi. Teklif, CHP K\u0131rklareli Milletvekili Turgut Dibek&#8217;in ayn\u0131 konuyla ilgili teklifiyle birle\u015ftirilerek g\u00f6r\u00fc\u015f\u00fcld\u00fc.<\/p>\n<p style=\"text-align: justify;\"><strong>&#8220;\u00d6calan izin isterse?&#8221;\u00a0<\/strong><\/p>\n<p style=\"text-align: justify;\">MHP Erzurum Milletvekili Oktay \u00d6zt\u00fcrk, bu teklife genel olarak kat\u0131ld\u0131klar\u0131n\u0131 ancak baz\u0131 endi\u015feleri oldu\u011funu belirtti. \u00d6zt\u00fcr, \u015f\u00f6yle konu\u015ftu:<\/p>\n<p style=\"text-align: justify;\">&#8220;Y\u00fcksek g\u00fcvenlik duvar\u0131n\u0131 koyuyoruz ama diyelim ki bebek katilinin kongrelerde arz\u0131 endam eden ablas\u0131 rahmete gitti veya a\u011f\u0131r hasta. G\u00f6r\u00fc\u015fmek istiyorum talebinde bulundu\u011fu zaman, siz de y\u00fcksek g\u00fcvenlik gere\u011fi izin vermeyeceksiniz. Bu bebek katilinin y\u00fcksek fikirlerinden istifade etmek \u00fczere devletimizin en \u00fcst organlar\u0131n\u0131 aya\u011f\u0131na g\u00f6nderdik. Bu iki yap\u0131 bir arada iken, bunu y\u00fcksek g\u00fcvenlik s\u0131n\u0131rlar\u0131 i\u00e7erisinde nas\u0131l tutacaks\u0131n\u0131z? \u015eeytan ayr\u0131nt\u0131larda gizlidir misali burada, g\u00f6zden ka\u00e7\u0131rd\u0131\u011f\u0131n\u0131z bir hassasiyeti dikkatinize sunmak istiyorum.&#8221;<\/p>\n<p style=\"text-align: justify;\"><strong>&#8220;Ki\u015fiye \u00f6zel d\u00fczenleme var&#8221;\u00a0<\/strong><\/p>\n<p style=\"text-align: justify;\">BDP Adana Milletvekili Murat Bozlak, yasalar\u0131n \u015fahsa \u00f6zel olamayaca\u011f\u0131n\u0131 s\u00f6yledi. Ancak bu tekliflerde bu kural\u0131n ihlal edildi\u011fini ifade eden Bozlak, &#8220;Teklifte, Mehmet Haberal&#8217;a ve \u00d6calan&#8217;a ili\u015fkin d\u00fczenlemeler var, yani \u015fahsa ili\u015fkin maddeler var&#8221; diye konu\u015ftu. Bozlak, &#8220;\u00d6calan olay\u0131n\u0131 K\u00fcrt meselesinden ayr\u0131 bir yere koyamazs\u0131n\u0131z. T\u00fcrkler ve K\u00fcrtler karde\u015f\u00e7e, bar\u0131\u015f i\u00e7erisinde ya\u015famak istiyor; ayr\u0131lmak, b\u00f6l\u00fcnmek isteyen yok. Burada iki se\u00e7ene\u011finiz var: Ya b\u00f6l\u00fcc\u00fc duruma, y\u00f6nteme devam edersiniz, \u015fiddeti art\u0131r\u0131rs\u0131n\u0131z, bu da \u00e7at\u0131\u015fma ortam\u0131n\u0131 \u015fiddetlendirir ya da bar\u0131\u015f ve demokrasi yolunu a\u00e7arsan\u0131z&#8221; diye konu\u015ftu.<\/p>\n<p style=\"text-align: justify;\"><strong>&#8220;T\u00fcrkiye A\u0130HM&#8217;de 450 kez mahkum oldu&#8221;\u00a0<\/strong><\/p>\n<p style=\"text-align: justify;\">CHP Zonguldak Milletvekili Ali \u0130hsan K\u00f6kt\u00fcrk, T\u00fcrkiye&#8217;nin Avrupa \u0130nsan Haklar\u0131 Mahkemesinde (A\u0130HM) 450 kez tutukluluk kararlar\u0131 nedeniyle mahkum oldu\u011funu savunarak, &#8220;Buna ra\u011fmen Adalet Bakanl\u0131\u011f\u0131 bu konuda bir \u00e7al\u0131\u015fma yapm\u0131yor. Bakanl\u0131k sorunu \u00e7\u00f6zmekten ziyade, sorunun arkas\u0131ndan dolanmay\u0131 tercih ediyor&#8221; dedi.<\/p>\n<p style=\"text-align: justify;\">K\u00f6kt\u00fcrk, &#8220;Bir taraftan ter\u00f6r \u00f6rg\u00fct\u00fc lideriyle g\u00f6r\u00fc\u015fme yap\u0131lacak di\u011fer taraftan da avukatlar\u0131 arac\u0131l\u0131\u011f\u0131yla verdi\u011fi mesajlar engellenecek. Bu \u00e7eli\u015fkiyi anlamak m\u00fcmk\u00fcn de\u011fil. Acaba bunun arkas\u0131nda ne var diye d\u00fc\u015f\u00fcn\u00fcyoruz&#8221; diye konu\u015ftu.<\/p>\n<p style=\"text-align: justify;\"><strong>&#8220;Yarg\u0131lanmada s\u00fcreler azalacak&#8221;\u00a0<\/strong><\/p>\n<p style=\"text-align: justify;\">Milletvekillerinin ele\u015ftirilerine cevap veren Adalet Bakan\u0131 Ergin, &#8220;Teklif asl\u0131nda bu endi\u015feleri \u00f6nleyecek \u015fekilde d\u00fczenlenmi\u015f. Ancak arkada\u015flar\u0131m\u0131z\u0131n haz\u0131rlad\u0131\u011f\u0131 bir \u00f6nergeyle, bu endi\u015feleri de giderecek, akla bile getirtmeyecek bir haz\u0131rl\u0131k var. Bu \u00f6nerge olmasayd\u0131 bile, 5275 say\u0131l\u0131 yasan\u0131n 25. maddesinde, &#8216;m\u00fcebbet a\u011f\u0131r hapis cezas\u0131ndan h\u00fck\u00fcml\u00fclerin hi\u00e7 bir \u015fekilde cezaevi d\u0131\u015f\u0131na \u00e7\u0131kar\u0131lamayaca\u011f\u0131&#8217; h\u00fckm\u00fc var&#8221; dedi.<\/p>\n<p style=\"text-align: justify;\">Ergin, &#8220;\u00d6calan ve Haberal ile ilgili oldu\u011fu&#8221; ele\u015ftirisine yan\u0131t verirken, bu teklifteki d\u00fczenlemelerin genel d\u00fczenlemeler oldu\u011funu, \u015fahsa ili\u015fkin olmad\u0131\u011f\u0131n\u0131; d\u00fczenlemelerin bu \u015fartlar\u0131 ta\u015f\u0131yan t\u00fcm tutuklu ve h\u00fck\u00fcml\u00fcler i\u00e7in uygulanaca\u011f\u0131n\u0131 bildirdi.<\/p>\n<p style=\"text-align: justify;\">CHP&#8217;li K\u00f6kt\u00fcrk&#8217;\u00fcn, &#8220;Adalet Bakanl\u0131\u011f\u0131n\u0131n sorunu \u00e7\u00f6zmeye y\u00f6nelik bir d\u00fczenleme yapmad\u0131\u011f\u0131, ge\u00e7ici bir d\u00fczenleme yapt\u0131\u011f\u0131&#8221; ele\u015ftirisini, a\u015f\u0131r\u0131 al\u0131nganl\u0131k ya da \u015f\u00fcpheci olarak buldu\u011funu ifade eden Ergin, \u015funlar\u0131 s\u00f6yledi:<\/p>\n<p style=\"text-align: justify;\">&#8220;A\u0130HM&#8217;de \u015fikayetlerin \u00f6nemli bir b\u00f6l\u00fcm\u00fcn\u00fcn uzun tutukluluk s\u00fcrelerinden kaynakland\u0131\u011f\u0131 d\u00fc\u015f\u00fcncesine k\u0131smen kat\u0131l\u0131yorum. Ancak bununla ilgili \u00e7ok k\u00f6kl\u00fc \u00e7abalar\u0131m\u0131z var ve bunlar\u0131n da meyvelerini almaya ba\u015flad\u0131k. En ge\u00e7 bir hafta i\u00e7erisinde buna ili\u015fkin \u00e7ok geni\u015f kapsaml\u0131 bir tasar\u0131y\u0131 Meclise getirece\u011fiz. Bu tasar\u0131 i\u00e7erisinde bu s\u00fcreleri dahada k\u0131saltacak \u00e7ok \u00f6nemli d\u00fczenlemeleri beraberce yasala\u015ft\u0131raca\u011f\u0131z.<\/p>\n<p style=\"text-align: justify;\">Hukuk yarg\u0131lamalar\u0131nda bir sene sonra, temyiz a\u015famas\u0131 dahil ortalama yarg\u0131lamalar\u0131n bir y\u0131la indirilece\u011fini; ceza yarg\u0131lamalar\u0131nda ise 1,5-2 y\u0131l i\u00e7erisinde, ortalama bir y\u0131la indirilece\u011fini \u00fcmit ediyorum. Yarg\u0131tay&#8217;da g\u00f6r\u00fclmekte olan davalar erimeye ba\u015flayacak, hukukta bir y\u0131lda, cezada da 1,5-2 y\u0131l aras\u0131ndaki s\u00fcrede stok dosyalar bitecek, Yarg\u0131tay postaya \u00e7al\u0131\u015facak. Bu da T\u00fcrkiye&#8217;de davalar\u0131n temyiz s\u00fcreci de dahil bir y\u0131l i\u00e7inde bitirilece\u011fini g\u00f6steriyor bize. Bu da T\u00fcrkiye a\u00e7\u0131s\u0131ndan bir devrimdir.&#8221;<\/p>\n<p style=\"text-align: justify;\"><a href=\"http:\/\/www.dunya.com\/davalar-1-y%C4%B1lda-bitecek_143024_haber.html\" target=\"_blank\">Kaynak :\u00a0http:\/\/www.dunya.com\/davalar-1-y%C4%B1lda-bitecek_143024_haber.html<\/a><\/p>\n","protected":false},"excerpt":{"rendered":"<p style=\"text-align: center;\">\n<p style=\"text-align: justify;\">Adalet Bakan\u0131 Ergin, hukuk ve ceza yarg\u0131lamalar\u0131n\u0131n bir y\u0131la indirilece\u011fini s\u00f6yledi.<\/p>\n<p style=\"text-align: justify;\">ANKARA &#8211; Adalet Bakan\u0131 Sadullah Ergin, hukuk yarg\u0131lamalar\u0131nda temyiz a\u015famas\u0131 da dahil yarg\u0131lamalar\u0131n bir sene sonra bir y\u0131la; ceza yarg\u0131lamalar\u0131nda ise 1,5-2 y\u0131l i\u00e7erisinde bir y\u0131la indirilece\u011fini belirterek, &#8220;Yarg\u0131tay&#8217;da g\u00f6r\u00fclmekte olan davalar erimeye ba\u015flayacak. Bu da T\u00fcrkiye&#8217;de <\/p>\n","protected":false},"author":1,"featured_media":0,"comment_status":"open","ping_status":"open","sticky":false,"template":"","format":"standard","meta":{"footnotes":""},"categories":[105],"tags":[],"class_list":["post-46232","post","type-post","status-publish","format-standard","hentry","category-gundem","odd"],"_links":{"self":[{"href":"http:\/\/www.korhanyilmaz.com\/index.php?rest_route=\/wp\/v2\/posts\/46232","targetHints":{"allow":["GET"]}}],"collection":[{"href":"http:\/\/www.korhanyilmaz.com\/index.php?rest_route=\/wp\/v2\/posts"}],"about":[{"href":"http:\/\/www.korhanyilmaz.com\/index.php?rest_route=\/wp\/v2\/types\/post"}],"author":[{"embeddable":true,"href":"http:\/\/www.korhanyilmaz.com\/index.php?rest_route=\/wp\/v2\/users\/1"}],"replies":[{"embeddable":true,"href":"http:\/\/www.korhanyilmaz.com\/index.php?rest_route=%2Fwp%2Fv2%2Fcomments&post=46232"}],"version-history":[{"count":0,"href":"http:\/\/www.korhanyilmaz.com\/index.php?rest_route=\/wp\/v2\/posts\/46232\/revisions"}],"wp:attachment":[{"href":"http:\/\/www.korhanyilmaz.com\/index.php?rest_route=%2Fwp%2Fv2%2Fmedia&parent=46232"}],"wp:term":[{"taxonomy":"category","embeddable":true,"href":"http:\/\/www.korhanyilmaz.com\/index.php?rest_route=%2Fwp%2Fv2%2Fcategories&post=46232"},{"taxonomy":"post_tag","embeddable":true,"href":"http:\/\/www.korhanyilmaz.com\/index.php?rest_route=%2Fwp%2Fv2%2Ftags&post=46232"}],"curies":[{"name":"wp","href":"https:\/\/api.w.org\/{rel}","templated":true}]}}