{"id":46228,"date":"2012-01-13T15:32:39","date_gmt":"2012-01-13T13:32:39","guid":{"rendered":"http:\/\/www.korhanyilmaz.com\/?p=46228"},"modified":"2012-01-13T15:57:44","modified_gmt":"2012-01-13T13:57:44","slug":"operasyonun-savcisi-konustu","status":"publish","type":"post","link":"http:\/\/www.korhanyilmaz.com\/?p=46228","title":{"rendered":"Operasyonun savc\u0131s\u0131 konu\u015ftu"},"content":{"rendered":"<p style=\"text-align: center;\"><a href=\"http:\/\/www.korhanyilmaz.com\/wp-content\/uploads\/2012\/01\/9121.jpg\"  class=\"lightview\"><img loading=\"lazy\" decoding=\"async\" class=\"aligncenter  wp-image-46229\" src=\"http:\/\/www.korhanyilmaz.com\/wp-content\/uploads\/2012\/01\/9121.jpg\" alt=\"\" width=\"322\" height=\"241\" \/><\/a><\/p>\n<p style=\"text-align: justify;\">\u0130stanbul Cumhuriyet Ba\u015fsavc\u0131vekili Fikret Se\u00e7en, bug\u00fcn \u0130stanbul&#8217;un da aralar\u0131nda oldu\u011fu 17 ilde d\u00fczenlenen PKK&#8217;nin \u015fehir yap\u0131lanmas\u0131 oldu\u011fu iddia edilen KCK&#8217;ye y\u00f6nelik operasyona ili\u015fkin yaz\u0131l\u0131 a\u00e7\u0131klama yapt\u0131.<\/p>\n<p style=\"text-align: justify;\">\u0130stanbul- \u0130stanbul Cumhuriyet Ba\u015fsavc\u0131vekili Fikret Se\u00e7en, KCK&#8217;ye y\u00f6nelik y\u00fcr\u00fct\u00fclen soru\u015fturma kapsam\u0131nda 49 \u015f\u00fcpheli \u015fah\u0131stan 33&#8217;\u00fcn\u00fcn yakalanarak g\u00f6zalt\u0131na al\u0131nd\u0131\u011f\u0131n\u0131, bu \u00e7er\u00e7evede 17 ilde toplam 123 adreste arama yap\u0131ld\u0131\u011f\u0131n\u0131 bildirdi.\u00a0<!--more--><\/p>\n<p style=\"text-align: justify;\">Se\u00e7en, Be\u015fikta\u015f&#8217;taki \u0130stanbul Adliyesi&#8217;nde, \u0130stanbul&#8217;un da aralar\u0131nda oldu\u011fu 17 ilde d\u00fczenlenen PKK ter\u00f6r \u00f6rg\u00fct\u00fcn\u00fcn \u015fehir yap\u0131lanmas\u0131 oldu\u011fu iddia edilen KCK&#8217;ya y\u00f6nelik soru\u015fturmaya ili\u015fkin yaz\u0131l\u0131 a\u00e7\u0131klama yapt\u0131.<\/p>\n<p style=\"text-align: justify;\">Fikret Se\u00e7en, operasyona ili\u015fkin \u015fu bilgileri verdi:<\/p>\n<p style=\"text-align: justify;\">&#8221;Baz\u0131 internet siteleriyle g\u00f6rsel bas\u0131nda yer alan haberlerde, Cumhuriyet Ba\u015fsavc\u0131l\u0131\u011f\u0131m\u0131zca (CMK&#8217;n\u0131n 250. maddesiyle yetkili) PKK\/KCK ter\u00f6r \u00f6rg\u00fct\u00fcne y\u00f6nelik y\u00fcr\u00fct\u00fclen soru\u015fturma kapsam\u0131nda milletvekili Leyla Zana&#8217;n\u0131n Ankara ilinde bulunan ikametgah\u0131nda arama yap\u0131ld\u0131\u011f\u0131 y\u00f6n\u00fcnde ger\u00e7e\u011fe ayk\u0131r\u0131 bilgilere yer verilmesi nedeniyle bu a\u00e7\u0131klaman\u0131n yap\u0131lmas\u0131na ihtiya\u00e7 duyulmu\u015ftur. Cumhuriyet Ba\u015fsavc\u0131l\u0131\u011f\u0131m\u0131z\u0131n 2010\/521 say\u0131l\u0131 dosyas\u0131nda PKK\/KCK ter\u00f6r \u00f6rg\u00fct\u00fcne y\u00f6nelik y\u00fcr\u00fct\u00fclen soru\u015fturma kapsam\u0131nda 49 \u015f\u00fcpheli \u015fah\u0131stan 33&#8217;\u00fc yakalanarak g\u00f6zalt\u0131na al\u0131nm\u0131\u015f, bu \u00e7er\u00e7evede 17 ilde toplam 123 adreste arama yap\u0131lm\u0131\u015ft\u0131r.<\/p>\n<p style=\"text-align: justify;\">Bu soru\u015fturma kapsam\u0131nda milletvekili Leyla Zana&#8217;n\u0131n adreslerinde arama yap\u0131lmas\u0131na dair herhangi bir karar al\u0131nmad\u0131\u011f\u0131, arama yap\u0131lan adresin \u015f\u00fcpheli \u015fah\u0131slardan C.Y&#8217;ye ait oldu\u011fu, bu adresin ad\u0131 ge\u00e7en milletvekiliyle hi\u00e7bir ilgisinin bulunmad\u0131\u011f\u0131 tespit edilmi\u015f, bu husus resmi kay\u0131tlar ve arama yap\u0131lan apartmandaki y\u00f6neticinin beyanlar\u0131yla da teyit edilmi\u015ftir.&#8221;<\/p>\n<p style=\"text-align: justify;\">\u0130stanbul Cumhuriyet Ba\u015fsavc\u0131vekili Fikret Se\u00e7en, Diyarbak\u0131r Ba\u011f\u0131ms\u0131z Milletvekili Leyla Zana&#8217;n\u0131n evinin arand\u0131\u011f\u0131 y\u00f6n\u00fcndeki haberlerin ger\u00e7e\u011fi yans\u0131tmad\u0131\u011f\u0131n\u0131n anla\u015f\u0131ld\u0131\u011f\u0131n\u0131 belirtti.<\/p>\n<p style=\"text-align: justify;\"><a href=\"http:\/\/www.cumhuriyet.com.tr\/?hn=307482&amp;kw=Operasyonun+savc%FDs%FD+konu%FEtu\" target=\"_blank\">Kaynak : Cumhuriyet Haber Portal\u0131<\/a><\/p>\n","protected":false},"excerpt":{"rendered":"<p style=\"text-align: center;\">\n<p style=\"text-align: justify;\">\u0130stanbul Cumhuriyet Ba\u015fsavc\u0131vekili Fikret Se\u00e7en, bug\u00fcn \u0130stanbul&#8217;un da aralar\u0131nda oldu\u011fu 17 ilde d\u00fczenlenen PKK&#8217;nin \u015fehir yap\u0131lanmas\u0131 oldu\u011fu iddia edilen KCK&#8217;ye y\u00f6nelik operasyona ili\u015fkin yaz\u0131l\u0131 a\u00e7\u0131klama yapt\u0131.<\/p>\n<p style=\"text-align: justify;\">\u0130stanbul- \u0130stanbul Cumhuriyet Ba\u015fsavc\u0131vekili Fikret Se\u00e7en, KCK&#8217;ye y\u00f6nelik y\u00fcr\u00fct\u00fclen soru\u015fturma kapsam\u0131nda 49 \u015f\u00fcpheli \u015fah\u0131stan 33&#8217;\u00fcn\u00fcn yakalanarak g\u00f6zalt\u0131na al\u0131nd\u0131\u011f\u0131n\u0131, bu \u00e7er\u00e7evede 17 ilde <\/p>\n","protected":false},"author":1,"featured_media":0,"comment_status":"open","ping_status":"open","sticky":false,"template":"","format":"standard","meta":{"footnotes":""},"categories":[105],"tags":[],"class_list":["post-46228","post","type-post","status-publish","format-standard","hentry","category-gundem","odd"],"_links":{"self":[{"href":"http:\/\/www.korhanyilmaz.com\/index.php?rest_route=\/wp\/v2\/posts\/46228","targetHints":{"allow":["GET"]}}],"collection":[{"href":"http:\/\/www.korhanyilmaz.com\/index.php?rest_route=\/wp\/v2\/posts"}],"about":[{"href":"http:\/\/www.korhanyilmaz.com\/index.php?rest_route=\/wp\/v2\/types\/post"}],"author":[{"embeddable":true,"href":"http:\/\/www.korhanyilmaz.com\/index.php?rest_route=\/wp\/v2\/users\/1"}],"replies":[{"embeddable":true,"href":"http:\/\/www.korhanyilmaz.com\/index.php?rest_route=%2Fwp%2Fv2%2Fcomments&post=46228"}],"version-history":[{"count":0,"href":"http:\/\/www.korhanyilmaz.com\/index.php?rest_route=\/wp\/v2\/posts\/46228\/revisions"}],"wp:attachment":[{"href":"http:\/\/www.korhanyilmaz.com\/index.php?rest_route=%2Fwp%2Fv2%2Fmedia&parent=46228"}],"wp:term":[{"taxonomy":"category","embeddable":true,"href":"http:\/\/www.korhanyilmaz.com\/index.php?rest_route=%2Fwp%2Fv2%2Fcategories&post=46228"},{"taxonomy":"post_tag","embeddable":true,"href":"http:\/\/www.korhanyilmaz.com\/index.php?rest_route=%2Fwp%2Fv2%2Ftags&post=46228"}],"curies":[{"name":"wp","href":"https:\/\/api.w.org\/{rel}","templated":true}]}}