{"id":4622,"date":"2009-03-04T11:12:25","date_gmt":"2009-03-04T09:12:25","guid":{"rendered":"http:\/\/www.korhanyilmaz.com\/?p=4622"},"modified":"2009-03-04T11:12:25","modified_gmt":"2009-03-04T09:12:25","slug":"%e2%80%98yesilcam%e2%80%99-uc-maymun%e2%80%99u-odule-layik-gordu","status":"publish","type":"post","link":"http:\/\/www.korhanyilmaz.com\/?p=4622","title":{"rendered":"\u2018Ye\u015fil\u00e7am\u2019 \u00dc\u00e7 Maymun\u2019u \u00d6d\u00fcle Lay\u0131k g\u00f6rd\u00fc"},"content":{"rendered":"<p style=\"text-align: center;\"><img loading=\"lazy\" decoding=\"async\" class=\"aligncenter size-full wp-image-4623\" title=\"Ye\u015fil\u00e7am \u00d6d\u00fclleri\" src=\"http:\/\/www.korhanyilmaz.com\/wp-content\/uploads\/2009\/03\/fft5_mf130311.jpeg\" alt=\"Ye\u015fil\u00e7am \u00d6d\u00fclleri\" width=\"360\" height=\"239\" \/><\/p>\n<p style=\"text-align: justify;\"><strong>Beyo\u011flu Belediyesi ile T\u00fcrkiye Sinema ve Audiovisuel K\u00fclt\u00fcr Vakf\u0131 (T\u00dcRSAK) i\u015fbirli\u011fiyle \u00f6zel bir ileti\u015fim \u015firketinin sponsorlu\u011funda bu y\u0131l ikincisi d\u00fczenlenen &#8220;Ye\u015fil\u00e7am \u00d6d\u00fclleri&#8221; sahiplerini buldu<\/strong><\/p>\n<p style=\"text-align: justify;\">L\u00fctfi K\u0131rdar Kongre ve K\u00fclt\u00fcr Saray\u0131ndaki t\u00f6rene, K\u00fclt\u00fcr ve Turizm Bakan\u0131 Ertu\u011frul G\u00fcnay, aralar\u0131nda \u0130zzet G\u00fcnay, Perihan Sava\u015f, H\u00fclya Ko\u00e7yi\u011fit, Nebahat \u00c7ehre ve Selda Alkor&#8217;un da bulundu\u011fu sanat\u00e7\u0131lar ile i\u015f ve medya d\u00fcnyas\u0131ndan \u00e7ok say\u0131da davetli kat\u0131ld\u0131.<\/p>\n<p style=\"text-align: justify;\">Bakan G\u00fcnay, t\u00f6ren \u00f6ncesi gazetecilere yapt\u0131\u011f\u0131 a\u00e7\u0131klamada, Ye\u015fil\u00e7am&#8217;\u0131n \u00e7ok k\u00f6kl\u00fc bir gelenek oldu\u011funu s\u00f6yledi. \u00d6d\u00fcllere &#8220;Ye\u015fil\u00e7am&#8221; isminin verilmesini \u00e7ok ak\u0131lc\u0131 bir bulu\u015f olarak niteleyen G\u00fcnay, &#8220;\u00c7ok gen\u00e7 bir \u00f6d\u00fcl olmakla birlikte \u00f6nemli bir ilgi yakalad\u0131. Benim hayalim, T\u00fcrk sinemas\u0131 gelene\u011fini ulusaldan geleneksele ta\u015f\u0131yan bir at\u0131l\u0131m olarak uluslararas\u0131 bir \u00f6d\u00fcle d\u00f6n\u00fc\u015fmesi&#8221; diye konu\u015ftu. \u0130stanbul ve T\u00fcrkiye&#8217;nin buna \u00e7ok uygun oldu\u011funu belirten G\u00fcnay, s\u00f6zlerine \u015f\u00f6yle devam etti: &#8220;\u00c7ok geni\u015f bir j\u00fcri karar veriyor. \u00d6n\u00fcm\u00fczdeki y\u0131llarda geli\u015ftirmek amac\u0131 var. T\u00fcrk sinemas\u0131n\u0131n ya\u015fad\u0131\u011f\u0131 geli\u015fmeler de \u00e7ok umut verici. Bizim filmlerimiz \u00f6nemli bir seyirci kitlesini yakalad\u0131. Bununla da s\u0131n\u0131rl\u0131 kalmad\u0131. T\u00fcrk sinemas\u0131 festivallerde \u00e7ok \u00f6nemli \u00f6d\u00fcller alarak d\u00fcnya sinemas\u0131nda sayg\u0131n bir yer elde ediyor. Bu da bizi sevindiriyor.&#8221;<!--more--><\/p>\n<p style=\"text-align: justify;\">Halit Ergen\u00e7&#8217;in sundu\u011fu t\u00f6ren boyunca Behzat Ger\u00e7eker ve ENBE Orkestras\u0131, &#8220;Kar\u015f\u0131 Pencere&#8221;, &#8220;Senede Bir G\u00fcn&#8221;, &#8220;Selvi Boylum Al Yazmal\u0131m&#8221;, &#8220;A\u015fk\u0131n Kanunu Yoktur&#8221;, &#8216;Her \u015eey \u00c7ok G\u00fczel Olacak&#8221; gibi filmlerin m\u00fcziklerini seslendirdi. T\u00dcRSAK Vakf\u0131 Ba\u015fkan\u0131 Engin Yi\u011fitgil t\u00f6rende yapt\u0131\u011f\u0131 konu\u015fmada, t\u00fcm adaylar\u0131n \u00f6d\u00fcl\u00fc hak etti\u011fini, verilen bu \u00f6d\u00fcllerin T\u00fcrk sinemas\u0131na bir katk\u0131 olaca\u011f\u0131n\u0131 d\u00fc\u015f\u00fcnd\u00fc\u011f\u00fcn\u00fc kaydetti. Beyo\u011flu Belediye Ba\u015fkan\u0131 Ahmet Misbah Demircan da sinema d\u00fcnyas\u0131n\u0131n bulundu\u011fu Beyo\u011flu&#8217;nda belediye ba\u015fkan\u0131 olarak g\u00f6rev yapmaktan, sinema sanat\u00e7\u0131lar\u0131na ait b\u00f6ylesine \u00f6nemli bir ortamda bulunmaktan gurur duydu\u011funu s\u00f6yledi. Demircan, bundan \u00f6nce oldu\u011fu gibi bundan sonra da Beyo\u011flu&#8217;nun k\u00fclt\u00fcr, sanat ve turizmin merkezi olaca\u011f\u0131n\u0131 belirtti.<\/p>\n<p style=\"text-align: justify;\">Turkcell Genel M\u00fcd\u00fcr\u00fc S\u00fcreyya Ciliv de Turkcell ailesi olarak 2 y\u0131ld\u0131r Ye\u015fil\u00e7am \u00d6d\u00fclleri&#8217;ne sponsor olmaktan mutluluk ve gurur duyduklar\u0131n\u0131 ifade ederek, Beyo\u011flu Belediye Ba\u015fkan\u0131 Demircan&#8217;\u0131n \u00f6d\u00fclleri d\u00fczenleme fikrini kendisine iletti\u011finde \u00e7ok heyecanland\u0131klar\u0131n\u0131 ve Beyo\u011flu&#8217;nda merkezi olan bir \u015firket olarak k\u00f6kl\u00fc T\u00fcrk sinemas\u0131na sahip \u00e7\u0131kmak istediklerini kaydetti.<\/p>\n<p style=\"text-align: justify;\"><strong>\u00d6D\u00dcLLER<\/strong><\/p>\n<p style=\"text-align: justify;\">Konu\u015fmalar\u0131n ard\u0131ndan \u00f6d\u00fcller a\u00e7\u0131kland\u0131. Sinema, i\u015f, k\u00fclt\u00fcr ve medya d\u00fcnyas\u0131ndan 1500 ki\u015filik b\u00fcy\u00fck j\u00fcrinin oylar\u0131na g\u00f6re belirlenen 11 daldaki \u00f6d\u00fcller aras\u0131nda &#8220;En \u0130yi Film&#8221; \u00f6d\u00fcl\u00fc, Nuri Bilge Ceylan&#8217;\u0131n &#8220;3 Maymun&#8221; filmine verildi. H\u00fclya Ko\u00e7yi\u011fit&#8217;in a\u00e7\u0131klad\u0131\u011f\u0131 \u00f6d\u00fcl\u00fc Ceylan&#8217;a, \u0130stanbul Valisi Muammer G\u00fcler, Beyo\u011flu Belediye Ba\u015fkan\u0131 Demircan ve Turkcell Genel M\u00fcd\u00fcr\u00fc Ciliv birlikte verdi. &#8220;En \u0130yi Y\u00f6netmen&#8221; \u00f6d\u00fcl\u00fcn\u00fc de &#8220;3 Maymun&#8221; filmiyle Nuri Bilge Ceylan ald\u0131. Bu \u00f6d\u00fcl\u00fc de Kenan I\u015f\u0131k ve Meltem Cumbul&#8217;un elinden alan Ceylan, &#8220;Bu y\u0131l ger\u00e7ekten \u00e7ok iyi filmler vard\u0131 T\u00fcrk sinemas\u0131nda. Onlar\u0131n i\u00e7inden \u00f6d\u00fcl alm\u0131\u015f olmak benim i\u00e7in \u00e7ok b\u00fcy\u00fck bir \u015fey&#8221; diye konu\u015ftu.<\/p>\n<p style=\"text-align: justify;\">&#8220;En \u0130yi Erkek Oyuncu&#8221; \u00f6d\u00fcl\u00fcn\u00fc &#8220;Sonbahar&#8221; filmindeki performans\u0131yla Onur Saylak kazan\u0131rken, Saylak&#8217;a \u00f6d\u00fcl\u00fcn\u00fc \u00d6zkan U\u011fur ile Ceyda D\u00fcvenci verdi. &#8220;En \u0130yi Kad\u0131n Oyuncu&#8221; \u00f6d\u00fcl\u00fcne ise &#8220;3 Maymun&#8221; filmindeki performans\u0131yla Hatice Aslan de\u011fer g\u00f6r\u00fcld\u00fc. Aslan, \u00f6d\u00fcl\u00fcn\u00fc G\u00f6ksel Arsoy ve \u00d6zg\u00fc Namal&#8217;\u0131n elinden ald\u0131. &#8220;En \u0130yi Yard\u0131mc\u0131 Erkek Oyuncu&#8221; \u00f6d\u00fcl\u00fc, &#8220;O&#8230; \u00c7ocuklar\u0131&#8221; filmindeki rol\u00fcyle Altan Erkekli&#8217;ye verildi. \u00d6d\u00fcl\u00fcn\u00fc Ekrem Bora ve Cansu Dere&#8217;den alan Erkekli, &#8220;\u00f6d\u00fcl\u00fc, 12 Eyl\u00fcl m\u00fcdahalesinde hayat\u0131n\u0131 kaybeden insanlar\u0131n ruhlar\u0131na hediye etti\u011fini&#8221; s\u00f6yledi.<br \/>\n&#8220;En \u0130yi Yard\u0131mc\u0131 Kad\u0131n Oyuncu&#8221; \u00f6d\u00fcl\u00fcn\u00fc ise &#8220;Iss\u0131z Adam&#8221; filmindeki anne rol\u00fcyle Y\u0131ld\u0131z K\u00fclt\u00fcr ald\u0131. K\u00fclt\u00fcr&#8217;e \u00f6d\u00fcl\u00fcn\u00fc Levent \u00dcz\u00fcmc\u00fc ve Perihan Sava\u015f verdi. &#8220;Turkcell \u0130lk Film&#8221; \u00f6d\u00fcl\u00fcne, &#8220;Sonbahar&#8221; filmiyle \u00d6zcan Alper lay\u0131k g\u00f6r\u00fcld\u00fc. Mahsun K\u0131rm\u0131z\u0131g\u00fcl ve Burca Kara&#8217;n\u0131n a\u00e7\u0131klad\u0131\u011f\u0131 \u00f6d\u00fcl\u00fc Alper&#8217;e, Turkcell Genel M\u00fcd\u00fcr\u00fc S\u00fcreyya Ciliv verdi.<br \/>\nTurkcell aboneleri taraf\u0131ndan oylanarak se\u00e7ilen \u00f6d\u00fcl\u00fcn sahibinine 30 bin TL para \u00f6d\u00fcl\u00fc de verilecek. &#8220;En \u0130yi Senaryo&#8221; \u00f6d\u00fcl\u00fcn\u00fc, &#8220;3 Maymun&#8221; filmiyle Ebru Ceylan, Nuri Bilge Ceylan ve Ercan Kesal ald\u0131. \u00d6d\u00fcl\u00fc, Cem Y\u0131lmaz ve Nebahat \u00c7ehre a\u00e7\u0131klad\u0131. Y\u0131lmaz&#8217;\u0131n, Nebahat \u00c7ehre&#8217;nin gen\u00e7 kald\u0131\u011f\u0131na vurgu yaparak, &#8220;Nebahat han\u0131m bir enteresan, kendisi Benjamin Button&#8221; esprisi, t\u00f6rene kat\u0131lanlar\u0131 g\u00fcld\u00fcrd\u00fc. &#8220;En \u0130yi Erkek Oyuncu&#8221; adaylar\u0131 aras\u0131nda ismi a\u00e7\u0131klan\u0131rken heyecanland\u0131\u011f\u0131n\u0131 s\u00f6yleyen Y\u0131lmaz, \u00f6d\u00fcl\u00fc kazanan Onur Saylak&#8217;\u0131n, Altan Erkekli gibi &#8220;\u00d6d\u00fcl\u00fc di\u011fer adaylarla payla\u015f\u0131yorum&#8221; demedi\u011fini, bu s\u00f6ylemin gelenekselle\u015fmesini istedi\u011fini s\u00f6yledi.\n<\/p>\n<p style=\"text-align: justify;\">&#8220;En \u0130yi Film M\u00fczi\u011fi&#8221; \u00f6d\u00fcl\u00fc, &#8220;Iss\u0131z Adam&#8221; filminin m\u00fcziklerini yapan Arya M\u00fczik&#8217;e verildi. \u00d6d\u00fcl\u00fc Ali Sunal ve Selda Alkor verdi. &#8220;En \u0130yi G\u00f6r\u00fcnt\u00fc Y\u00f6netmeni&#8221; \u00f6d\u00fcl\u00fcn\u00fc, &#8220;3 Maymun&#8221; filminin g\u00f6r\u00fcnt\u00fc y\u00f6netmeni G\u00f6khan Tiryaki ald\u0131. Tiryaki&#8217;ye \u00f6d\u00fcl\u00fc, \u0130zzet G\u00fcnay ile Fadik Sevin Atasoy taraf\u0131ndan verildi. &#8220;Digiturk Gen\u00e7 Yetenek&#8221; \u00f6d\u00fcl\u00fcn\u00fc ise &#8220;3 Maymun&#8221; filmindeki rol\u00fcyle Ahmet R\u0131fat \u015eungar ald\u0131. G\u00fcven K\u0131ra\u00e7 ve \u00dclk\u00fc Duru&#8217;nun a\u00e7\u0131klad\u0131\u011f\u0131 \u00f6d\u00fcl\u00fc \u015eungar&#8217;a, Digiturk Genel M\u00fcd\u00fcr Yard\u0131mc\u0131s\u0131 Berna K\u00fcrek\u00e7i verdi.<\/p>\n<p style=\"text-align: justify;\">AA<\/p>\n","protected":false},"excerpt":{"rendered":"<p style=\"text-align: center;\">\n<p style=\"text-align: justify;\">Beyo\u011flu Belediyesi ile T\u00fcrkiye Sinema ve Audiovisuel K\u00fclt\u00fcr Vakf\u0131 (T\u00dcRSAK) i\u015fbirli\u011fiyle \u00f6zel bir ileti\u015fim \u015firketinin sponsorlu\u011funda bu y\u0131l ikincisi d\u00fczenlenen &#8220;Ye\u015fil\u00e7am \u00d6d\u00fclleri&#8221; sahiplerini buldu<\/p>\n<p style=\"text-align: justify;\">L\u00fctfi K\u0131rdar Kongre ve K\u00fclt\u00fcr Saray\u0131ndaki t\u00f6rene, K\u00fclt\u00fcr ve Turizm Bakan\u0131 Ertu\u011frul G\u00fcnay, aralar\u0131nda \u0130zzet G\u00fcnay, Perihan Sava\u015f, H\u00fclya Ko\u00e7yi\u011fit, Nebahat \u00c7ehre ve Selda <\/p>\n","protected":false},"author":1,"featured_media":0,"comment_status":"open","ping_status":"closed","sticky":false,"template":"","format":"standard","meta":{"footnotes":""},"categories":[8],"tags":[],"class_list":["post-4622","post","type-post","status-publish","format-standard","hentry","category-kultur-sanat","odd"],"_links":{"self":[{"href":"http:\/\/www.korhanyilmaz.com\/index.php?rest_route=\/wp\/v2\/posts\/4622","targetHints":{"allow":["GET"]}}],"collection":[{"href":"http:\/\/www.korhanyilmaz.com\/index.php?rest_route=\/wp\/v2\/posts"}],"about":[{"href":"http:\/\/www.korhanyilmaz.com\/index.php?rest_route=\/wp\/v2\/types\/post"}],"author":[{"embeddable":true,"href":"http:\/\/www.korhanyilmaz.com\/index.php?rest_route=\/wp\/v2\/users\/1"}],"replies":[{"embeddable":true,"href":"http:\/\/www.korhanyilmaz.com\/index.php?rest_route=%2Fwp%2Fv2%2Fcomments&post=4622"}],"version-history":[{"count":0,"href":"http:\/\/www.korhanyilmaz.com\/index.php?rest_route=\/wp\/v2\/posts\/4622\/revisions"}],"wp:attachment":[{"href":"http:\/\/www.korhanyilmaz.com\/index.php?rest_route=%2Fwp%2Fv2%2Fmedia&parent=4622"}],"wp:term":[{"taxonomy":"category","embeddable":true,"href":"http:\/\/www.korhanyilmaz.com\/index.php?rest_route=%2Fwp%2Fv2%2Fcategories&post=4622"},{"taxonomy":"post_tag","embeddable":true,"href":"http:\/\/www.korhanyilmaz.com\/index.php?rest_route=%2Fwp%2Fv2%2Ftags&post=4622"}],"curies":[{"name":"wp","href":"https:\/\/api.w.org\/{rel}","templated":true}]}}