{"id":46211,"date":"2012-01-13T12:50:03","date_gmt":"2012-01-13T10:50:03","guid":{"rendered":"http:\/\/www.korhanyilmaz.com\/?p=46211"},"modified":"2012-01-13T15:39:52","modified_gmt":"2012-01-13T13:39:52","slug":"odullu-camide-namaz-kampanyasi","status":"publish","type":"post","link":"http:\/\/www.korhanyilmaz.com\/?p=46211","title":{"rendered":"\u00d6d\u00fcll\u00fc camide namaz kampanyas\u0131!"},"content":{"rendered":"<p style=\"text-align: center;\"><a href=\"http:\/\/www.korhanyilmaz.com\/wp-content\/uploads\/2012\/01\/9117.jpg\"  class=\"lightview\"><img loading=\"lazy\" decoding=\"async\" class=\"aligncenter  wp-image-46212\" src=\"http:\/\/www.korhanyilmaz.com\/wp-content\/uploads\/2012\/01\/9117.jpg\" alt=\"\" width=\"420\" height=\"210\" \/><\/a><\/p>\n<p style=\"text-align: justify;\">\u0130lk\u00f6\u011fretim Okulu \u00f6\u011frencileri i\u00e7in \u00f6d\u00fcll\u00fc camide namaz kampanyas\u0131&#8230;<\/p>\n<p style=\"text-align: justify;\">KONYA\u2019n\u0131n Seydi\u015fehir \u0130l\u00e7esi\u2019nde Seydi\u015fehir \u00c7evre, K\u00fclt\u00fcr, Gen\u00e7lik ve Sosyal Dayan\u0131\u015fma Derne\u011fi, ilk\u00f6\u011fretim okulu \u00f6\u011frencilerinin camide namaz k\u0131lmas\u0131 i\u00e7in \u2019Namaz\u0131n\u0131 Camide k\u0131l, puan\u0131n\u0131 topla, \u00f6d\u00fcl\u00fc kap\u2019 slogan\u0131yla, \u2019Haydi \u00e7ocuklar camiye\u2019 adl\u0131 yar\u0131\u015fma ba\u015flatt\u0131. 90 g\u00fcn s\u00fcrecek yar\u0131\u015fmada en \u00e7ok puana ula\u015f\u0131p dereceye giren \u00f6\u011frencilere diz\u00fcst\u00fc bilgisayar, bisiklet, \u00e7eyrek alt\u0131n, MP3 m\u00fczik \u00e7alar gibi \u00f6d\u00fcller verilecek. Sabah ve yats\u0131 namaz\u0131n\u0131n puan\u0131 30, \u00f6\u011fle, ikindi ve ak\u015fam namazan\u0131n puan\u0131 ise 10 puan olarak de\u011ferlendirilecek.\u00a0<!--more--><\/p>\n<p style=\"text-align: justify;\"><a href=\"http:\/\/www.korhanyilmaz.com\/wp-content\/uploads\/2012\/01\/9118.jpg\"  class=\"lightview\"><img loading=\"lazy\" decoding=\"async\" class=\"alignleft  wp-image-46213\" style=\"margin-left: 10px; margin-right: 10px;\" src=\"http:\/\/www.korhanyilmaz.com\/wp-content\/uploads\/2012\/01\/9118.jpg\" alt=\"\" width=\"208\" height=\"297\" \/><\/a>Avukat, imam, \u00f6\u011fretmen, esnaf ve mali m\u00fc\u015favirler taraf\u0131ndan ge\u00e7en y\u0131l kurulan Seydi\u015fehir \u00c7evre K\u00fclt\u00fcr Gen\u00e7lik ve Sosyal Dayan\u0131\u015fma Derne\u011fi, \u00e7ocuklar\u0131 namaza al\u0131\u015ft\u0131rmak i\u00e7in yar\u0131\u015fma d\u00fczenledi. \u0130lk\u00f6\u011fretim okulu k\u0131z ve erkek \u00f6\u011frencilerini kapsayan yar\u0131\u015fmaya kat\u0131lmak isteyen \u00f6\u011frenciler, dernek binas\u0131na gidip ba\u015fvuru formu doldurucak. 15 Ocak\u2019ta sona erecek ba\u015fvurular\u0131n ard\u0131ndan 90 g\u00fcn s\u00fcrecek yar\u0131\u015fmada en \u00e7ok puan toplay\u0131p dereceye giren \u00f6\u011frenciler \u00f6d\u00fcllerine kavu\u015facak.<\/p>\n<p style=\"text-align: justify;\"><strong>HAYD\u0130 \u00c7OCUKLAR CAM\u0130YE\u00a0<\/strong><\/p>\n<p style=\"text-align: justify;\">Karanl\u0131\u011fa k\u00fcfretmiyece\u011fiz. Bir mum yakaca\u011f\u0131z\u2019 d\u00fc\u015f\u00fcncesinden yola \u00e7\u0131karak derne\u011fi kurduklar\u0131n\u0131 is\u00f6yleyen y\u00f6netim kurulu \u00fcyesi avukat Yasir Dumlup\u0131nar, &#8220;Biz k\u0131zan, k\u0131ran taraf olmayaca\u011f\u0131z. Seven, ho\u015fg\u00f6ren taraf olaca\u011f\u0131z&#8221; dedi.<\/p>\n<p style=\"text-align: justify;\">Kutlu Do\u011fum Haftas\u0131 yakla\u015ft\u0131\u011f\u0131 i\u00e7in \u2019Haydi \u00e7ocuklar camiye\u2019 adl\u0131 bir program yapt\u0131klar\u0131n\u0131 ifade eden Yasir Dumlup\u0131nar, \u015funlar\u0131 s\u00f6yledi: &#8220;Amac\u0131m\u0131z, T\u00fcrkiye\u2019de hi\u00e7bir toplumu rahats\u0131z etmek de\u011fil. \u00dclke ve toplumun lehine bir\u015feyler yapmak istedik. Bug\u00fcn gazetelerin \u00fc\u00e7\u00fcnc\u00fc sayfalar\u0131nda bol bol cinayet, fuhu\u015f ve uyu\u015fturucu madde kullanma haberleri g\u00f6r\u00fcyoruz. Biz, namaz k\u0131lan gen\u00e7lik say\u0131s\u0131 artt\u0131\u011f\u0131 zaman, gazetelerin \u00fc\u00e7\u00fcnc\u00fc safyas\u0131ndaki haberlerin daha da azalaca\u011f\u0131n\u0131 inan\u0131yoruz. Eminim ki, y\u00fczde 99\u2019u M\u00fcsl\u00fcman olan bir \u00fclkede, bizim kampanyam\u0131z hi\u00e7 bir toplumu rahats\u0131z etmez. Bilindi\u011fi gibi Kuran-\u0131 Kerim ilk indi\u011finde \u2019oku\u2019 emriyle inmi\u015ftir.&#8221; Yar\u0131\u015fman\u0131n ilk\u00f6\u011fretim okulunda \u00f6\u011frenim g\u00f6ren k\u0131z ve erkek \u00f6\u011frencilerini kapsad\u0131\u011f\u0131n\u0131 belirten Yasir Dumlup\u0131nar, 1- 4\u2019\u00fcnc\u00fc s\u0131n\u0131flar ile 5 &#8211; 8\u2019inci s\u0131n\u0131flar aras\u0131 olarak iki kategoride yar\u0131\u015fma d\u00fczenlediklerini s\u00f6yledi.<\/p>\n<p style=\"text-align: justify;\"><strong>CAM\u0130LERDEN KUPON TOPLANACAK\u00a0<\/strong><\/p>\n<p style=\"text-align: justify;\">Yasir Dumlup\u0131nar, yar\u0131\u015fman\u0131n nas\u0131l olaca\u011f\u0131n\u0131 \u015f\u00f6yle anlatt\u0131: &#8220;Yar\u0131\u015fmada puan sistemi yapt\u0131k. Sabah ve yats\u0131 namaz\u0131 30 puan, di\u011fer namazlar 10 puan. \u00dc\u00e7 ay devem edecek yar\u0131\u015fma sonunda en \u00e7ok puan toplayan \u00f6\u011frencilerimizi \u00f6d\u00fcllendirece\u011fiz. Seydi\u015fehir kent merkezindeki camileri kapsayan yar\u0131\u015fmada, camilerde bizim g\u00f6n\u00fcll\u00fc cemaatlerimiz var. Bunlar derne\u011finimiz taraf\u0131ndan kendilerine verilmi\u015f olan bilgi notlar\u0131 dahilinde camiye gelip namaz\u0131n\u0131 k\u0131lan \u00f6\u011frencilere hangi puan ald\u0131\u011f\u0131na dair puan kuponunu verecek. \u00d6\u011frenciler de, namaz karnesine bu kuponlar\u0131 yap\u0131\u015ft\u0131racak. Puanlar\u0131 da oradan takip etmi\u015f olaca\u011f\u0131z. T\u00fcrkiye\u2019de b\u00f6yle bir \u00e7al\u0131\u015fman\u0131n ilk oldu\u011funu ve \u00f6rnek olaca\u011f\u0131n\u0131 d\u00fc\u015f\u00fcn\u00fcyorum.&#8221; Yar\u0131\u015fmay\u0131 10 Ocak\u2019ta duyurduklar\u0131n\u0131 hat\u0131rlatan Dumlup\u0131nar, ilk g\u00fcn 150 \u00f6\u011frencinin ba\u015fvurdu\u011funu ve son g\u00fcne kadarde 500 ki\u015fiye ula\u015faca\u011f\u0131n\u0131 tahmin ettiklerini s\u00f6yledi.<\/p>\n<p style=\"text-align: justify;\"><strong>M\u00dcFT\u00dcDEN DESTEK\u00a0<\/strong><\/p>\n<p style=\"text-align: justify;\">Seydi\u015fehir M\u00fcft\u00fcs\u00fc S\u0131tk\u0131 Beydilli, &#8220;Namaz \u00f6nemli bir ibadettir. Kuran-\u0131 Kerim\u2019de de en \u00e7ok bu konudan bahsediliyor. G\u00fcn\u00fcm\u00fczde 5 vakit namaz k\u0131lan say\u0131s\u0131 g\u00fcn ge\u00e7tikce azal\u0131yor. Kimin d\u00fczenledi\u011fine bakmadan, namaz\u0131 destekleyenleri destekliyorum&#8221; dedi.<\/p>\n<p style=\"text-align: justify;\"><a href=\"http:\/\/haber.gazetevatan.com\/odullu-camide-namaz-kampanyasi\/424112\/1\/Gundem\" target=\"_blank\">Kaynak : \u00a0 Vatan Gazetesi (\u00a0Ali SAYLAM- Halil USLU\/ SEYD\u0130\u015eEH\u0130R (Konya), (DHA))\u00a0<\/a><\/p>\n","protected":false},"excerpt":{"rendered":"<p style=\"text-align: center;\">\n<p style=\"text-align: justify;\">\u0130lk\u00f6\u011fretim Okulu \u00f6\u011frencileri i\u00e7in \u00f6d\u00fcll\u00fc camide namaz kampanyas\u0131&#8230;<\/p>\n<p style=\"text-align: justify;\">KONYA\u2019n\u0131n Seydi\u015fehir \u0130l\u00e7esi\u2019nde Seydi\u015fehir \u00c7evre, K\u00fclt\u00fcr, Gen\u00e7lik ve Sosyal Dayan\u0131\u015fma Derne\u011fi, ilk\u00f6\u011fretim okulu \u00f6\u011frencilerinin camide namaz k\u0131lmas\u0131 i\u00e7in \u2019Namaz\u0131n\u0131 Camide k\u0131l, puan\u0131n\u0131 topla, \u00f6d\u00fcl\u00fc kap\u2019 slogan\u0131yla, \u2019Haydi \u00e7ocuklar camiye\u2019 adl\u0131 yar\u0131\u015fma ba\u015flatt\u0131. 90 g\u00fcn s\u00fcrecek yar\u0131\u015fmada en \u00e7ok puana ula\u015f\u0131p <\/p>\n","protected":false},"author":1,"featured_media":0,"comment_status":"open","ping_status":"open","sticky":false,"template":"","format":"standard","meta":{"footnotes":""},"categories":[105],"tags":[],"class_list":["post-46211","post","type-post","status-publish","format-standard","hentry","category-gundem","odd"],"_links":{"self":[{"href":"http:\/\/www.korhanyilmaz.com\/index.php?rest_route=\/wp\/v2\/posts\/46211","targetHints":{"allow":["GET"]}}],"collection":[{"href":"http:\/\/www.korhanyilmaz.com\/index.php?rest_route=\/wp\/v2\/posts"}],"about":[{"href":"http:\/\/www.korhanyilmaz.com\/index.php?rest_route=\/wp\/v2\/types\/post"}],"author":[{"embeddable":true,"href":"http:\/\/www.korhanyilmaz.com\/index.php?rest_route=\/wp\/v2\/users\/1"}],"replies":[{"embeddable":true,"href":"http:\/\/www.korhanyilmaz.com\/index.php?rest_route=%2Fwp%2Fv2%2Fcomments&post=46211"}],"version-history":[{"count":0,"href":"http:\/\/www.korhanyilmaz.com\/index.php?rest_route=\/wp\/v2\/posts\/46211\/revisions"}],"wp:attachment":[{"href":"http:\/\/www.korhanyilmaz.com\/index.php?rest_route=%2Fwp%2Fv2%2Fmedia&parent=46211"}],"wp:term":[{"taxonomy":"category","embeddable":true,"href":"http:\/\/www.korhanyilmaz.com\/index.php?rest_route=%2Fwp%2Fv2%2Fcategories&post=46211"},{"taxonomy":"post_tag","embeddable":true,"href":"http:\/\/www.korhanyilmaz.com\/index.php?rest_route=%2Fwp%2Fv2%2Ftags&post=46211"}],"curies":[{"name":"wp","href":"https:\/\/api.w.org\/{rel}","templated":true}]}}