{"id":46203,"date":"2012-01-12T20:04:02","date_gmt":"2012-01-12T18:04:02","guid":{"rendered":"http:\/\/www.korhanyilmaz.com\/?p=46203"},"modified":"2012-01-13T14:15:00","modified_gmt":"2012-01-13T12:15:00","slug":"chp-genel-baskan-yardimcisi-nihat-matkap-akp-nedir-akp-bir-parti-falan-degil-akp-bir-siyasal-proje-akp-parti-olmanin-otesinde-bir-ic-ve-dis-gucler-ittifaki-yoksullastirma-gucsuzlestirm","status":"publish","type":"post","link":"http:\/\/www.korhanyilmaz.com\/?p=46203","title":{"rendered":"CHP Genel Ba\u015fkan Yard\u0131mc\u0131s\u0131 Nihat Matkap, \u201cAKP nedir? AKP bir parti falan de\u011fil. AKP bir siyasal proje. AKP, parti olman\u0131n \u00f6tesinde bir i\u00e7 ve d\u0131\u015f g\u00fc\u00e7ler ittifak\u0131. Yoksulla\u015ft\u0131rma, g\u00fc\u00e7s\u00fczle\u015ftirme, korkutma ve sindirme projesidir AKP\u201d dedi."},"content":{"rendered":"<p style=\"text-align: center;\"><a href=\"http:\/\/www.korhanyilmaz.com\/wp-content\/uploads\/2012\/01\/9115.jpg\"  class=\"lightview\"><img loading=\"lazy\" decoding=\"async\" class=\"aligncenter  wp-image-46204\" src=\"http:\/\/www.korhanyilmaz.com\/wp-content\/uploads\/2012\/01\/9115.jpg\" alt=\"\" width=\"360\" height=\"183\" \/><\/a><\/p>\n<p style=\"text-align: justify;\">\u201dBu d\u00fczenin mimarlar\u0131 1919 y\u0131l\u0131n\u0131 hat\u0131rlas\u0131nlar. Bunlar\u0131n dedeleri \u00fclkemizi i\u015fgal edenlerle \u015fbirli\u011fi halindeydiler. O zaman bir Kemal Samsun\u2019a \u00e7\u0131kt\u0131. \u015eimdiki Kemal\u2019de, o Kemal\u2019in \u00f6\u011fretisiyle yeti\u015fmi\u015f bir Kemal\u2019dir, ayaklar\u0131n\u0131 denk als\u0131nlar\u201d<\/p>\n<p style=\"text-align: justify;\">-\u201c K\u0131l\u0131\u00e7daro\u011flu\u2019yla birlikte sosyal demokratlar, solcular tek parti \u00e7at\u0131s\u0131 alt\u0131nda se\u00e7imlere kat\u0131ld\u0131. \u0130lk defa sosyal demokratlar 80 tahribat\u0131ndan sonra b\u00fct\u00fcnle\u015fti. Bu \u00e7ok \u00f6nemli bir olay. Burada K\u0131l\u0131\u00e7daro\u011flu\u2019nun ki\u015fili\u011finin, g\u00fcven veren yap\u0131s\u0131n\u0131n \u00e7ok b\u00fcy\u00fck pay\u0131 var. Bu b\u00fct\u00fcnle\u015fmeyi kimse bozduramaz. Bozdurma aray\u0131\u015flar\u0131 var, izin vermeyece\u011fiz\u201d\u00a0<!--more--><\/p>\n<p style=\"text-align: justify;\">\u0130leti\u015fim Koordinat\u00f6rl\u00fc\u011f\u00fc ( Ankara ) \u2013 CHP Genel Ba\u015fkan Yard\u0131mc\u0131s\u0131 Nihat Matkap Ankara Yenimahalle\u2019de d\u00fczenlenen toplant\u0131ya kat\u0131larak bir konu\u015fma yapt\u0131 ve \u015funlar\u0131 s\u00f6yledi;<\/p>\n<p style=\"text-align: justify;\">\u201c\u00c7ok k\u0131ymetli arkada\u015flar\u0131m, bas\u0131n\u0131m\u0131z\u0131n de\u011ferli temsilcileri, partimizin \u00f6rg\u00fctler sorumlulu\u011funu \u00fcstleneli yakla\u015f\u0131k 5 ay oldu. \u0130lk defa Ankara \u00f6rg\u00fct\u00fcm\u00fczle bulu\u015fuyorum. Bu bulu\u015fma s\u0131ras\u0131nda g\u00f6sterdi\u011finiz ilgiden, s\u0131cak yakla\u015f\u0131mlardan, dost duygulardan dolay\u0131 size y\u00fcrekten te\u015fekk\u00fcr ediyorum. Hepinize ho\u015f geldiniz diyorum.<\/p>\n<p style=\"text-align: justify;\">Bu toplant\u0131y\u0131 d\u00fczenlemelerinden dolay\u0131 Yenimahalle \u0130l\u00e7e Ba\u015fkan\u0131m\u0131za ve \u00e7al\u0131\u015fma arkada\u015flar\u0131na da y\u00fcrekten te\u015fekk\u00fcr ediyorum.<\/p>\n<p style=\"text-align: justify;\">Bu arada de\u011ferli arkada\u015flar\u0131m, son y\u0131llarda hukuksuzlu\u011fun, bask\u0131lar\u0131n simgesi haline d\u00f6n\u00fc\u015fen siyasal sistemimizin susturmak istedi\u011fi Genel Ba\u015fkan\u0131m\u0131z Say\u0131n K\u0131l\u0131\u00e7daro\u011flu\u2019nun da selamlar\u0131n\u0131, sevgilerini, sayg\u0131lar\u0131n\u0131 getirdim.<\/p>\n<p style=\"text-align: justify;\">Bu d\u00fczenin mimarlar\u0131na, bu d\u00fczenin yerli ve yabanc\u0131 i\u015fbirlik\u00e7ilerine bir hat\u0131rlatmada bulunmak istiyorum bu toplant\u0131 dolay\u0131s\u0131yla. Bu d\u00fczenin mimarlar\u0131 1919 y\u0131l\u0131n\u0131 bir hat\u0131rlas\u0131nlar. O y\u0131llarda bunlar\u0131n dedeleri \u00fclkemizi i\u015fgal eden emperyalist g\u00fc\u00e7lerle i\u015fbirli\u011fi halindeydiler, ittifak halindeydiler. Hat\u0131rlas\u0131nlar o zaman bir Kemal Samsun\u2019a \u00e7\u0131kt\u0131. \u015eimdiki Kemal\u2019de o Kemal\u2019in terbiyesiyle, \u00f6\u011fretisiyle yeti\u015fmi\u015f bir Kemal.<\/p>\n<p style=\"text-align: justify;\">O nedenle bunlara \u015fu hat\u0131rlatmay\u0131 yap\u0131yorum. Ayaklar\u0131n\u0131 denk als\u0131nlar.<\/p>\n<p style=\"text-align: justify;\">\u00c7ok de\u011ferli dostlar\u0131m, \u00e7ok de\u011ferli arkada\u015flar\u0131m, ba\u015fkentteyiz. Bu toplant\u0131 \u00e7ok \u00f6nemli. Hepiniz bu saatte istirahatlerinizden buraya geldiniz. Sizlerle e\u011fer sabr\u0131n\u0131z varsa \u00fc\u00e7 konuyu payla\u015fmak istiyorum. AKP iktidar\u0131n\u0131 konu\u015fmak istiyorum k\u0131saca. AKP\u2019yi de konu\u015fmak istiyorum. Ayr\u0131ca Cumhuriyet Halk Partisindeki geli\u015fmeler ve Cumhuriyet Halk Partisinin hedefleriyle ilgili baz\u0131 konular\u0131 sizlerle payla\u015fmak istiyorum. Birka\u00e7 konuya dikkatinizi \u00e7ekmek istiyorum.<\/p>\n<p style=\"text-align: justify;\">\u00c7ok de\u011ferli dostlar\u0131m, AKP T\u00fcrkiye\u2019yi 10 y\u0131ld\u0131r y\u00f6netiyor. AKP ger\u00e7ekten T\u00fcrkiye\u2019nin sorunlar\u0131n\u0131 \u00e7\u00f6zebildi mi? Yakla\u015f\u0131k 15 g\u00fcn \u00f6nce bir heyetle ben Diyarbak\u0131r\u2019\u0131 ziyaret ettim. Do\u011fu ve G\u00fcneydo\u011fu\u2019da ya\u015fayan insanlar\u0131m\u0131z\u0131n nabz\u0131n\u0131 tutmaya \u00e7al\u0131\u015ft\u0131m. Bak\u0131n insanlar nas\u0131l bak\u0131yor. AKP iktidara gelir gelmez do\u011fu ve g\u00fcneydo\u011fudaki sorunlar\u0131 \u00f6nce feodal ili\u015fkilerle \u00e7\u00f6zmek istedi. K\u00fcrt sorununu ben \u00e7\u00f6zerim dedi. \u0130mral\u0131\u2019yla g\u00f6r\u00fc\u015fmeler yapt\u0131. Ard\u0131ndan Habur\u2019da \u00f6zel yetkili mahkemeler kurdu. Ard\u0131ndan Oslo\u2019da \u00f6rg\u00fct\u00fcn di\u011fer temsilcileriyle g\u00f6r\u00fc\u015ft\u00fc, m\u00fczakerede bulundu. Bakt\u0131 ki hi\u00e7 \u00e7\u00f6z\u00fcm bulam\u0131yor 90\u2019l\u0131 y\u0131llar\u0131n g\u00fcvenlik odakl\u0131 \u00e7\u00f6z\u00fcmlerine girdi. Ve do\u011fu g\u00fcneydo\u011fu insan\u0131 var olan h\u00fck\u00fcmetten b\u00fct\u00fcn\u00fcyle umudunu kesti. Ve \u015fuan do\u011fu ve g\u00fcneydo\u011fuda ya\u015fayan insanlar\u0131m\u0131z neredeyse devlete olan g\u00fcvenlerini \u00f6nemli \u00f6l\u00e7\u00fcde kaybetmi\u015f durumda. E\u011fer bir b\u00f6l\u00fcc\u00fc arayacaksak hi\u00e7 uzakta aramaya gerek yok. En \u00f6nemli b\u00f6l\u00fcc\u00fc AKP h\u00fck\u00fcmeti de\u011ferli arkada\u015flar.<\/p>\n<p style=\"text-align: justify;\">Kemal K\u0131l\u0131\u00e7daro\u011flu ve partisi \u00fclke b\u00fct\u00fcnl\u00fc\u011f\u00fcn\u00fcn g\u00fcvencesi, \u00fclke b\u00fct\u00fcnl\u00fc\u011f\u00fcn\u00fcn teminat\u0131. Onun i\u00e7in Kemal K\u0131l\u0131\u00e7daro\u011flu ve arkada\u015flar\u0131 her \u015feyi g\u00f6ze ald\u0131 Uludere\u2019ye gitti. \u00dclkenin birli\u011fi ve b\u00fct\u00fcnl\u00fc\u011f\u00fc i\u00e7in Cumhuriyet Halk Partililerin yapamayaca\u011f\u0131 bir \u015fey yok. Bu tahribat\u0131 ancak Cumhuriyet Halk Partisi toparlayacak bundan emin olunuz.<\/p>\n<p style=\"text-align: justify;\">Peki en temel sorunumuz bu haliyle y\u00fcz \u00fcst\u00fc kald\u0131 hi\u00e7bir ba\u015far\u0131 yok. Al\u0131nan hi\u00e7bir mesafe yok. Bunlar\u0131 kahvede payla\u015fman\u0131z i\u00e7in anlat\u0131yorum. Her gitti\u011finiz yerde konu\u015fman\u0131z i\u00e7in anlat\u0131yorum. Somut \u015feyler anlataca\u011f\u0131m.<\/p>\n<p style=\"text-align: justify;\">Peki ekonomide hakikaten bir ba\u015far\u0131 var m\u0131? Rakamlarla, verilerle konu\u015fmak istiyorum. 2006 y\u0131l\u0131nda kredi kart\u0131 borcunu \u00f6deyemeyenlerin say\u0131s\u0131 12 bin dolay\u0131ndayd\u0131. Bug\u00fcn 570 bin insan\u0131m\u0131z kredi kard\u0131 borcunu \u00f6deyemiyor. \u0130yile\u015fen bir ekonomide sonu\u00e7 bu mu olur? \u015euan OECD \u00fclkeleri i\u00e7erisinde en d\u00fc\u015f\u00fck istihdama sahip \u00fclke T\u00fcrkiye. Haz\u0131r i\u015fg\u00fcc\u00fcn\u00fcn yaln\u0131z yar\u0131s\u0131 %50\u2019si i\u015f bulur durumda. Orada da herhangi bir ba\u015far\u0131 yok. Peki 15 y\u0131lda gelip ge\u00e7en b\u00fct\u00fcn h\u00fck\u00fcmetlerin yapt\u0131\u011f\u0131 \u00f6zelle\u015ftirmeden olu\u015fan gelir 8 milyar dolar. AKP\u2019nin 8 y\u0131lda \u00f6zelle\u015ftirmeden sa\u011flad\u0131\u011f\u0131 gelir yakla\u015f\u0131k 45 milyar dolar. Peki T\u00fcrkiye\u2019de i\u015fler iyi gidiyor mu? Ekonomide her ay veriler yay\u0131nlan\u0131r biliyorsunuz i\u015fsizlik oran\u0131. Kapasiteyi kullanma oran\u0131. Fakat final olan\u0131 \u015fu; e\u011fer \u00fclke iyi y\u00f6netilmi\u015fse, e\u011fer d\u0131\u015f politikada ba\u015far\u0131l\u0131ysak, e\u011fer \u00fclkemizde ekonomi ve sanayi geli\u015fmi\u015fse, \u00e7\u00fcnk\u00fc k\u00fcresel bir rekabet ya\u015f\u0131yoruz d\u00fcnyada. O zaman bizim en \u00f6nemli g\u00f6sterge ihracat\u0131m\u0131z\u0131n ithalat\u0131m\u0131z\u0131 kar\u015f\u0131lama oran\u0131d\u0131r.<\/p>\n<p style=\"text-align: justify;\">2002 y\u0131l\u0131nda de\u011ferli arkada\u015flar\u0131m, AKP iktidara geldi\u011finde T\u00fcrkiye her 100 dolarl\u0131k ithalat\u0131n\u0131n 70 dolar\u0131n\u0131 ihracatla kar\u015f\u0131l\u0131yordu. \u015eimdi bu oran an geldi %50\u2019ye d\u00fc\u015ft\u00fc, %55\u2019lere \u00e7\u0131kt\u0131. Dolay\u0131s\u0131yla ne yaz\u0131k ki ekonomide de bir ba\u015far\u0131 yok. Bunu da konu\u015fman\u0131z\u0131 istiyorum. Somut \u015feyler s\u00f6ylemeye \u00e7al\u0131\u015f\u0131yorum.<\/p>\n<p style=\"text-align: justify;\">Peki demokraside \u00f6nemli geli\u015fmeler oldu mu? Ne yaz\u0131k ki en b\u00fcy\u00fck zenginli\u011fimizi de kaybeder noktaya geldik. D\u00fcnyada b\u00fct\u00fcn geli\u015fmi\u015f \u00fclkelerde demokrasinin en temel g\u00fcvencesi ba\u011f\u0131ms\u0131z yarg\u0131. T\u00fcrkiye\u2019de yarg\u0131 ba\u011f\u0131ml\u0131 hale geldi. Dan\u0131\u015ftay\u2019a tahamm\u00fcl\u00fc yok Tayyip Erdo\u011fan\u2019\u0131n. Anayasa Mahkemesine tahamm\u00fcl\u00fc yok. Yarg\u0131tay\u2019a tahamm\u00fcl\u00fc yok. Ben ne dersem o olur diyor. Bende bunu anlay\u0131\u015fla kar\u015f\u0131l\u0131yorum. \u00c7\u00fcnk\u00fc bunlar\u0131n k\u00fclt\u00fcr\u00fc, bunlar\u0131n yeti\u015fme yerleri, bunlar ibadet y\u00f6netme k\u00fclt\u00fcr\u00fcnden geliyor, devlet y\u00f6netme k\u00fclt\u00fcr\u00fcnden gelmiyor. Herkesin kendilerine uymalar\u0131n\u0131 ister. Dolay\u0131s\u0131yla bunlar\u0131n yeri bakanl\u0131klar de\u011fil. Bunlar ba\u015fka yerde \u00e7al\u0131\u015fmal\u0131lar.<\/p>\n<p style=\"text-align: justify;\">\u015eimdi, peki d\u0131\u015f bar\u0131\u015f\u0131m\u0131z, d\u0131\u015f politikam\u0131z ba\u015far\u0131l\u0131 m\u0131? Ne yaz\u0131k ki b\u00fct\u00fcn kom\u015fular\u0131m\u0131zla \u015fuan kavgal\u0131 haldeyiz. Arap bahar\u0131n\u0131 g\u00fc\u00e7lendirmek istiyor, Ortado\u011fu\u2019ya bar\u0131\u015f getirmek istiyor Tayyip Erdo\u011fan. Ama T\u00fcrkiye\u2019deki bahar\u0131 d\u0131\u015fa \u00e7evirdi ne yaz\u0131k.<\/p>\n<p style=\"text-align: justify;\">\u015eimdi b\u00fct\u00fcn bunlar ortada. D\u0131\u015far\u0131da bunlar\u0131 anlatt\u0131\u011f\u0131m\u0131z zaman deniyor ki tamam AKP T\u00fcrkiye\u2019yi y\u00f6netemiyor, iyi y\u00f6netemiyor. Peki oylar\u0131 neden y\u00fckseliyor. \u0130\u015fte bu soruya hep birlikte cevap aramal\u0131y\u0131z. Ben bu soruyu \u00e7ok \u00f6nemsiyorum. Biz biraz \u00f6nce il ba\u015fkan\u0131m\u0131z\u0131n s\u00f6yledi\u011fi gibi i\u00e7erdeki sorunlarla me\u015fgulken AKP ba\u015fka \u015feylerle me\u015fgul. Bundan sonra bu soruya yan\u0131t arayaca\u011f\u0131z ve T\u00fcrkiye\u2019yi y\u00f6netmemizin \u00f6n\u00fcndeki engelleri a\u015fmaya \u00e7al\u0131\u015faca\u011f\u0131z.<\/p>\n<p style=\"text-align: justify;\">De\u011ferli arkada\u015flar\u0131m, de\u011ferli dostlar\u0131m, AKP nedir? AKP bir parti falan de\u011fil. Bu AKP bir siyasal proje. AKP parti olman\u0131n \u00f6tesinde bir i\u00e7 ve d\u0131\u015f g\u00fc\u00e7ler ittifak\u0131. D\u00fc\u015f\u00fcn\u00fcn 2002 y\u0131l\u0131nda insanlar sand\u0131klara gitti\u011fi zaman iktidar yapmak umuduyla 5 partiye oy verdi. O tarihlerde DYP iddial\u0131yd\u0131, Anavatan Partisi iddial\u0131yd\u0131, Gen\u00e7 Parti iddial\u0131yd\u0131, MHP iddial\u0131yd\u0131, AKP iddial\u0131yd\u0131. Son se\u00e7imlerde %5\u2019i ge\u00e7en iki parti kald\u0131. AKP ve MHP. Orada kendi rakiplerini bertaraf etmekten \u00e7ok g\u00fc\u00e7l\u00fc bir anlay\u0131\u015f. Bunu g\u00f6rmemiz laz\u0131m. Bakt\u0131\u011f\u0131m\u0131zda T\u00fcrkiye\u2019de belli sa\u011f oylar var, belli s\u0131k\u0131\u015fan sol oylar var. Biz bu oylarla yetinemeyiz. Biz T\u00fcrkiye\u2019yi y\u00f6netmek istiyoruz. Onun i\u00e7in kafam\u0131z\u0131 kald\u0131raca\u011f\u0131z.<\/p>\n<p style=\"text-align: justify;\">Bak\u0131n\u0131z 2002\u2019de sa\u011f oylar\u0131n toplam\u0131 68, 2004\u2019te 71 k\u00fcsur ve devam ediyor. Sol oylar birikiyor %26\u2019larda, 27\u2019lerde. Zaman zaman 22\u2019lerde, 23\u2019lerde. Bunu a\u015fmak zorunday\u0131z. Bu sayg\u0131n toplulukla bunu payla\u015fmak durumunday\u0131z. Ayr\u0131ca bilin\u00e7li bir \u015fekilde kutupla\u015ft\u0131rma stratejisi uygulan\u0131yor. AKP\u2019de sa\u011fda tek kalmak istiyor. \u00c7\u00fcnk\u00fc oylar gezip dola\u015facak bana gelecek ne de olsa diyor. B\u00fct\u00fcn siyaset stratejisini bunun \u00fczerine kurgulam\u0131\u015f. Yoksa %50 oy almas\u0131 moralinizi bozmas\u0131n. Bu %50 oy sorunlar\u0131 \u00e7\u00f6zme becerilerinden kaynaklanm\u0131yor. Farkl\u0131 oyunlardan, farkl\u0131 tezgahlardan kaynaklan\u0131yor. Bu oyu T\u00fcrkiye\u2019de hak etmiyorlar. T\u00fcrkiye\u2019de AKP\u2019nin kar\u015f\u0131l\u0131\u011f\u0131 %50 de\u011fil. Asl\u0131nda bug\u00fcne kadarki uygulamalar\u0131yla AKP\u2019nin oy oran\u0131 %10\u2019larda, %15\u2019lerde olmal\u0131. Ama garip bir durum var T\u00fcrkiye\u2019de. Bunu toplant\u0131larda, evde, kahvede konu\u015fmal\u0131y\u0131z. Bu bir aile toplant\u0131s\u0131.<\/p>\n<p style=\"text-align: justify;\">Yoksulla\u015ft\u0131rma, g\u00fc\u00e7s\u00fczle\u015ftirme, korkutma ve sindirme projesidir AKP projesi. Bir parti projesi de\u011fil. B\u0131rak\u0131n insanlar AKP\u2019yi ele\u015ftirmeyi aile fertleri kendi aralar\u0131nda telefonla konu\u015furken bile T\u00fcrkiye\u2019de korkmaya ba\u015flad\u0131. B\u00fct\u00fcn bunlar bilin\u00e7li bir uygulaman\u0131n sonu\u00e7lar\u0131. Biraz \u00f6nce s\u00f6yledim. PKK\u2019y\u0131 da\u011fdan indirece\u011fiz dediler, mahkeme kurdular, dikkat edin ses yok, tepki yok. Oslo\u2019da g\u00f6r\u00fc\u015fmeler yapt\u0131lar su y\u00fcz\u00fcne \u00e7\u0131kt\u0131 ses yok. B\u00fct\u00fcn bas\u0131n susmu\u015f, i\u015f d\u00fcnyas\u0131 susmu\u015f, \u00fcniversiteler susmu\u015f. Da\u011fdan inenler tekrar da\u011fa gitti ses yok, ele\u015ftiri yok.<\/p>\n<p style=\"text-align: justify;\">Kemal K\u0131l\u0131\u00e7daro\u011flu Hakkari mitinginde dedi ki, biz dedi yerel y\u00f6netimlerin \u00f6zerkli\u011fini g\u00fc\u00e7lendirece\u011fiz. Ama b\u00fct\u00fcn T\u00fcrkiye i\u00e7in bunu s\u00f6yledi. \u00c7\u0131kt\u0131 ayn\u0131 Ba\u015fbakan ben T\u00fcrkiye\u2019yi b\u00f6ld\u00fcrtmem dedi. B\u00f6yle bir \u015fey olur mu? Bunlara dikkatinizi \u00e7ekiyorum. Eskiden bizim h\u00fck\u00fcmet orta\u011f\u0131 oldu\u011fumuz d\u00f6nemde her bir televizyon, her bir ulusal d\u00fczeyde yay\u0131n yapan gazete bir muhalefet partisi gibiydi. \u015eimdi televizyonlar\u0131n ulusal d\u00fczeyde yay\u0131n yapan gazetelerin b\u00fcy\u00fck bir k\u0131sm\u0131 AKP\u2019nin yan kolu gibi \u00e7al\u0131\u015f\u0131yor. \u0130\u015fte o projeden size s\u00f6z ediyorum. B\u00fct\u00fcn bunlar\u0131 g\u00f6rerek \u00f6n\u00fcm\u00fcze bakaca\u011f\u0131z. B\u00fct\u00fcn bunlar\u0131 g\u00f6rerek siyasetimizi yeniden \u015fekillendirece\u011fiz. 20, 30 y\u0131l \u00f6ncesinin siyaset anlay\u0131\u015f\u0131yla g\u00f6t\u00fcremeyiz bunu. \u015euan kimi i\u00e7 tart\u0131\u015fmalarda buralardan kaynaklan\u0131yor.<\/p>\n<p style=\"text-align: justify;\">\u015eimdi b\u00fct\u00fcn biz politikalar\u0131m\u0131z\u0131 d\u00fczenlerken b\u00fct\u00fcn bunlar\u0131 yok sayamay\u0131z. Bunlar\u0131 yok sayarak, sadece bunlar\u0131 konu\u015fmayarak, sadece birbirimizle me\u015fgul olmaya kalkarsak, birbirimizi ele\u015ftirerek yol almaya kalkarsak gafil avlan\u0131r\u0131z. \u0130\u015fte bug\u00fcn Ba\u015fkentlilerle payla\u015fmak istedi\u011fim en \u00f6nemli konulardan biri bu.<\/p>\n<p style=\"text-align: justify;\">\u00c7ok de\u011ferli dostlar\u0131m, muhalefet partilerinden de beklentiler zaman i\u00e7inde de\u011fi\u015fiyor. \u015eimdi iki y\u00f6ntemle muhalefet yapabiliriz. Bir; bunu 95\u2019lerden sonra yapt\u0131k. Rakibini y\u0131prat s\u0131ra sana gelir. G\u00fcn geldi Tansu \u00c7iller\u2019i y\u0131pratt\u0131k malvarl\u0131\u011f\u0131 soru\u015fturmas\u0131yla. G\u00fcn geldi T\u00fcrkbank ihalesiyle Mesut Y\u0131lmaz\u2019\u0131 y\u0131pratt\u0131k. Hakikaten onlar yapt\u0131. Ama bir t\u00fcrl\u00fc s\u0131ra gelmedi.<\/p>\n<p style=\"text-align: justify;\">Bir di\u011fer muhalefet yapma y\u00f6ntemi; yine iktidar\u0131 ele\u015ftir, yanl\u0131\u015flar\u0131n\u0131 s\u00f6yle ama birlikte se\u00e7eneklerini de sun. \u0130\u015fte Kemal K\u0131l\u0131\u00e7daro\u011flu\u2019nun y\u00f6netimi, yolu bu. \u015euan Cumhuriyet Halk Partisinin izledi\u011fi y\u00f6ntem bu. Ele\u015ftirece\u011fiz ama onun se\u00e7ene\u011fini de koyaca\u011f\u0131z. Onun kar\u015f\u0131s\u0131ndaki Cumhuriyet Halk Partisinin d\u00fc\u015f\u00fcncelerini de anlataca\u011f\u0131z. Cumhuriyet Halk Partisindeki d\u00f6n\u00fc\u015f\u00fcm bu. Say\u0131n K\u0131l\u0131\u00e7daro\u011flu\u2019yla birlikte baz\u0131 hat\u0131rlatmalar yap\u0131yorum, payla\u015fmak istiyorum sizlerle.<\/p>\n<p style=\"text-align: justify;\">De\u011ferli arkada\u015flar\u0131m, 20 y\u0131l sonra Say\u0131n K\u0131l\u0131\u00e7daro\u011flu\u2019yla birlikte sosyal demokratlar, solcular tek parti \u00e7at\u0131s\u0131 alt\u0131nda se\u00e7imlere kat\u0131ld\u0131. Bu \u00e7ok \u00f6nemli bir olay. Burada K\u0131l\u0131\u00e7daro\u011flu\u2019nun ki\u015fili\u011finin, g\u00fcven veren yap\u0131s\u0131n\u0131n \u00e7ok b\u00fcy\u00fck pay\u0131 var. Biz birbirimizin sadece eksi\u011fiyle me\u015fgul oluruz. Ama iyi taraf\u0131n\u0131 da an geldi\u011finde alk\u0131\u015flamak durumunday\u0131z. Ayr\u0131\u015fmalar b\u00fct\u00fcnle\u015fmeye d\u00f6n\u00fc\u015ft\u00fc. Hat\u0131rlay\u0131n K\u0131l\u0131\u00e7daro\u011flu \u00f6ncesi 10 Aral\u0131k hareketinin aray\u0131\u015flar\u0131 vard\u0131. SHP\u2019nin aray\u0131\u015flar\u0131 vard\u0131. DSP\u2019nin aray\u0131\u015flar\u0131 vard\u0131. Sar\u0131g\u00fcl hareketi vard\u0131. Hi\u00e7biri kald\u0131 m\u0131? Bunu yok sayabilir miyiz? \u0130lk defa sosyal demokratlar 80 tahribat\u0131ndan sonra b\u00fct\u00fcnle\u015fti. Bu b\u00fct\u00fcnle\u015fmeyi kimse bozduramaz. Bozdurma aray\u0131\u015flar\u0131 var hi\u00e7 izin vermeyece\u011fiz.<\/p>\n<p style=\"text-align: justify;\">\u00d6rg\u00fct y\u00f6neticilerimiz burada. \u00d6rg\u00fctlenme modelini de\u011fi\u015ftiriyoruz. Hayalimizdeki \u00f6rg\u00fct modelini anlatay\u0131m size. Benim il\u00e7e ba\u015fkanlar\u0131m ve y\u00f6neticilerimden beklentilerimi s\u00f6yl\u00fcyorum. Cumhuriyet Halk Partisi oraya do\u011fru gidecek. Yeni \u00f6rg\u00fctlenme stratejisini anlatay\u0131m. Benim \u00f6rg\u00fctlerimin g\u00f6revi ya\u015fad\u0131klar\u0131 sorumluluk alan\u0131nda il\u00e7ede, ilde o il\u00e7enin ekonomik ve sosyal a\u00e7\u0131dan geli\u015fmesi ad\u0131na d\u00fc\u015f\u00fcnen, tart\u0131\u015fan, proje \u00fcreten \u00f6rg\u00fctler olmal\u0131. \u0130yi g\u00fcnde, k\u00f6t\u00fc g\u00fcnde ya\u015fad\u0131klar\u0131 b\u00f6lgede insanlar\u0131n yard\u0131m\u0131na ko\u015fan \u00f6rg\u00fctler olmal\u0131. Yoksul \u00f6\u011frencilere burs temin eden kurulu\u015flarla i\u015fbirli\u011fi yapan, dayan\u0131\u015fma i\u00e7erisine giren \u00f6rg\u00fctler olmal\u0131. Daha g\u00fczel bir \u00e7evre yaratmak i\u00e7in kafa yoran \u00f6rg\u00fctler olmal\u0131. Zaman zaman arta kalan vakitlerinde de \u00f6rg\u00fctle me\u015fgul olmal\u0131lar. Benim \u00f6rg\u00fctlerimle ilgili alg\u0131, benim \u00f6rg\u00fctlerim sadece kimin milletvekili olaca\u011f\u0131yla, kimin belediye ba\u015fkan\u0131 veyahutta kimin belediye meclis \u00fcyesi olaca\u011f\u0131yla me\u015fgul olan \u00f6rg\u00fctler olmamal\u0131. Bu alg\u0131y\u0131 b\u00fct\u00fcn\u00fcyle y\u0131kaca\u011f\u0131z.<\/p>\n<p style=\"text-align: justify;\">Partiyi kapat\u0131rs\u0131n, i\u00e7eri kimseyi almazs\u0131n. Ard\u0131ndan e\u011fer f\u0131rsat olursa \u00e7\u0131kar belediye ba\u015fkan\u0131 olursun, milletvekili olursun, olmayabilirsin.<\/p>\n<p style=\"text-align: justify;\">De\u011ferli arkada\u015flar\u0131m, \u015fimdi e\u011fer bu \u00f6rg\u00fctlenme anlay\u0131\u015f\u0131m\u0131z\u0131 de\u011fi\u015ftirmezsek %25\u2019lerde, 26\u2019larda kal\u0131r\u0131z. Biz %40\u2019l\u0131k Cumhuriyet Halk Partisi istiyoruz. E\u011fer 5 ayd\u0131r ben ilk defa Ankaral\u0131larla bulu\u015ftuysam bu mecburiyetten kaynaklan\u0131yor. Buna inanman\u0131z\u0131 isterim.<\/p>\n<p style=\"text-align: justify;\">Bak\u0131n\u0131z; sa\u011f partiler liderine dayan\u0131r. Sa\u011f partilerin de\u011fi\u015fik gruplar\u0131 var. \u0130nan\u00e7 gruplar\u0131 var, \u00e7\u0131kar gruplar\u0131 var. Bu gruplar se\u00e7imler d\u00f6neminde bulu\u015fur sa\u011f partilere y\u00f6nelirler. Bu t\u00fcr gruplar sol partilere, sosyal demokrat partilere mesafelidirler. Ke\u015fke bize oy verseler. O nedenle bizim g\u00fcc\u00fcm\u00fcz \u00fcyemizdir, bizim g\u00fcc\u00fcm\u00fcz \u00f6rg\u00fct\u00fcm\u00fczd\u00fcr, bizim g\u00fcc\u00fcm\u00fcz kadrolar\u0131m\u0131zd\u0131r, bizim g\u00fcc\u00fcm\u00fcz program\u0131m\u0131zd\u0131r, bizim g\u00fcc\u00fcm\u00fcz sizlersiniz.<\/p>\n<p style=\"text-align: justify;\">Dolay\u0131s\u0131yla Cumhuriyet Halk Partisini sa\u011f parti y\u00f6netim modeliyle y\u00f6netemezsiniz. Y\u00f6netirseniz baraja da tak\u0131l\u0131rs\u0131n\u0131z, 25\u2019leride ge\u00e7emezsiniz. Dolay\u0131s\u0131yla bizim \u00f6rg\u00fctlenme stratejimiz \u00e7ok \u00f6nemli. Bizim \u00fcyemizin, \u00f6rg\u00fct\u00fcm\u00fcz\u00fcn yetki ve sorumluluk sahibi olmas\u0131 \u00e7ok \u00f6nemli. Cumhuriyet Halk Partisi oraya do\u011fru gidiyor.<\/p>\n<p style=\"text-align: justify;\">\u015eimdi buradan yola \u00e7\u0131karak t\u00fcz\u00fck kurultay\u0131n\u0131 tart\u0131\u015f\u0131yoruz. Hepiniz buna tan\u0131ks\u0131n\u0131z bu ara. Bu konuda Genel Ba\u015fkan\u0131m\u0131z ne d\u00fc\u015f\u00fcn\u00fcyor, bizler ne d\u00fc\u015f\u00fcn\u00fcyoruz bunu sizlerle payla\u015fmak istiyorum.<\/p>\n<p style=\"text-align: justify;\">\u00c7ok iyi bir Cumhuriyet Halk Partisi uzman\u0131 olarak son y\u0131llardaki s\u0131k\u0131nt\u0131lar\u0131m\u0131z\u0131 anlatay\u0131m. Ve bunlar\u0131 d\u00fczeltmek \u00fczere yola \u00e7\u0131kt\u0131k. Sa\u011f partilerde merkez yoklamas\u0131yla aday belirleyebilirsiniz. Ama Cumhuriyet Halk Partisinde e\u011fer adaylar\u0131n %80\u2019ini merkez yoklamas\u0131 y\u00f6ntemiyle belirlerseniz ba\u015far\u0131l\u0131 olamazs\u0131n\u0131z. Son 10 y\u0131ld\u0131r 3 tanesi milletvekili genel se\u00e7imi, 2 tanesi de yerel genel se\u00e7imler olmak \u00fczere 5 se\u00e7im ya\u015fad\u0131k. Bu 5 genel se\u00e7imde de ne yaz\u0131k ki adaylar\u0131m\u0131z\u0131n %80\u2019ini merkez yoklamas\u0131yla yakla\u015f\u0131k, %20\u2019sinide \u00f6nse\u00e7imle belirledik. Biz bunu tersine \u00e7evirece\u011fiz. Amasya\u2019da, Yenimahalle\u2019de, \u00c7ankaya\u2019da, Alt\u0131nda\u011f\u2019da, Gaziantep\u2019te kimin belediye ba\u015fkan\u0131 olaca\u011f\u0131na, kimin milletvekili olaca\u011f\u0131na Ankara\u2019da merkez y\u00f6netimi karar vermemeli. O insanlar vermeli.<\/p>\n<p style=\"text-align: justify;\">\u015eimdi bu konuda kararl\u0131y\u0131z. Genel Ba\u015fkan\u0131m\u0131z\u0131n parti i\u00e7i demokrasi konusunda verdi\u011fi s\u00f6zler acaba unutuldu mu diye bir merak var. Ona cevap vereyim. \u015eimdi gene hepimiz se\u00e7imlerden ge\u00e7tik. Cumhuriyet Halk Partisinde, SHP gelene\u011finde en makbul olan aday belirleme y\u00f6ntemi \u00f6nse\u00e7imdir. Fakat \u00f6nse\u00e7imin ara\u00e7lar\u0131 da fazla de\u011fil. B\u00fct\u00fcn \u00fcyelerle \u00f6nse\u00e7im yapabilirsiniz. Delegelerle yapabilirsiniz. \u015eimdi \u00fcyelerle yap\u0131lan \u00f6nse\u00e7im y\u00f6nteminde zaman zaman teredd\u00fctlerle kar\u015f\u0131 kar\u015f\u0131ya kal\u0131yoruz. \u00c7\u00fcnk\u00fc an geliyor hi\u00e7 ummad\u0131\u011f\u0131m\u0131z anda kimi y\u0131\u011f\u0131lmalar oluyor. Bu nedenle \u00e7o\u011fu zaman bu y\u00f6nteme mesafeli yakla\u015f\u0131l\u0131yor. Ama birde \u00e7ok kulland\u0131\u011f\u0131m\u0131z t\u00fcz\u00fc\u011f\u00fcm\u00fczde, y\u00f6netmeli\u011fimizde ad\u0131, tan\u0131m\u0131 geni\u015fletilmi\u015f aday yoklamas\u0131 olan y\u00f6ntem var. Bu y\u00f6ntemde kongre delegeleri, art\u0131 se\u00e7ilmi\u015fler, art\u0131 sivil toplum \u00f6rg\u00fctlerinin partili ba\u015fkanlar\u0131 art\u0131 her mahallede, her muhtarl\u0131k biriminde alm\u0131\u015f oldu\u011fumuz oylar\u0131n eskiden her 100\u2019\u00fcne bir delegelik, \u015fimdi yapt\u0131\u011f\u0131m\u0131z de\u011fi\u015fiklikle her 50\u2019sine bir delegelik tahsis ediyoruz. \u015eimdi her muhtarl\u0131k biriminde 22 Aral\u0131k\u2019taki Parti Meclisi toplant\u0131m\u0131zda iki \u00f6nemli karar ald\u0131k. Bir; 100 oy yerine her 50 oy i\u00e7in bir temsilci, bir \u00f6nse\u00e7im delegesi, parti i\u00e7indeki deyimiyle bu y\u00f6netmeli\u011fimizde parti i\u00e7i \u00f6nse\u00e7men olarak an\u0131l\u0131yor. O delegeler art\u0131 biraz \u00f6nce s\u00f6yledi\u011fim do\u011fal delegeler, 100 binin \u00fczerinde oy alan yerlerde yakla\u015f\u0131k 2500 ki\u015filik se\u00e7ici kurul olu\u015fuyor. Yani delegeler olu\u015fuyor.<\/p>\n<p style=\"text-align: justify;\">\u015eimdi eskiden y\u00f6netmelikte bu se\u00e7ilen mahalle delegelerinin, \u00f6nse\u00e7im delegelerinin Genel Merkeze bildirilme zorunlulu\u011fu yoktu. \u015eimdi y\u00f6netmelikte yapt\u0131\u011f\u0131m\u0131z de\u011fi\u015fiklikle bunlar\u0131n se\u00e7ilip, kesinle\u015fmesinden itibaren bir hafta i\u00e7erisinde Genel Sekreterli\u011fe bildirilmesini zorunlu hale getirdik.<\/p>\n<p style=\"text-align: justify;\">B\u00f6ylelikle bunlar resmile\u015fiyor. Delegeyi her mahallenin kendi se\u00e7ecek. Kapal\u0131 kap\u0131lar ard\u0131nda delege se\u00e7mek yok. Bu partide sade \u00fcyesinden Genel Ba\u015fkan\u0131na kadar kimsenin kimseden fazla hakk\u0131 yok.<\/p>\n<p style=\"text-align: justify;\">De\u011ferli arkada\u015flar\u0131m, de\u011ferli dostlar\u0131m, \u015fimdi bu sorunu a\u015ft\u0131k. Bunun alt yap\u0131s\u0131n\u0131 olu\u015fturduk. Bak\u0131n\u0131z 2010 se\u00e7imlerine giderken bu alt yap\u0131 yoktu. Onun i\u00e7in o g\u00fcn\u00fcn Merkez Y\u00f6netimini l\u00fctfen su\u00e7lamay\u0131n. \u00c7\u00fcnk\u00fc hat\u0131rl\u0131yorum o tarihte bu se\u00e7ilen \u00f6nse\u00e7im delegelerinin neredeyse yar\u0131s\u0131 il\u00e7elerden Genel Merkez gelmemi\u015fti. Ama \u015fimdi mazeretimiz kalmad\u0131. Biz haz\u0131r\u0131z. Dolay\u0131s\u0131yla 10 y\u0131ld\u0131r b\u00fcy\u00fck k\u0131rg\u0131nl\u0131klara, b\u00fcy\u00fck sorunlara neden olan bu dertten CHP kurtuldu. Art\u0131k CHP\u2019de aday belirlemeden kaynakl\u0131 bir s\u0131k\u0131nt\u0131 ya\u015famayaca\u011f\u0131z. Bu bizim en \u00f6nemli taahh\u00fcd\u00fcm\u00fczd\u00fc. Bunu da a\u015ft\u0131k.<\/p>\n<p style=\"text-align: justify;\">\u015eimdi bunun d\u0131\u015f\u0131nda ne beklentiler var? Onu da aktaray\u0131m. \u015eimdi Ola\u011fan\u00fcst\u00fc T\u00fcz\u00fck Kurultay aray\u0131\u015f\u0131 \u00e7a\u011fr\u0131s\u0131 yap\u0131l\u0131yor. O arkada\u015flar\u0131m\u0131z\u0131n \u015fu an ki \u00f6nerileriyle bizim baz\u0131 \u00f6nerilerimizde \u00e7at\u0131\u015f\u0131yor. \u00c7ok terslik yok. \u015eimdi bu biraz \u00f6nce s\u00f6yledi\u011fin en temel beklenti. Tabii ki T\u00fcz\u00fc\u011f\u00fcm\u00fczde zaten bu var. Niyet \u00f6nemli, y\u00f6netme anlay\u0131\u015f\u0131 \u00f6nemli. Bizim y\u00f6netimimiz anlay\u0131\u015f\u0131m\u0131z\u0131 \u00e7ok net koyuyor. Yaln\u0131z Ankara\u2019y\u0131 anlatm\u0131yorum \u015fimdi. B\u00fct\u00fcn T\u00fcrkiye bunu b\u00f6yle bilsin.<\/p>\n<p style=\"text-align: justify;\">De\u011ferli arkada\u015flar\u0131m, bunun d\u0131\u015f\u0131nda T\u00fcz\u00fck de\u011fi\u015fiminden beklentiler nedir? Bir defa il\u00e7e ba\u015fkan\u0131 ve il ba\u015fkan\u0131yla Genel Ba\u015fkan adayl\u0131klar\u0131nda hakikaten bizim partinin ger\u00e7ekleriyle demokrasi anlay\u0131\u015f\u0131yla \u00f6rt\u00fc\u015fmeyen bu %20 imza ko\u015fulu var. Hatta bir d\u00f6nem hat\u0131rlarsan\u0131z gel divan\u0131n \u00f6n\u00fcne, kimli\u011fini g\u00f6ster Allah verede imza ver. \u015eimdi bu hakikaten iptal edilmesi gereken, herkesinde bekledi\u011fi bir de\u011fi\u015fim. Bu konuda s\u0131k\u0131nt\u0131 yok. Kurultaya giderken bunu de\u011fi\u015ftirmi\u015f olarak gidece\u011fiz.<\/p>\n<p style=\"text-align: justify;\">\u015eimdi baz\u0131 g\u00f6r\u00fc\u015fler deniyor ki, i\u015fte il\u00e7e kongreleri yakla\u015ft\u0131 ondan \u00f6nce bitirelim. Bir defa il\u00e7e ve il kongrelerinde bir genelge yay\u0131nlayaca\u011f\u0131z. Bunu yumu\u015fat\u0131n diyece\u011fiz. Kimseyi divan\u0131n \u00f6n\u00fcne \u00e7a\u011f\u0131rmay\u0131n. Kim aday olmak istiyorsa als\u0131n ka\u011f\u0131d\u0131n\u0131, kimden imza al\u0131rsa als\u0131n dolay\u0131s\u0131yla bunu da yumu\u015fatm\u0131\u015f olaca\u011f\u0131z. En \u00e7ok mazerete olarak g\u00f6sterilen konu bu, bunu b\u00f6yle a\u015faca\u011f\u0131z.<\/p>\n<p style=\"text-align: justify;\">Peki, onun d\u0131\u015f\u0131nda s\u0131k\u0131nt\u0131 ne? S\u0131k\u0131nt\u0131 \u015fu; biliyorsunuz 2008 y\u0131l\u0131nda bir T\u00fcz\u00fck Kurultay\u0131 topland\u0131. Orada Merkez Y\u00f6netim Kurulunun se\u00e7ilmesi, olu\u015fmas\u0131 ve i\u015fleyi\u015fiyle ilgili b\u00fcy\u00fck tart\u0131\u015fmalara neden olan bir de\u011fi\u015fiklik yap\u0131ld\u0131. \u015eu an ya\u015f\u0131yoruz onu. Genel Sekreterlik ve Yard\u0131mc\u0131l\u0131klar\u0131 modelinden Genel Ba\u015fkan Yard\u0131mc\u0131l\u0131klar\u0131 atama modeline girildi. Hatta bu 3 Kas\u0131mda depremlere neden olmu\u015ftu, hat\u0131rlay\u0131n. Bir Ola\u011fan\u00fcst\u00fc Kurultay toplamam\u0131za neden olmu\u015ftu. 1 y\u0131ld\u0131r bu modeli uyguluyoruz. Bu modeli payla\u015fmak durumunday\u0131z. Bu modelin yarar\u0131 oldu mu? Genel Ba\u015fkan bu modelden memnun mu? Genel Ba\u015fkan Yard\u0131mc\u0131s\u0131 arkada\u015flar hangi aksamalar\u0131 g\u00f6rd\u00fc, \u015fimdi bunu tart\u0131\u015fmak zaman\u0131m\u0131z. Bunu tart\u0131\u015faca\u011f\u0131z.<\/p>\n<p style=\"text-align: justify;\">Ayr\u0131ca beklentileri s\u0131ral\u0131yorum, \u0130stanbul\u2019da 15 milyon n\u00fcfus ya\u015f\u0131yor. Y\u00f6netim kurulu \u00fcye say\u0131s\u0131 20. Gaziantep\u2019te Hatay\u2019da 1,5-2 milyon n\u00fcfus ya\u015f\u0131yor. Orada da 20. Siyasi Partiler Yasas\u0131 bunu dayatmam\u0131\u015f. Biz ge\u00e7mi\u015fte bunu 20 olarak yazm\u0131\u015f\u0131z. Bunu de\u011fi\u015ftirmeliyiz.<\/p>\n<p style=\"text-align: justify;\">Bu arada 2008 y\u0131l\u0131nda de\u011ferli arkada\u015flar\u0131m, bir madde de\u011fi\u015fikli\u011fi olmu\u015f. Merkezi g\u00fc\u00e7lendirmek anlay\u0131\u015f\u0131yla. \u00d6rg\u00fctlerin g\u00fcc\u00fcn\u00fc k\u0131rmak anlay\u0131\u015f\u0131yla. Onlar\u0131 yetkisiz k\u0131lmak amac\u0131yla denmi\u015f ki, yine bu 2008 \u00fcr\u00fcn\u00fc bir de\u011fi\u015fiklik. E\u011fer il\u00e7e veya il \u00f6rg\u00fct\u00fc \u00fcye tam say\u0131s\u0131n\u0131n 1 alt\u0131na d\u00fc\u015ferse o \u00f6rg\u00fct d\u00fc\u015fm\u00fc\u015f say\u0131l\u0131r. 5 ayd\u0131r ba\u015f\u0131m\u0131 kald\u0131ram\u0131yorum. Her g\u00fcn bir iki tanesi d\u00fc\u015f\u00fcyor. Ne kadar hatal\u0131 bir madde. Yarg\u0131tay Cumhuriyet Ba\u015fsavc\u0131s\u0131 nas\u0131l bunu onaylam\u0131\u015f? Dolay\u0131s\u0131yla Merkez Y\u00f6netim Kurulu ikide bir g\u00f6revden al\u0131yormu\u015f \u00f6rg\u00fctleri. Yok \u00f6yle bir \u015fey. 2 ili g\u00f6revden ald\u0131k. \u00d6nce onlara istifa etme \u00e7a\u011fr\u0131s\u0131nda bunduk. Dedik ki, Diyarbak\u0131r \u00f6nemli bir merkez. Diyarbak\u0131r bizim i\u00e7in Ankara kadar \u00f6nemli. Y\u0131llard\u0131r %1-2 oy al\u0131yoruz. Bir \u00f6rg\u00fctsel tazelenmeye, yenilenmeye ihtiya\u00e7 var. Bunu b\u00f6yle b\u0131rakamay\u0131z. Ankara neyse, \u0130stanbul neyse CHP\u2019ye yak\u0131\u015fan Diyarbak\u0131r\u2019da da o kadar g\u00fc\u00e7l\u00fc olmak. O nedenle bir tazelenelim istedik, arkada\u015flar kabul etmedi. Tunceli\u2019de benzer uyumsuzluklar vard\u0131r. Onda da benzer \u015fey oldu. Dolay\u0131s\u0131yla onun d\u0131\u015f\u0131nda bu Merkez Y\u00f6netim Kurulu hi\u00e7bir \u00f6rg\u00fct\u00fc g\u00f6revden almaz. Olay\u0131n ger\u00e7e\u011fi bu. Sadece d\u00fc\u015fmeden kaynaklan\u0131yor. Bunu da de\u011fi\u015ftirmeliyiz.<\/p>\n<p style=\"text-align: justify;\">Bir itiraz daha var. Bug\u00fcn yayg\u0131n bir \u015fekilde konu\u015fulan. Siyasi Partiler Yasas\u0131nda kurultay delege say\u0131s\u0131 yani il kongrelerinde se\u00e7ilecek olan kurultay delege say\u0131s\u0131n\u0131n azami say\u0131s\u0131n\u0131 vermi\u015f. Demi\u015f ki, milletvekili say\u0131s\u0131n\u0131n 2 kat\u0131 kadar se\u00e7ilir. \u0130sterseniz daha az se\u00e7ersiniz. Nas\u0131l da\u011f\u0131laca\u011f\u0131 konusunda Siyasi Partiler Yasas\u0131n\u0131n bir dayatmas\u0131, zorlamas\u0131 yok. Biz ne yapm\u0131\u015f\u0131z? Her ile sahip oldu\u011fu milletvekili say\u0131s\u0131n\u0131n 2 kat\u0131 kadar kurultay delegesi tahsis etmi\u015fsiz. B\u00f6yle bir dengesizlik var ki, 15 bin oy ald\u0131\u011f\u0131n\u0131z yerde var olan kurultay delegesi say\u0131s\u0131 22, 400 bin oy ald\u0131\u011f\u0131n\u0131z yerde de 22. \u015eimdi hakl\u0131 olarak deniyor ki, bunu bir g\u00f6zden ge\u00e7irelim. Di\u011fer partiler b\u00f6yle yapmam\u0131\u015f.<\/p>\n<p style=\"text-align: justify;\">\u015eimdi bununla ilgili \u015f\u00f6yle d\u00fc\u015f\u00fcnceler var. Bir, 550\u2019yi, da\u011f\u0131tal\u0131m. Geri kalan 550\u2019yi de orada oy oran\u0131na g\u00f6re da\u011f\u0131tal\u0131m. Bu ve benzeri talepler var.<\/p>\n<p style=\"text-align: justify;\">Peki, bu T\u00fcz\u00fck de\u011fi\u015fikli\u011fi nas\u0131l yapal\u0131m? Biz nas\u0131l d\u00fc\u015f\u00fcn\u00fcyoruz? Diyoruz ki, \u015fu an elimizde bir taslak var. Kimi il y\u00f6netimlerinden, kimi uzmanlardan, partili arkada\u015flar\u0131m\u0131zdan, komisyonlardan bu \u00e7al\u0131\u015fmalar\u0131n\u0131 elde etti\u011fimiz, harmanla\u015fm\u0131\u015f bir ba\u015flang\u0131\u00e7 metnimiz var. Yaln\u0131z bu konuda mutabakat yok aram\u0131zda. D\u00fcnk\u00fc bas\u0131na yans\u0131yan haberler var. \u015eu an Ola\u011fan\u00fcst\u00fc T\u00fcz\u00fck Kurultay\u0131 \u00e7a\u011f\u0131ran arkada\u015flar\u0131m\u0131z ikiye b\u00f6l\u00fcnm\u00fc\u015f 39.madde konusunda. Onlarda kendi aralar\u0131nda yeterince tart\u0131\u015fmam\u0131\u015f. Bu MYK\u2019n\u0131n olu\u015fumuyla ilgili. Bizimde daha tart\u0131\u015fmam\u0131z gereken konular. Bizim \u00f6nerdi\u011fimiz model \u015fu; diyoruz ki, 960 il\u00e7e kongresinde bir tart\u0131\u015f\u0131ls\u0131n. Ne istiyor. T\u00fcz\u00fck de\u011fi\u015fiminden beklentimiz ne? Ard\u0131ndan 81 il kongresinde de tart\u0131\u015f\u0131ls\u0131n, kat\u0131l\u0131mc\u0131 bir anlay\u0131\u015fla gidelim. \u00c7\u00fcnk\u00fc ikide bir de\u011fi\u015ftiremeyiz. Bu bizim anayasam\u0131z. Ondan sonra Temmuz ay\u0131nda g\u00fcle oynaya hep birlikte bir T\u00fcz\u00fck Kurultay\u0131 yapal\u0131m. Aceleye getirmeyelim. Bizim \u00f6nerimiz bu. \u0130pe un sermiyoruz. \u0130pe un sermek bize yak\u0131\u015fmaz. Bu T\u00fcz\u00fckle yol devam etmekte CHP\u2019lilikle \u00f6rt\u00fc\u015fmez. \u00c7ok a\u00e7\u0131k, net d\u00fc\u015f\u00fcncemiz bu.<\/p>\n<p style=\"text-align: justify;\">\u015eimdi biz dolay\u0131s\u0131yla bunlarla u\u011fra\u015fal\u0131m bir yandan. Bir yandan de\u011ferli arkada\u015flar\u0131m, T\u00fcrkiye Cumhuriyeti devletini kuran bir parti. 36 ilde milletvekili \u00e7\u0131karamam\u0131\u015f. Biz bunu i\u00e7imize sindirebilir miyiz? Biz bununla u\u011fra\u015faca\u011f\u0131z. Bizim art\u0131 i\u00e7 kavgalara, i\u00e7 tart\u0131\u015fmalara ay\u0131racak zaman\u0131m\u0131z olmamal\u0131d\u0131r. Ben nas\u0131l bu \u015fu an 33\u2019e d\u00fc\u015ft\u00fc, bunlar\u0131 nas\u0131l 13\u2019e d\u00fc\u015f\u00fcr\u00fcm? Bizim kavgam\u0131z bu. Bizim \u015fu anki u\u011fra\u015f alan\u0131m\u0131z bu. CHP ger\u00e7ekten i\u00e7 tart\u0131\u015fmalardan yoruldu. CHP var olan durumla yetinemez. CHP b\u00fcnyesinde bir tek arkada\u015f\u0131m\u0131z\u0131 feda edemeyiz. Bir tek CHP\u2019liyi \u00fczmeyiz. Bizim zaten say\u0131m\u0131z \u015fu anki enerjimiz bize yetmiyor. Ama \u015funu yapaca\u011f\u0131z; benim bir iddiam var. CHP\u2019liler ve CHP\u2019ye g\u00f6n\u00fcl vermi\u015f akademisyenler, bilim adamlar\u0131 ve bizim d\u0131\u015f\u0131m\u0131zda bizi izleyenler bir saha inse ne AKP kal\u0131r ortada ne bir \u015fey.<\/p>\n<p style=\"text-align: justify;\">\u015eimdi Do\u011fu ve G\u00fcneydo\u011fu Anadolu\u2019da bana \u015funlar s\u00f6ylendi. Dediler ki, biz AKP\u2019ye g\u00fcvenmiyoruz. AKP bizi kand\u0131r\u0131yor. Bir taraftan Kandil Da\u011f\u0131n\u0131 bombal\u0131yor, bir taraftan B\u00fclent Ar\u0131n\u00e7 \u00e7\u0131km\u0131\u015f b\u00fct\u00e7e g\u00f6r\u00fc\u015fmelerinde her t\u00fcrl\u00fc haklar\u0131n\u0131z\u0131 verece\u011fiz diyor.<\/p>\n<p style=\"text-align: justify;\">\u015eimdi diyor ki, BDP\u2019lilerde tepki siyaseti yapmak zorunda kal\u0131yor. B\u00f6lgenin yeni bir solu\u011fa, siyasi solu\u011fa ihtiya\u00e7 var. Bizim tek g\u00fcvencemiz ba\u015f\u0131nda K\u0131l\u0131\u00e7daro\u011flu olan CHP. Umudumuz sizsiniz diyoruz.<\/p>\n<p style=\"text-align: justify;\">\u00c7ok de\u011ferli dostlar\u0131m, en son \u015funu payla\u015fmak istiyorum. Biz aileyiz. Bu aralar Genel Ba\u015fkan\u0131m\u0131za d\u00f6n\u00fck sald\u0131r\u0131lar var. Genel Ba\u015fkan\u0131m\u0131za d\u00f6n\u00fck sald\u0131r\u0131y\u0131 yapan ile sald\u0131r\u0131 ayn\u0131. E\u015f anlaml\u0131.<\/p>\n<p style=\"text-align: justify;\">\u015eimdi hakl\u0131 ele\u015ftiriye bir \u015fey demem. Fakat beni rahats\u0131z eden bir durum var. Onu sizlerle payla\u015fmak istiyorum. Son 15-20 y\u0131lda Balkan \u00fclkelerini da\u011f\u0131tt\u0131lar. Ortado\u011fu \u00fclkelerini da\u011f\u0131tt\u0131lar. Neyle da\u011f\u0131tt\u0131lar? Irk\u00e7\u0131l\u0131kla da\u011f\u0131tt\u0131lar. \u0130nan\u00e7 temelinde da\u011f\u0131tt\u0131lar. \u015eimdide birileri dadanm\u0131\u015f acaba CHP\u2019yi bu anlay\u0131\u015fla par\u00e7alayabilir miyiz, da\u011f\u0131tabilir miyiz? \u015eimdi \u00f6nce bir \u015fey s\u00f6yleyece\u011fim. Onlara bir kopya vereyim. Ben Genel Ba\u015fkanla ilgili hangi yan\u0131n\u0131 ele\u015ftirirler, bu d\u00fc\u015f\u00fcncede olanlara bir kopya vereyim. Kemal K\u0131l\u0131\u00e7daro\u011flu\u2019nu 30 y\u0131ld\u0131r tan\u0131r\u0131m. Biraz tan\u0131tay\u0131m, onlar buradan yola \u00e7\u0131karak y\u0131prats\u0131nlar.<\/p>\n<p style=\"text-align: justify;\">Kemal K\u0131l\u0131\u00e7daro\u011flu, \u00e7ok ba\u015far\u0131l\u0131 bir \u00f6\u011frenciydi. Hayata hesap uzman\u0131 olarak at\u0131ld\u0131. Oradaki ba\u015far\u0131s\u0131 ve d\u00fcr\u00fcstl\u00fc\u011f\u00fc onu ba\u015f hesap uzmanl\u0131\u011f\u0131na ta\u015f\u0131d\u0131. Ba\u015f hesap uzmanl\u0131\u011f\u0131ndaki d\u00fcr\u00fcst duru\u015fu, ba\u015far\u0131s\u0131 onu Maliye Bakanl\u0131\u011f\u0131nda daire ba\u015fkanl\u0131\u011f\u0131na ta\u015f\u0131d\u0131. Daire ba\u015fkanl\u0131\u011f\u0131ndaki ba\u015far\u0131s\u0131 onu gelirler genel m\u00fcd\u00fcr yard\u0131mc\u0131l\u0131\u011f\u0131na ta\u015f\u0131d\u0131. Gelirler genel m\u00fcd\u00fcr yard\u0131mc\u0131l\u0131\u011f\u0131ndaki ba\u015far\u0131s\u0131 onu Ba\u011f-Kur genel m\u00fcd\u00fcrl\u00fc\u011f\u00fcne ta\u015f\u0131d\u0131. Ba\u011f-Kur genel m\u00fcd\u00fcrl\u00fc\u011f\u00fcndeki ba\u015far\u0131s\u0131 da onu T\u00fcrkiye\u2019nin en b\u00fcy\u00fck b\u00fct\u00e7eli kurulu\u015fu olan SSK genel m\u00fcd\u00fcrl\u00fc\u011f\u00fcne ta\u015f\u0131d\u0131. SSK genel m\u00fcd\u00fcrl\u00fc\u011f\u00fcndeki ba\u015far\u0131s\u0131 onu TBMM\u2019ye ta\u015f\u0131d\u0131. Milletvekili olarak ba\u015far\u0131s\u0131 onu Mecliste grup ba\u015fkan vekilli\u011fine, oradaki ba\u015far\u0131s\u0131 da onu CHP Genel Ba\u015fkanl\u0131\u011f\u0131na ta\u015f\u0131d\u0131.<\/p>\n<p style=\"text-align: justify;\">\u015eimdide hi\u00e7 ku\u015fkum yok. Hep birlikte K\u0131l\u0131\u00e7daro\u011flu\u2019nun CHP Genel Ba\u015fkanl\u0131\u011f\u0131ndaki ba\u015far\u0131s\u0131 onu Ba\u015fbakanl\u0131\u011fa ta\u015f\u0131yacak. Dolay\u0131s\u0131yla bu etnik temelde, inan\u00e7 temelinde CHP\u2019yi g\u00f6zden d\u00fc\u015f\u00fcrmeye \u00e7abalayanlara \u015fu telkinde bulunay\u0131m; CHP\u2019nin bir oku, milliyet\u00e7ilik oku. Bu milliyet\u00e7ilik oku, Atat\u00fcrk\u2019\u00fcn milliyet\u00e7ilik anlay\u0131\u015f\u0131. Atat\u00fcrk\u2019\u00fcn milliyet\u00e7ilik anlay\u0131\u015f\u0131nda b\u00fct\u00fcn yurtta\u015flar etnik yap\u0131s\u0131, inan\u00e7 yap\u0131s\u0131 ne olursa olsun hukuk \u00f6n\u00fcnde e\u015fittirler.<\/p>\n<p style=\"text-align: justify;\">Dolay\u0131s\u0131yla onlara hat\u0131rlat\u0131yorum, biz Atat\u00fcrk\u2019\u00fcn milliyet\u00e7isiyiz, biz Cumhuriyet Halk Partisiyiz. Kemal K\u0131l\u0131\u00e7daro\u011flu\u2019nu ve arkada\u015flar\u0131n\u0131 eylemleriyle, ge\u00e7mi\u015fiyle ele\u015ftirsinler. Ama 14 as\u0131r \u00f6nce \u0130slamiyet\u2019in do\u011fu\u015f y\u0131llar\u0131ndaki iktidar m\u00fccadelesiyle ili\u015fkilendirmesine, benim ba\u015fka talebim yok.<\/p>\n<p style=\"text-align: justify;\">\u00c7ok te\u015fekk\u00fcr ediyorum hepinize. Yolunuz a\u00e7\u0131k olsun, ba\u015far\u0131lar dilerim\u201d<\/p>\n<p style=\"text-align: justify;\"><a href=\"http:\/\/www.chp.org.tr\/?manset=chp-genel-baskan-yardimcisi-nihat-matkap-%E2%80%9Cakp-nedir-akp-bir-parti-falan-degil-akp-bir-siyasal-proje-akp-parti-olmanin-otesinde-bir-ic-ve-dis-gucler-ittifaki-yoksullastirma-gucsuzlestirm\" target=\"_blank\">Kaynak : chp.org.tr<\/a><\/p>\n","protected":false},"excerpt":{"rendered":"<p style=\"text-align: center;\">\n<p style=\"text-align: justify;\">\u201dBu d\u00fczenin mimarlar\u0131 1919 y\u0131l\u0131n\u0131 hat\u0131rlas\u0131nlar. Bunlar\u0131n dedeleri \u00fclkemizi i\u015fgal edenlerle \u015fbirli\u011fi halindeydiler. O zaman bir Kemal Samsun\u2019a \u00e7\u0131kt\u0131. \u015eimdiki Kemal\u2019de, o Kemal\u2019in \u00f6\u011fretisiyle yeti\u015fmi\u015f bir Kemal\u2019dir, ayaklar\u0131n\u0131 denk als\u0131nlar\u201d<\/p>\n<p style=\"text-align: justify;\">-\u201c K\u0131l\u0131\u00e7daro\u011flu\u2019yla birlikte sosyal demokratlar, solcular tek parti \u00e7at\u0131s\u0131 alt\u0131nda se\u00e7imlere kat\u0131ld\u0131. \u0130lk defa sosyal demokratlar 80 tahribat\u0131ndan <\/p>\n","protected":false},"author":1,"featured_media":0,"comment_status":"open","ping_status":"open","sticky":false,"template":"","format":"standard","meta":{"footnotes":""},"categories":[105],"tags":[],"class_list":["post-46203","post","type-post","status-publish","format-standard","hentry","category-gundem","odd"],"_links":{"self":[{"href":"http:\/\/www.korhanyilmaz.com\/index.php?rest_route=\/wp\/v2\/posts\/46203","targetHints":{"allow":["GET"]}}],"collection":[{"href":"http:\/\/www.korhanyilmaz.com\/index.php?rest_route=\/wp\/v2\/posts"}],"about":[{"href":"http:\/\/www.korhanyilmaz.com\/index.php?rest_route=\/wp\/v2\/types\/post"}],"author":[{"embeddable":true,"href":"http:\/\/www.korhanyilmaz.com\/index.php?rest_route=\/wp\/v2\/users\/1"}],"replies":[{"embeddable":true,"href":"http:\/\/www.korhanyilmaz.com\/index.php?rest_route=%2Fwp%2Fv2%2Fcomments&post=46203"}],"version-history":[{"count":0,"href":"http:\/\/www.korhanyilmaz.com\/index.php?rest_route=\/wp\/v2\/posts\/46203\/revisions"}],"wp:attachment":[{"href":"http:\/\/www.korhanyilmaz.com\/index.php?rest_route=%2Fwp%2Fv2%2Fmedia&parent=46203"}],"wp:term":[{"taxonomy":"category","embeddable":true,"href":"http:\/\/www.korhanyilmaz.com\/index.php?rest_route=%2Fwp%2Fv2%2Fcategories&post=46203"},{"taxonomy":"post_tag","embeddable":true,"href":"http:\/\/www.korhanyilmaz.com\/index.php?rest_route=%2Fwp%2Fv2%2Ftags&post=46203"}],"curies":[{"name":"wp","href":"https:\/\/api.w.org\/{rel}","templated":true}]}}