{"id":46197,"date":"2012-01-13T13:07:11","date_gmt":"2012-01-13T11:07:11","guid":{"rendered":"http:\/\/www.korhanyilmaz.com\/?p=46197"},"modified":"2012-01-13T13:54:16","modified_gmt":"2012-01-13T11:54:16","slug":"kckda-yeni-dalga","status":"publish","type":"post","link":"http:\/\/www.korhanyilmaz.com\/?p=46197","title":{"rendered":"KCK&#8217;da yeni dalga&#8230;"},"content":{"rendered":"<p style=\"text-align: center;\"><a href=\"http:\/\/www.korhanyilmaz.com\/wp-content\/uploads\/2012\/01\/9113.jpg\"  class=\"lightview\"><img loading=\"lazy\" decoding=\"async\" class=\"aligncenter  wp-image-46199\" src=\"http:\/\/www.korhanyilmaz.com\/wp-content\/uploads\/2012\/01\/9113.jpg\" alt=\"\" width=\"344\" height=\"243\" \/><\/a><\/p>\n<p style=\"text-align: justify;\">\u0130stanbul Cumhuriyet Ba\u015fsavc\u0131l\u0131\u011f\u0131&#8217;nca y\u00fcr\u00fct\u00fclen KCK soru\u015fturmas\u0131 kapsam\u0131nda 17 ildeki 103 adreste arama yap\u0131l\u0131yor. Ba\u011f\u0131ms\u0131z milletvekili Leyla Zana&#8217;n\u0131n Ankara&#8217;daki evinde, KESK Genel Merkezi&#8217;nde ve Diyarbak\u0131r&#8217;da B\u00fcy\u00fck\u015fehir Belediyesi&#8217;nin binas\u0131nda arama yap\u0131ld\u0131. Eski BDP&#8217;li vekil Fatma Kurtulan&#8217;\u0131n da g\u00f6zalt\u0131na al\u0131nanlar aras\u0131nda oldu\u011fu belirtiliyor. Zana&#8217;n\u0131n evinin kap\u0131s\u0131 \u00e7ilingir yard\u0131m\u0131yla a\u00e7\u0131ld\u0131. Leyla Zana, arama karar\u0131yla ilgili ilk a\u00e7\u0131klamas\u0131n\u0131 yapt\u0131 ve &#8220;Yaz\u0131klar olsun&#8221; dedi.<!--more--><\/p>\n<p style=\"text-align: justify;\"><a href=\"http:\/\/www.korhanyilmaz.com\/wp-content\/uploads\/2012\/01\/9114.jpg\"  class=\"lightview\"><img loading=\"lazy\" decoding=\"async\" class=\"alignleft  wp-image-46200\" style=\"margin-left: 10px; margin-right: 10px;\" src=\"http:\/\/www.korhanyilmaz.com\/wp-content\/uploads\/2012\/01\/9114.jpg\" alt=\"\" width=\"263\" height=\"202\" \/><\/a>\u015eu ana kadar 32 ki\u015finin g\u00f6zalt\u0131na al\u0131nd\u0131\u011f\u0131 operasyonda toplam 45 ki\u015fi hakk\u0131nda g\u00f6zalt\u0131 karar\u0131 var.<\/p>\n<p style=\"text-align: justify;\"><strong><span style=\"text-decoration: underline;\">Ankara:<\/span><\/strong><\/p>\n<p style=\"text-align: justify;\">Ankara&#8217;daki KESK Genel Merkezi&#8217;nde yap\u0131lan bir araman\u0131n bir KESK \u00fcyesinin ofisinde oldu\u011fu belirtildi. Soru\u015fturma kapsam\u0131nda Eski DEHAP Genel Ba\u015fkan\u0131 \u015fimdiki BDP MYK \u00fcyesi Tuncer Bak\u0131rhan, eski BDP&#8217;li vekil Fatma Kurtulan ve D\u0130HA muhabiri Murat \u00c7ift\u00e7i&#8217;nin de g\u00f6zalt\u0131na al\u0131nanlar aras\u0131nda oldu\u011fu belirtiliyor.<\/p>\n<p style=\"text-align: justify;\">Ba\u011f\u0131ms\u0131z milletvekili Leyla Zana&#8217;n\u0131n Ankara&#8217;daki evinde de arama yap\u0131ld\u0131. Zana&#8217;n\u0131n evinin kap\u0131s\u0131n\u0131n \u00e7ilingir yard\u0131m\u0131yla a\u00e7\u0131ld\u0131\u011f\u0131 a\u00e7\u0131kland\u0131.<\/p>\n<p style=\"text-align: justify;\"><strong>Leyla Zana&#8217;dan ilk a\u00e7\u0131klama: &#8220;Yaz\u0131klar olsun&#8221;<\/strong><\/p>\n<p style=\"text-align: justify;\">Diyarbak\u0131r Ba\u011f\u0131ms\u0131z Milletvekili Leyla Zana Ankara&#8217;daki evinin aranmas\u0131yla ilgili \u0130stanbul&#8217;da havaliman\u0131nda a\u00e7\u0131klama yapt\u0131.<\/p>\n<p style=\"text-align: justify;\">Zana gazetecilere \u015fu a\u00e7\u0131klamada bulundu:<\/p>\n<p style=\"text-align: justify;\">&#8220;Se\u00e7im sonras\u0131 ba\u015far\u0131n\u0131n verdi\u011fi \u00f6zg\u00fcvenle b\u00fct\u00fcn umutlar\u0131n y\u0131k\u0131lmas\u0131na Ba\u015fbakan neden oldu. K\u00fcrtleri d\u0131\u015flayarak, K\u00fcrtlerin hak talebinde bulunmas\u0131n\u0131 bast\u0131rarak g\u00fcndemi de\u011fi\u015ftirdi. Daha \u00f6nce de evlerimiz arand\u0131. 2 g\u00fcn \u00f6nce \u015fahs\u0131ma y\u00f6nelik &#8216;Buyursun da\u011fa gitsin&#8217; demesini anlamakta g\u00fc\u00e7l\u00fck \u00e7ekiyorum. Silah konusunu en son konu\u015fal\u0131m. G\u00fcvenceye gelirken beklerdim ki Ba\u015fbakan desin &#8216;Silah g\u00fcvence de\u011fildir. G\u00fcvence hukuktur. Sigorta benim yarataca\u011f\u0131m demokratik \u00fclkedir.&#8217; Evlerimiz aransa bile bug\u00fcn hala ge\u00e7 de\u011fil. Hala \u00f6n\u00fcnde bir f\u0131rsat var. Sevilip sayg\u0131 duyulmas\u0131 gereken bir Ba\u015fbakanken \u015fu anda otoriter bir yakla\u015f\u0131m\u0131 kabul etmek m\u00fcmk\u00fcn de\u011fil. Bu, kendisine y\u00f6nelik sempatinin yitirilmesine neden olacakt\u0131r. Evimin neden arand\u0131\u011f\u0131n\u0131 bilmiyorum. Benim ki\u015fisel evim yok. Bir yak\u0131n\u0131m\u0131n tuttu\u011fu ev. Kirac\u0131y\u0131m. Olsun aras\u0131nlar. Bu \u00fclkenin se\u00e7ilen bir insan\u0131y\u0131m. \u00c7al\u0131\u015fmalar\u0131m\u0131 s\u00fcrd\u00fcrece\u011fim.&#8221;<\/p>\n<p style=\"text-align: justify;\">Ankara&#8217;da arama yap\u0131lan bir di\u011fer merkez ise KESK Genel Merkezi&#8217;ydi. KESK Genel Ba\u015fkan\u0131 Lami \u00d6zgen, konfederasyon olarak &#8220;Hem kendilerine y\u00f6nelik bask\u0131lara ve tutuklamalara hem de 4688 Say\u0131l\u0131 Yasa&#8217;n\u0131n kapsam\u0131na ve i\u00e7eri\u011fine y\u00f6nelik tutumlar\u0131n\u0131, eylemliliklerini s\u00fcrd\u00fcreceklerini&#8221; bildirdi.<\/p>\n<p style=\"text-align: justify;\">\u00d6zgen, bir \u00e7al\u0131\u015fanlar\u0131na y\u00f6nelik g\u00f6zalt\u0131 karar\u0131na istinaden konfederasyonun t\u00fcm\u00fcne y\u00f6nelik arama karar\u0131 \u00e7\u0131kar\u0131ld\u0131\u011f\u0131n\u0131 s\u00f6yledi. Bu arama karar\u0131na itirazda bulunarak geri ald\u0131rd\u0131klar\u0131n\u0131 anlatan \u00d6zgen, sadece hukuk ve toplu i\u015f s\u00f6zle\u015fmesi alan\u0131nda uzman \u00e7al\u0131\u015fanlar\u0131 \u0130smet Aslan&#8217;\u0131n bilgisayar\u0131 ve masas\u0131n\u0131n aranmas\u0131n\u0131n sa\u011fland\u0131\u011f\u0131n\u0131 s\u00f6yledi.<\/p>\n<p style=\"text-align: justify;\">Bakan \u00c7elik ile g\u00f6r\u00fc\u015fme yapamad\u0131klar\u0131n\u0131 belirten \u00d6zgen, &#8220;\u00d6n\u00fcm\u00fczdeki hafta Meclis&#8217;e gelecek yasa var. Bu yasan\u0131n i\u00e7eri\u011fi tamamen bizim taleplerimiz d\u0131\u015f\u0131nda. \u00c7al\u0131\u015fma Bakanl\u0131\u011f\u0131n\u0131n kendi ihtiya\u00e7lar\u0131 ve bir konfederasyonun ihtiya\u00e7lar\u0131 kapsam\u0131nda \u015fekillendirdi\u011fi bir tasla\u011fa kar\u015f\u0131 d\u00fcnden beri geli\u015ftirdi\u011fimiz tutumlar\u0131 maniple etmek i\u00e7in geli\u015ftirilen bir s\u00fcre\u00e7tir. Bu \u00e7er\u00e7evede hem bize y\u00f6nelik tutumdan kaynakl\u0131 hem de yasan\u0131n i\u00e7eri\u011finden kaynakl\u0131 Say\u0131n \u00c7al\u0131\u015fma Bakan\u0131&#8217;ndan randevu talep etmemize ra\u011fmen say\u0131n Bakan bug\u00fcn bizimle g\u00f6r\u00fc\u015fmemi\u015ftir&#8221; diye konu\u015ftu.<\/p>\n<p style=\"text-align: justify;\"><strong><span style=\"text-decoration: underline;\">\u0130stanbul<\/span><\/strong>:<\/p>\n<p style=\"text-align: justify;\">\u0130stanbul Emniyet M\u00fcd\u00fcrl\u00fc\u011f\u00fc Ter\u00f6rle M\u00fccadele \u015eube ekipleri, BDP \u0130stanbul \u0130l Ba\u015fkanl\u0131\u011f\u0131&#8217;n\u0131n bulundu\u011fu binaya saat 07.25&#8217;de girdi. Parti avukat\u0131n\u0131n binaya gelmesinin ard\u0131ndan arama yap\u0131lmaya ba\u015fland\u0131. Arama yap\u0131ld\u0131\u011f\u0131 s\u0131rada, binaya parti y\u00f6neticileri ve \u00fcyelerinden kimse al\u0131nmazken, sadece BDP \u0130stanbul \u0130l Ba\u015fkan\u0131 Asiye Kol\u00e7ak&#8217;\u0131n girmesine izin verildi.<\/p>\n<p style=\"text-align: justify;\">BDP \u0130stanbul \u0130l Ba\u015fkan Yard\u0131mc\u0131s\u0131 Osman \u00dcnal yapt\u0131\u011f\u0131 a\u00e7\u0131klamada, gizlilik karar\u0131 var denilerek kendilerine bilgi verilmedi\u011fini s\u00f6yleyerek &#8220;Bu nas\u0131l bir zihniyettir. Binada arama yap\u0131l\u0131yor ve bize gizlilik karar\u0131 var denilerek bilgi verilmiyor. Binaya girmemize izin vermiyorlar. Ben bu binada y\u00f6neticiyim. Tepkilerimizi en k\u0131sa s\u00fcrede ortaya koyaca\u011f\u0131z&#8221; dedi.<\/p>\n<p style=\"text-align: justify;\">Binadaki araman\u0131n g\u00fcn boyunca s\u00fcrece\u011fi belirtilirken, i\u00e7erideki bilgisayarlar\u0131n hard disklerinin yedeklenece\u011fi \u00f6\u011frenildi.<\/p>\n<p style=\"text-align: justify;\">\u0130stanbul&#8217;da operasyon kapsam\u0131nda 15 ki\u015finin g\u00f6zalt\u0131na al\u0131nd\u0131\u011f\u0131 belirtiliyor.<\/p>\n<p style=\"text-align: justify;\">\u00d6te yandan operasyon kapsam\u0131nda Gaziantep&#8217;te g\u00f6zalt\u0131na al\u0131nan 1 ki\u015finin \u0130stanbul&#8217;a g\u00f6nderildi\u011fi belirtildi.<\/p>\n<p style=\"text-align: justify;\"><span style=\"text-decoration: underline;\"><strong>Siirt:<\/strong><\/span><\/p>\n<p style=\"text-align: justify;\">BDP Siirt \u0130l Ba\u015fkanl\u0131\u011f\u0131&#8217;nda arama yap\u0131l\u0131yor.<\/p>\n<p style=\"text-align: justify;\"><span style=\"text-decoration: underline;\"><strong>\u015eanl\u0131urfa:<\/strong><\/span><\/p>\n<p style=\"text-align: justify;\">BDP \u0130l Binas\u0131, E\u011fitimsen Sendikas\u0131, bir dernek ve bir gazetede arama yap\u0131l\u0131yor.<\/p>\n<p style=\"text-align: justify;\"><span style=\"text-decoration: underline;\"><strong>Diyarbak\u0131r ve Batman<\/strong><\/span>:<\/p>\n<p style=\"text-align: justify;\">\u0130stanbul \u00d6zel Yetkili Savc\u0131l\u0131\u011f\u0131&#8217;n\u0131n talimat\u0131yla Diyarbak\u0131r ve Batman&#8217;da da sabah erken saatlerde e\u015f zamanl\u0131 olarak bask\u0131nlar d\u00fczenlendi.<\/p>\n<p style=\"text-align: justify;\">Bask\u0131nlarda BDP il ba\u015fkanl\u0131klar\u0131 dahil bir \u00e7ok sivil toplum \u00f6rg\u00fctlerine ait merkezler aran\u0131yor.<\/p>\n<p style=\"text-align: justify;\">Diyarbak\u0131r&#8217;da B\u00fcy\u00fck\u015fehir Belediyesi&#8217;nin binas\u0131nda arama yap\u0131l\u0131yor.<\/p>\n<p style=\"text-align: justify;\">Diyarbak\u0131r B\u00fcy\u00fck\u015fehir Belediye Ba\u015fkan\u0131 Osman Baydemir, Twitter&#8217;da yapt\u0131\u011f\u0131 a\u00e7\u0131klamada &#8221;Belediyemize ait Aram Tigran konservatuar\u0131 bas\u0131ld\u0131. Ba\u011flama, darbuka, keman, piyano, def vb su\u00e7 aletlerinin buludu\u011fu merkezimiz aran\u0131yor&#8221; diye yazd\u0131.<\/p>\n<p style=\"text-align: justify;\"><span style=\"text-decoration: underline;\"><strong>Van:<\/strong><\/span><\/p>\n<p style=\"text-align: justify;\">Van Belediyesi ile BDP \u0130l Binas\u0131&#8217;nda aramalar yap\u0131ld\u0131. Operasyonda herhangi bir g\u00f6zalt\u0131 olmazken, baz\u0131 evraklara el konuldu\u011fu belirtildi&#8230;<\/p>\n<p style=\"text-align: justify;\"><strong><span style=\"text-decoration: underline;\">Mersin:<\/span><\/strong><\/p>\n<p style=\"text-align: justify;\">Mersin BDP il Ba\u015fkanl\u0131\u011f\u0131&#8217;nda da arama yap\u0131l\u0131yor.<\/p>\n<p style=\"text-align: justify;\"><strong><span style=\"text-decoration: underline;\">\u0130zmir:<\/span><\/strong><\/p>\n<p style=\"text-align: justify;\">\u0130zmir&#8217;de de BDP il binas\u0131nda ve Mezopotamya K\u00fclt\u00fcr Merkezi&#8217;ndeki aramalar s\u00fcr\u00fcyor.<\/p>\n<p style=\"text-align: justify;\"><a href=\"http:\/\/www.cnnturk.com\/2012\/turkiye\/01\/13\/kckda.yeni.dalga\/644643.0\/index.html\" target=\"_blank\">Kaynak : CNN T\u00dcRK<\/a><\/p>\n","protected":false},"excerpt":{"rendered":"<p style=\"text-align: center;\">\n<p style=\"text-align: justify;\">\u0130stanbul Cumhuriyet Ba\u015fsavc\u0131l\u0131\u011f\u0131&#8217;nca y\u00fcr\u00fct\u00fclen KCK soru\u015fturmas\u0131 kapsam\u0131nda 17 ildeki 103 adreste arama yap\u0131l\u0131yor. Ba\u011f\u0131ms\u0131z milletvekili Leyla Zana&#8217;n\u0131n Ankara&#8217;daki evinde, KESK Genel Merkezi&#8217;nde ve Diyarbak\u0131r&#8217;da B\u00fcy\u00fck\u015fehir Belediyesi&#8217;nin binas\u0131nda arama yap\u0131ld\u0131. Eski BDP&#8217;li vekil Fatma Kurtulan&#8217;\u0131n da g\u00f6zalt\u0131na al\u0131nanlar aras\u0131nda oldu\u011fu belirtiliyor. Zana&#8217;n\u0131n evinin kap\u0131s\u0131 \u00e7ilingir yard\u0131m\u0131yla a\u00e7\u0131ld\u0131. Leyla Zana, arama karar\u0131yla <\/p>\n","protected":false},"author":1,"featured_media":0,"comment_status":"open","ping_status":"open","sticky":false,"template":"","format":"standard","meta":{"footnotes":""},"categories":[105],"tags":[],"class_list":["post-46197","post","type-post","status-publish","format-standard","hentry","category-gundem","odd"],"_links":{"self":[{"href":"http:\/\/www.korhanyilmaz.com\/index.php?rest_route=\/wp\/v2\/posts\/46197","targetHints":{"allow":["GET"]}}],"collection":[{"href":"http:\/\/www.korhanyilmaz.com\/index.php?rest_route=\/wp\/v2\/posts"}],"about":[{"href":"http:\/\/www.korhanyilmaz.com\/index.php?rest_route=\/wp\/v2\/types\/post"}],"author":[{"embeddable":true,"href":"http:\/\/www.korhanyilmaz.com\/index.php?rest_route=\/wp\/v2\/users\/1"}],"replies":[{"embeddable":true,"href":"http:\/\/www.korhanyilmaz.com\/index.php?rest_route=%2Fwp%2Fv2%2Fcomments&post=46197"}],"version-history":[{"count":0,"href":"http:\/\/www.korhanyilmaz.com\/index.php?rest_route=\/wp\/v2\/posts\/46197\/revisions"}],"wp:attachment":[{"href":"http:\/\/www.korhanyilmaz.com\/index.php?rest_route=%2Fwp%2Fv2%2Fmedia&parent=46197"}],"wp:term":[{"taxonomy":"category","embeddable":true,"href":"http:\/\/www.korhanyilmaz.com\/index.php?rest_route=%2Fwp%2Fv2%2Fcategories&post=46197"},{"taxonomy":"post_tag","embeddable":true,"href":"http:\/\/www.korhanyilmaz.com\/index.php?rest_route=%2Fwp%2Fv2%2Ftags&post=46197"}],"curies":[{"name":"wp","href":"https:\/\/api.w.org\/{rel}","templated":true}]}}