{"id":46190,"date":"2012-01-13T13:12:54","date_gmt":"2012-01-13T11:12:54","guid":{"rendered":"http:\/\/www.korhanyilmaz.com\/?p=46190"},"modified":"2012-01-13T13:46:08","modified_gmt":"2012-01-13T11:46:08","slug":"savci-kayak-pistinde-inceleme-yapiyor","status":"publish","type":"post","link":"http:\/\/www.korhanyilmaz.com\/?p=46190","title":{"rendered":"Savc\u0131, kayak pistinde inceleme yap\u0131yor"},"content":{"rendered":"<p style=\"text-align: center;\"><a href=\"http:\/\/www.korhanyilmaz.com\/wp-content\/uploads\/2012\/01\/9112.jpg\"  class=\"lightview\"><img loading=\"lazy\" decoding=\"async\" class=\"aligncenter  wp-image-46191\" src=\"http:\/\/www.korhanyilmaz.com\/wp-content\/uploads\/2012\/01\/9112.jpg\" alt=\"\" width=\"315\" height=\"217\" \/><\/a><\/p>\n<p style=\"text-align: justify;\">Milli kayak\u00e7\u0131 Asl\u0131 Nemutlu&#8217;nun \u00f6l\u00fcm\u00fcyle ilgili olarak Cumhuriyet Savc\u0131l\u0131\u011f\u0131 ve jandarma ekiplerince inceleme yap\u0131l\u0131yor.<\/p>\n<p style=\"text-align: justify;\">AA muhabirinin edindi\u011fi bilgiye g\u00f6re, antrenman yapt\u0131\u011f\u0131 s\u0131rada d\u00fc\u015ferek kar tahtas\u0131na \u00e7arp\u0131p vefat eden milli sporcu Asl\u0131 Nemutlu&#8217;nun \u00f6l\u00fcm\u00fcne ili\u015fkin Cumhuriyet Savc\u0131l\u0131\u011f\u0131 ve jandarma ekipleri olay yerinde inceleme yapt\u0131.\u00a0<!--more--><\/p>\n<p style=\"text-align: justify;\">AA ekibinin g\u00f6r\u00fcnt\u00fcledi\u011fi olay yerinde, savc\u0131l\u0131k ve jandarma ekipleri kar ara\u00e7lar\u0131yla Konakl\u0131 Kayak Merkezi&#8217;ndeki piste \u00e7\u0131kart\u0131ld\u0131. Burada yap\u0131lan incelemenin ard\u0131ndan savc\u0131l\u0131k ve jJandarma ekipleri, daha sonra milli kayak\u00e7\u0131n\u0131n e\u015fyalar\u0131n\u0131 kayak merkezinin dinlenme tesislerindeki b\u00f6l\u00fcm\u00fcnde inceledi.<\/p>\n<p style=\"text-align: justify;\">Kazan\u0131n meydana geldi\u011fi pist kenar\u0131nda kar tahtas\u0131ndaki (kar perdesi) odun k\u0131r\u0131klar\u0131 ve suni kar sistemi i\u00e7in kullan\u0131lan dire\u011fin elektrik kutusunun \u00fczerinin brandayla sar\u0131l\u0131 oldu\u011fu g\u00f6zlendi.<\/p>\n<p style=\"text-align: justify;\">Gen\u00e7lik Hizmetleri ve Spor \u0130l M\u00fcd\u00fcr\u00fc Fatih \u00c7intimar, AA muhabirine yapt\u0131\u011f\u0131 a\u00e7\u0131klamada, olaydan derin \u00fcz\u00fcnt\u00fc duydu\u011funu belirterek, \u015funlar\u0131 kaydetti:<\/p>\n<p style=\"text-align: justify;\">&#8220;Rahmetli olan k\u0131z\u0131m\u0131z\u0131n ini\u015f yaparken kaya\u011f\u0131n\u0131n \u00e7\u0131kmas\u0131 sonucu dengesi kaybederek d\u00fc\u015fmesi, d\u00fc\u015ft\u00fckten sonra da s\u00fcr\u00fcklenerek a\u015fa\u011f\u0131ya do\u011fru gitmesi sonucu bir \u00f6l\u00fcm vakas\u0131 olmu\u015ftur. Konakl\u0131 b\u00f6lgesi jandarma b\u00f6lgesidir. Jandarma kolluk kuvvetlerimiz orada gerekli soru\u015fturmay\u0131, gerekli ifadeleri, gerekli adli ve hukuki boyutta olacak b\u00fct\u00fcn yaz\u0131\u015fma ve g\u00f6r\u00fc\u015fmeleri ger\u00e7ekle\u015ftirmi\u015ftir. Daha sonra bu konular\u0131n intikal edece\u011fi noktalar olursa intikal ettirilir yoksa ailenin de g\u00f6r\u00fc\u015f\u00fc al\u0131narak gerekli i\u015flemler yap\u0131l\u0131r. \u015eu an i\u00e7in herhangi bir soru\u015fturma, herhangi bir kovu\u015fturma bunlarla ilgili en az\u0131ndan bizim yapabilece\u011fimiz herhangi bir \u015fey s\u00f6z konusu de\u011fildir.&#8221;<\/p>\n<p style=\"text-align: justify;\">\u00c7intimar, baz\u0131 gazetelerde \u00e7\u0131kan kar tahtas\u0131 (kar perdesi) ile ilgili haberlere ili\u015fkin, &#8220;Bu konuyla alakal\u0131 tabii ki b\u00fct\u00fcn da\u011flarda kar perdesi var. Bizde de olmak zorunda ve var. Bunlar tamamen Universiade d\u00f6neminde master plan\u0131 \u00e7er\u00e7evesinde yap\u0131lan i\u015fler. Bunlarla ilgili de gerekli a\u00e7\u0131klamay\u0131 zannediyorum Kayak Federasyonumuz yapacakt\u0131r. Biz ac\u0131l\u0131 aileye Allah&#8217;tan rahmet kayak ve b\u00fct\u00fcn spor camias\u0131na ba\u015fsa\u011fl\u0131\u011f\u0131 diliyoruz. \u00dcz\u00fcc\u00fc bir olay. Olmamas\u0131 temennimiz. \u0130n\u015fallah bundan sonra b\u00f6yle bir kazay\u0131 ya\u015famay\u0131z&#8221; diye konu\u015ftu.<\/p>\n<p style=\"text-align: justify;\">Bu arada, Erzurum&#8217;da bulunan Asl\u0131 Nemutlu&#8217;nun sporcu arkada\u015flar\u0131 cenaze i\u00e7in \u0130stanbul&#8217;a gitti.<\/p>\n<p style=\"text-align: justify;\"><a href=\"http:\/\/www.cnnturk.com\/2012\/turkiye\/01\/13\/savci.kayak.pistinde.inceleme.yapiyor\/644715.0\/index.html\" target=\"_blank\">Kaynak : CNN T\u00dcRK<\/a><\/p>\n","protected":false},"excerpt":{"rendered":"<p style=\"text-align: center;\">\n<p style=\"text-align: justify;\">Milli kayak\u00e7\u0131 Asl\u0131 Nemutlu&#8217;nun \u00f6l\u00fcm\u00fcyle ilgili olarak Cumhuriyet Savc\u0131l\u0131\u011f\u0131 ve jandarma ekiplerince inceleme yap\u0131l\u0131yor.<\/p>\n<p style=\"text-align: justify;\">AA muhabirinin edindi\u011fi bilgiye g\u00f6re, antrenman yapt\u0131\u011f\u0131 s\u0131rada d\u00fc\u015ferek kar tahtas\u0131na \u00e7arp\u0131p vefat eden milli sporcu Asl\u0131 Nemutlu&#8217;nun \u00f6l\u00fcm\u00fcne ili\u015fkin Cumhuriyet Savc\u0131l\u0131\u011f\u0131 ve jandarma ekipleri olay yerinde inceleme yapt\u0131. <\/p>\n","protected":false},"author":1,"featured_media":0,"comment_status":"open","ping_status":"open","sticky":false,"template":"","format":"standard","meta":{"footnotes":""},"categories":[105],"tags":[],"class_list":["post-46190","post","type-post","status-publish","format-standard","hentry","category-gundem","odd"],"_links":{"self":[{"href":"http:\/\/www.korhanyilmaz.com\/index.php?rest_route=\/wp\/v2\/posts\/46190","targetHints":{"allow":["GET"]}}],"collection":[{"href":"http:\/\/www.korhanyilmaz.com\/index.php?rest_route=\/wp\/v2\/posts"}],"about":[{"href":"http:\/\/www.korhanyilmaz.com\/index.php?rest_route=\/wp\/v2\/types\/post"}],"author":[{"embeddable":true,"href":"http:\/\/www.korhanyilmaz.com\/index.php?rest_route=\/wp\/v2\/users\/1"}],"replies":[{"embeddable":true,"href":"http:\/\/www.korhanyilmaz.com\/index.php?rest_route=%2Fwp%2Fv2%2Fcomments&post=46190"}],"version-history":[{"count":0,"href":"http:\/\/www.korhanyilmaz.com\/index.php?rest_route=\/wp\/v2\/posts\/46190\/revisions"}],"wp:attachment":[{"href":"http:\/\/www.korhanyilmaz.com\/index.php?rest_route=%2Fwp%2Fv2%2Fmedia&parent=46190"}],"wp:term":[{"taxonomy":"category","embeddable":true,"href":"http:\/\/www.korhanyilmaz.com\/index.php?rest_route=%2Fwp%2Fv2%2Fcategories&post=46190"},{"taxonomy":"post_tag","embeddable":true,"href":"http:\/\/www.korhanyilmaz.com\/index.php?rest_route=%2Fwp%2Fv2%2Ftags&post=46190"}],"curies":[{"name":"wp","href":"https:\/\/api.w.org\/{rel}","templated":true}]}}