{"id":46187,"date":"2012-01-13T09:52:35","date_gmt":"2012-01-13T07:52:35","guid":{"rendered":"http:\/\/www.korhanyilmaz.com\/?p=46187"},"modified":"2012-01-13T15:47:35","modified_gmt":"2012-01-13T13:47:35","slug":"bilgisayarla-suclu-yaratiliyor","status":"publish","type":"post","link":"http:\/\/www.korhanyilmaz.com\/?p=46187","title":{"rendered":"\u2018Bilgisayarla su\u00e7lu yarat\u0131l\u0131yor\u2019"},"content":{"rendered":"<p style=\"text-align: center;\">\n<p style=\"text-align: justify;\"><a href=\"http:\/\/www.korhanyilmaz.com\/wp-content\/uploads\/2012\/01\/91111.jpg\"  class=\"lightview\"><img loading=\"lazy\" decoding=\"async\" class=\"aligncenter size-full wp-image-46221\" title=\"\" src=\"http:\/\/www.korhanyilmaz.com\/wp-content\/uploads\/2012\/01\/91111.jpg\" alt=\"\" width=\"292\" height=\"224\" \/><\/a><\/p>\n<p style=\"text-align: justify;\">CHP lideri K\u0131l\u0131\u00e7daro\u011flu, Emniyet Genel M\u00fcd\u00fcrl\u00fc\u011f\u00fc\u2019nde bir bilgisayar program\u0131n\u0131n oldu\u011funu ifade ederek, \u201c\u0130ktidar hedefindeki ki\u015fileri bu sistemle belirliyor\u201d dedi.<\/p>\n<p style=\"text-align: justify;\">K\u0131l\u0131\u00e7daro\u011flu, Habert\u00fcrk TV\u2019de sorular\u0131 yan\u0131tlayan K\u0131l\u0131\u00e7daro\u011flu kendisine gelen \u00f6zel bir bilgiyi ilk kez payla\u015ft\u0131\u011f\u0131n\u0131 ifade etti:<\/p>\n<p style=\"text-align: justify;\"><strong>Bir sistem var<\/strong><\/p>\n<p style=\"text-align: justify;\">\u00d6nce su\u00e7luyu belirliyorlar. Bak\u0131n sistem nas\u0131l \u00e7al\u0131\u015f\u0131yor anlatay\u0131m size. Diyelim ki bir ismi hedefe koyduk. Onunla ilgili bir sistem var. O ki\u015finin bilgilerini y\u00fckl\u00fcyorlar bilgisayara. O ki\u015fi kimlerle o saatte hangi ki\u015filerle konu\u015fmu\u015f. Son 5 -6 y\u0131l. Hepsini bilgisayarda tespit ediyorlar. Sistemin ad\u0131n\u0131 da biliyorum. Bu ki\u015filerin telefonlar\u0131 dinlenmeye ba\u015flan\u0131yor. Konu\u015fmalar\u0131n hepsi \u00e7\u0131k\u0131yor. Dinleme karar\u0131 almak \u00e7ok kolay.<!--more--><\/p>\n<p style=\"text-align: justify;\"><strong>\u00d6zel ya\u015fam ara\u015ft\u0131r\u0131l\u0131yor<\/strong><\/p>\n<p style=\"text-align: justify;\">Bilgisayar program\u0131 olan bir sistem. Emniyet\u2019te kullan\u0131l\u0131yor. \u0130stihbaratta. \u00d6nce ki\u015fiyi belirliyorsunuz. Bana gelen \u00f6zel bir bilgi. T\u00fcm her \u015feyi ara\u015ft\u0131r\u0131yorlar \u00f6zel ya\u015fam dahil buna. \u0130stedikleri an her zaman \u00e7\u0131karabilirler. Bende bir kay\u0131t yok, bilgi var. Bunu hi\u00e7bir kimse yapm\u0131yoruz diyemez.<\/p>\n<p style=\"text-align: justify;\"><strong>\u0130ktidar\u0131n hedefindekiler<\/strong><\/p>\n<p style=\"text-align: justify;\">Biraz daha olgunla\u015f\u0131nca Meclis\u2019e getirece\u011fiz. Her istihbarat kurulu\u015funun elinde belki bu t\u00fcr program vard\u0131r. Ter\u00f6r\u00fc izlemek i\u00e7in bu yap\u0131labilir. Bunlar niye var diye su\u00e7lam\u0131yorum. \u0130ktidar hedefindeki ki\u015filer i\u00e7in bu sistemin kullan\u0131lmas\u0131n\u0131 ele\u015ftiriyoruz biz. Bu t\u00fcr program\u0131n M\u0130T\u2019te oldu\u011funu sanm\u0131yorum. Ki\u015fileri su\u00e7lu veya san\u0131k diye g\u00f6r\u00fcyorlar. O bilgisayar program\u0131yla her \u015feyi ortaya \u00e7\u0131kar\u0131yorlar.<\/p>\n<p style=\"text-align: justify;\"><strong>\u0130li\u015fkiler ortaya d\u00f6k\u00fcl\u00fcyor<\/strong><\/p>\n<p style=\"text-align: justify;\">Sistem \u015fu anda Emniyet\u2019te kullan\u0131l\u0131yor. Tayin eden siyasi otorite. B\u00fct\u00fcn ili\u015fkilerini ortaya d\u00f6k\u00fcyor. Bunlar\u0131n hepsi ortaya \u00e7\u0131k\u0131yor.<\/p>\n<p style=\"text-align: justify;\"><strong>Tek \u015fey kald\u0131 da\u011fa \u00e7\u0131kmak<\/strong><\/p>\n<p style=\"text-align: justify;\">Tutuklu milletvekillerinin ve gazetecilerin durumlar\u0131n\u0131 gitti\u011fimiz her \u00fclkede ve ortamda dile getirdik. Tek \u015fey kald\u0131 elimize silah al\u0131p da\u011fa \u00e7\u0131kmak. Her \u015feyi yapt\u0131k.<\/p>\n<p style=\"text-align: justify;\"><strong>Voltaire\u2019in ifade \u00f6zg\u00fcrl\u00fc\u011f\u00fcn\u00fc ihlal edemezsiniz<\/strong><\/p>\n<p style=\"text-align: justify;\">CHP Genel Ba\u015fkan\u0131 Kemal K\u0131l\u0131\u00e7daro\u011flu, Fransa parlamentosuna bir mektup yazarak, Ermeni soyk\u0131r\u0131m\u0131n\u0131 inkar etmeye ceza \u00f6ng\u00f6ren teklifin Fransa Anayasa\u2019s\u0131na ayk\u0131r\u0131 oldu\u011funu belirtti. Frans\u0131zca bilen K\u0131l\u0131\u00e7daro\u011flu, Frans\u0131zca olarak kaleme ald\u0131\u011f\u0131 mektubu, Fransa solunun 3 \u00f6nemli ismine g\u00f6nderdi. VATAN\u2019\u0131n edindi\u011fi mektup, Fransadaki se\u00e7imlerde Sarkozy\u2019nin en g\u00fc\u00e7l\u00fc rakibi Cumhurba\u015fkan\u0131 aday\u0131 Fran\u00e7ois Hollande, Fransa Senato Ba\u015fkan\u0131 Jean-Pierre Bel ve Sosyalist Parti Ba\u015fkan\u0131 Martine Aubry\u2019ye g\u00f6nderildi. K\u0131l\u0131\u00e7daro\u011flu\u2019nun 2,5 sayfal\u0131k mektubu \u00f6zetle \u015f\u00f6yle:<\/p>\n<p style=\"text-align: justify;\">\u0130nanm\u0131yoruz: T\u00fcrkler, Voltaire ve Diderot\u2019un \u00fclkesinin ifade \u00f6zg\u00fcrl\u00fc\u011f\u00fcn\u00fc ihlal edecek olan bir yasay\u0131 kabul edebilece\u011fine inanamamaktad\u0131r. T\u00fcrkler \u015firket projelerini tamamen Avrupa\u2019ya entegre etmeyi planl\u0131yor. Frans\u0131z parlamentosu se\u00e7imlerinin bu \u015fekilde devam etmesi halinde anti-T\u00fcrk olan ve anayasaya ayk\u0131r\u0131 olan bu yasa, g\u00f6r\u00fcnd\u00fc\u011f\u00fcne g\u00f6re sadece Fransa\u2019y\u0131 etkilemez, ayn\u0131 zamanda Avrupa Birli\u011fi\u2019nde haks\u0131z ve d\u00fc\u015fmanca davran\u0131\u015f olarak alg\u0131lanacakt\u0131r.<\/p>\n<p style=\"text-align: justify;\"><a href=\"http:\/\/www.cnnturk.com\/2012\/guncel\/01\/13\/.bilgisayarla.suclu.yaratiliyor\/644642.0\/index.html\" target=\"_blank\">Kaynak : CNN T\u00dcRK<\/a><\/p>\n","protected":false},"excerpt":{"rendered":"<p style=\"text-align: center;\">\n<p style=\"text-align: justify;\">\n<p style=\"text-align: justify;\">CHP lideri K\u0131l\u0131\u00e7daro\u011flu, Emniyet Genel M\u00fcd\u00fcrl\u00fc\u011f\u00fc\u2019nde bir bilgisayar program\u0131n\u0131n oldu\u011funu ifade ederek, \u201c\u0130ktidar hedefindeki ki\u015fileri bu sistemle belirliyor\u201d dedi.<\/p>\n<p style=\"text-align: justify;\">K\u0131l\u0131\u00e7daro\u011flu, Habert\u00fcrk TV\u2019de sorular\u0131 yan\u0131tlayan K\u0131l\u0131\u00e7daro\u011flu kendisine gelen \u00f6zel bir bilgiyi ilk kez payla\u015ft\u0131\u011f\u0131n\u0131 ifade etti:<\/p>\n<p style=\"text-align: justify;\">Bir sistem var<\/p>\n<p style=\"text-align: justify;\">\u00d6nce su\u00e7luyu belirliyorlar. <\/p>\n","protected":false},"author":1,"featured_media":0,"comment_status":"open","ping_status":"open","sticky":false,"template":"","format":"standard","meta":{"footnotes":""},"categories":[105],"tags":[],"class_list":["post-46187","post","type-post","status-publish","format-standard","hentry","category-gundem","odd"],"_links":{"self":[{"href":"http:\/\/www.korhanyilmaz.com\/index.php?rest_route=\/wp\/v2\/posts\/46187","targetHints":{"allow":["GET"]}}],"collection":[{"href":"http:\/\/www.korhanyilmaz.com\/index.php?rest_route=\/wp\/v2\/posts"}],"about":[{"href":"http:\/\/www.korhanyilmaz.com\/index.php?rest_route=\/wp\/v2\/types\/post"}],"author":[{"embeddable":true,"href":"http:\/\/www.korhanyilmaz.com\/index.php?rest_route=\/wp\/v2\/users\/1"}],"replies":[{"embeddable":true,"href":"http:\/\/www.korhanyilmaz.com\/index.php?rest_route=%2Fwp%2Fv2%2Fcomments&post=46187"}],"version-history":[{"count":0,"href":"http:\/\/www.korhanyilmaz.com\/index.php?rest_route=\/wp\/v2\/posts\/46187\/revisions"}],"wp:attachment":[{"href":"http:\/\/www.korhanyilmaz.com\/index.php?rest_route=%2Fwp%2Fv2%2Fmedia&parent=46187"}],"wp:term":[{"taxonomy":"category","embeddable":true,"href":"http:\/\/www.korhanyilmaz.com\/index.php?rest_route=%2Fwp%2Fv2%2Fcategories&post=46187"},{"taxonomy":"post_tag","embeddable":true,"href":"http:\/\/www.korhanyilmaz.com\/index.php?rest_route=%2Fwp%2Fv2%2Ftags&post=46187"}],"curies":[{"name":"wp","href":"https:\/\/api.w.org\/{rel}","templated":true}]}}