{"id":46168,"date":"2012-01-13T12:15:34","date_gmt":"2012-01-13T10:15:34","guid":{"rendered":"http:\/\/www.korhanyilmaz.com\/?p=46168"},"modified":"2012-01-13T12:29:39","modified_gmt":"2012-01-13T10:29:39","slug":"turkiye-mavi-marmara-davalarini-askiya-aldi","status":"publish","type":"post","link":"http:\/\/www.korhanyilmaz.com\/?p=46168","title":{"rendered":"&#8220;T\u00fcrkiye Mavi Marmara davalar\u0131n\u0131 ask\u0131ya ald\u0131&#8221;"},"content":{"rendered":"<p style=\"text-align: center;\"><a href=\"http:\/\/www.korhanyilmaz.com\/wp-content\/uploads\/2012\/01\/9108.jpg\"  class=\"lightview\"><img loading=\"lazy\" decoding=\"async\" class=\" wp-image-46169 aligncenter\" src=\"http:\/\/www.korhanyilmaz.com\/wp-content\/uploads\/2012\/01\/9108.jpg\" alt=\"\" width=\"304\" height=\"228\" \/><\/a><\/p>\n<p style=\"text-align: justify;\">ABD&#8217;li kaynaklar, T\u00fcrkiye&#8217;nin, 2010 y\u0131l\u0131nda Gazze&#8217;ye giden Mavi Marmara filosuna d\u00fczenlenen bask\u0131nla ba\u011flant\u0131s\u0131 olan \u0130sraillilere a\u00e7t\u0131\u011f\u0131 davalar\u0131 ask\u0131ya ald\u0131\u011f\u0131n\u0131 iddia etti.<\/p>\n<p style=\"text-align: justify;\">\u0130stanbul- \u0130srail\u2019in Yedioth Ahronot gazetesine konu\u015fan ABD D\u0131\u015fi\u015fleri Bakanl\u0131\u011f\u0131 kaynaklar\u0131, savc\u0131l\u0131\u011f\u0131n, \u0130srail deniz komandolar\u0131n\u0131n Mavi Marmara&#8217;ya d\u00fczenledi\u011fi bask\u0131nla ba\u011flant\u0131s\u0131 olan ki\u015filere a\u00e7\u0131lan davalar\u0131 durdurdu\u011funu \u00f6ne s\u00fcrd\u00fc.\u00a0<!--more--><\/p>\n<p style=\"text-align: justify;\">Kaynaklar, savc\u0131lar\u0131n verdi\u011fi davalar\u0131n geri \u00e7ekilmesi direktifinin, hem emir-komuta kademesindeki isimleri hem de gemiye bask\u0131n d\u00fczenleyen askerleri kapsad\u0131\u011f\u0131n\u0131 belirtti.<\/p>\n<p style=\"text-align: justify;\">D\u0131\u015fi\u015fleri Bakanl\u0131\u011f\u0131 kaynaklar\u0131, a\u00e7\u0131klamalar\u0131nda, bu karar\u0131n ABD\u2019nin \u0130srail ile T\u00fcrkiye aras\u0131ndaki tansiyonu d\u00fc\u015f\u00fcrme giri\u015fimleriyle ba\u011flant\u0131l\u0131 oldu\u011funu savundu. \u0130srail\u2019in, Gilad \u015ealit takas\u0131nda da \u00f6nemli rol oynayan eski Mossad yetkilisi David Meidan\u2019\u0131 da ayn\u0131 giri\u015fimler do\u011frultusunda T\u00fcrkiye\u2019ye g\u00f6nderdi\u011fi de haberde yer ald\u0131.<\/p>\n<p style=\"text-align: justify;\"><strong>\u00d6z\u00fcr ve tazminat talebi\u00a0<\/strong><\/p>\n<p style=\"text-align: justify;\">Ankara, daha \u00f6nce Tel Aviv\u2019le ili\u015fkilerin d\u00fczelebilmesi i\u00e7in \u0130srail\u2019in \u00f6z\u00fcr dilemesi ve tazminat \u00f6demesi gerekti\u011fi \u015fart\u0131n\u0131 ortaya koymu\u015ftu.<\/p>\n<p style=\"text-align: justify;\">T\u00fcrkiye\u2019nin, \u0130srail\u2019den bask\u0131na kat\u0131lan askerlerin isimlerini talep etti\u011fi de bildirilmi\u015f, daha sonra T\u00fcrkiye&#8217;deki baz\u0131 gazetelerde askerlerin isim ve foto\u011fraflar\u0131ndan olu\u015fan listeler yay\u0131mlanm\u0131\u015ft\u0131.<\/p>\n<p style=\"text-align: justify;\"><strong>ABD&#8217;de de dava a\u00e7\u0131ld\u0131\u00a0<\/strong><\/p>\n<p style=\"text-align: justify;\">Mavi Marmara bask\u0131n\u0131nda \u00f6len dokuz T\u00fcrk&#8217;ten biri olan Furkan Do\u011fan&#8217;\u0131n babas\u0131 da ABD&#8217;de dava a\u00e7m\u0131\u015ft\u0131.<\/p>\n<p style=\"text-align: justify;\">Baba Ahmet Do\u011fan, Anayasal Haklar Merkezi (Center for Constitutional Rights-CCR) adl\u0131 kurulu\u015fla birlikte, Furkan\u2019\u0131n \u00f6ld\u00fcr\u00fclmesi ve filodaki di\u011fer Amerikan vatanda\u015flar\u0131na yap\u0131lan muamele konusunda talep ettikleri bilgileri vermedikleri gerek\u00e7esiyle, aralar\u0131nda ABD D\u0131\u015fi\u015fleri, Adalet, \u0130\u00e7 G\u00fcvenlik ve Savunma Bakanl\u0131klar\u0131 da bulunan baz\u0131 devlet kurumlar\u0131na New York mahkemesinde dava a\u00e7m\u0131\u015ft\u0131.<\/p>\n<p style=\"text-align: justify;\"><a href=\"http:\/\/www.cumhuriyet.com.tr\/?hn=307504&amp;kw=%22T%FCrkiye+Mavi+Marmara+davalar%FDn%FD+ask%FDya+ald%FD%22\" target=\"_blank\">Kaynak : Cumhuriyet Haber Portal\u0131<\/a><\/p>\n","protected":false},"excerpt":{"rendered":"<p style=\"text-align: center;\">\n<p style=\"text-align: justify;\">ABD&#8217;li kaynaklar, T\u00fcrkiye&#8217;nin, 2010 y\u0131l\u0131nda Gazze&#8217;ye giden Mavi Marmara filosuna d\u00fczenlenen bask\u0131nla ba\u011flant\u0131s\u0131 olan \u0130sraillilere a\u00e7t\u0131\u011f\u0131 davalar\u0131 ask\u0131ya ald\u0131\u011f\u0131n\u0131 iddia etti.<\/p>\n<p style=\"text-align: justify;\">\u0130stanbul- \u0130srail\u2019in Yedioth Ahronot gazetesine konu\u015fan ABD D\u0131\u015fi\u015fleri Bakanl\u0131\u011f\u0131 kaynaklar\u0131, savc\u0131l\u0131\u011f\u0131n, \u0130srail deniz komandolar\u0131n\u0131n Mavi Marmara&#8217;ya d\u00fczenledi\u011fi bask\u0131nla ba\u011flant\u0131s\u0131 olan ki\u015filere a\u00e7\u0131lan davalar\u0131 durdurdu\u011funu \u00f6ne s\u00fcrd\u00fc. <\/p>\n","protected":false},"author":1,"featured_media":0,"comment_status":"open","ping_status":"open","sticky":false,"template":"","format":"standard","meta":{"footnotes":""},"categories":[105],"tags":[],"class_list":["post-46168","post","type-post","status-publish","format-standard","hentry","category-gundem","odd"],"_links":{"self":[{"href":"http:\/\/www.korhanyilmaz.com\/index.php?rest_route=\/wp\/v2\/posts\/46168","targetHints":{"allow":["GET"]}}],"collection":[{"href":"http:\/\/www.korhanyilmaz.com\/index.php?rest_route=\/wp\/v2\/posts"}],"about":[{"href":"http:\/\/www.korhanyilmaz.com\/index.php?rest_route=\/wp\/v2\/types\/post"}],"author":[{"embeddable":true,"href":"http:\/\/www.korhanyilmaz.com\/index.php?rest_route=\/wp\/v2\/users\/1"}],"replies":[{"embeddable":true,"href":"http:\/\/www.korhanyilmaz.com\/index.php?rest_route=%2Fwp%2Fv2%2Fcomments&post=46168"}],"version-history":[{"count":0,"href":"http:\/\/www.korhanyilmaz.com\/index.php?rest_route=\/wp\/v2\/posts\/46168\/revisions"}],"wp:attachment":[{"href":"http:\/\/www.korhanyilmaz.com\/index.php?rest_route=%2Fwp%2Fv2%2Fmedia&parent=46168"}],"wp:term":[{"taxonomy":"category","embeddable":true,"href":"http:\/\/www.korhanyilmaz.com\/index.php?rest_route=%2Fwp%2Fv2%2Fcategories&post=46168"},{"taxonomy":"post_tag","embeddable":true,"href":"http:\/\/www.korhanyilmaz.com\/index.php?rest_route=%2Fwp%2Fv2%2Ftags&post=46168"}],"curies":[{"name":"wp","href":"https:\/\/api.w.org\/{rel}","templated":true}]}}