{"id":46158,"date":"2012-01-12T20:51:28","date_gmt":"2012-01-12T18:51:28","guid":{"rendered":"http:\/\/www.korhanyilmaz.com\/?p=46158"},"modified":"2012-01-13T09:55:36","modified_gmt":"2012-01-13T07:55:36","slug":"ergun-akp-muslumanlari-dolandirmistir","status":"publish","type":"post","link":"http:\/\/www.korhanyilmaz.com\/?p=46158","title":{"rendered":"Ergun: AKP M\u00fcsl\u00fcmanlar\u0131 &#8216;doland\u0131rm\u0131\u015f&#8217;t\u0131r"},"content":{"rendered":"<p style=\"text-align: center;\"><a href=\"http:\/\/www.korhanyilmaz.com\/wp-content\/uploads\/2012\/01\/9106.jpg\"  class=\"lightview\"><img loading=\"lazy\" decoding=\"async\" class=\"aligncenter  wp-image-46159\" src=\"http:\/\/www.korhanyilmaz.com\/wp-content\/uploads\/2012\/01\/9106.jpg\" alt=\"\" width=\"324\" height=\"243\" \/><\/a><\/p>\n<p style=\"text-align: justify;\">\u0130slamc\u0131 yazar Atilla Fikri Ergun g\u00fcndemi BirG\u00fcn\u2019e de\u011ferlendirdi.<\/p>\n<p style=\"text-align: justify;\">Ergun, T\u00fcrkiye\u2019de bug\u00fcn ad\u0131na \u201cyeni\u201d denen her \u015feyin asl\u0131nda eskisinin devam\u0131 oldu\u011funu, T\u00fcrkiye\u2019nin \u201cmodel \u00fclke\u201d olarak de\u011fil, ancak \u201cmodern s\u00f6m\u00fcrge\u201d olarak nitelendirebilece\u011fini s\u00f6yl\u00fcyor. Ergun\u2019a g\u00f6re, T\u00fcrkiye\u2019de Okyanus \u00f6tesi eksenli Teo-Fa\u015fist ve Teo-Kapitalist NATO\u2019cu \u0130slamc\u0131l\u0131k s\u00f6z konusu.\u00a0<!--more--><\/p>\n<p style=\"text-align: justify;\"><strong>\u0130slamc\u0131 kesimi yak\u0131ndan tan\u0131yan bir isimsiniz, AKP iktidar\u0131yla birlikte \u0130slamc\u0131 kesimde ne gibi bir de\u011fi\u015fim g\u00f6ze \u00e7arp\u0131yor? Geli\u015fmeler olumlu mu, olumsuz mu?<\/strong><\/p>\n<p style=\"text-align: justify;\">\u00d6ncelikle bug\u00fcn kendilerini \u201c\u0130slamc\u0131\u201d olarak nitelendirenlerin 19. y\u00fczy\u0131l\u0131n ikinci yar\u0131s\u0131nda ortaya \u00e7\u0131kan ilk nesil \u0130slamc\u0131larla, dolay\u0131s\u0131yla \u0130slamc\u0131l\u0131k d\u00fc\u015f\u00fcncesiyle uzaktan yak\u0131nda bir ilgilerinin olmad\u0131\u011f\u0131n\u0131 belirtmemiz laz\u0131m. Elbette bunun ni\u00e7in b\u00f6yle oldu\u011funu izah etmemiz gerekir. Birincisi, ikinci ve \u00fc\u00e7\u00fcnc\u00fc neslin adalet, e\u015fitlik ve \u00f6zg\u00fcrl\u00fck ekseninde bug\u00fcne kadar kendine \u00f6zg\u00fc bir insan ve toplum modeli ortaya koydu\u011funa \u015fahit olabilmi\u015f de\u011filiz. Manev\u00ee-ahlak\u00ee kayg\u0131s\u0131 olmayan, siyasetini Emevilerden dev\u015firmi\u015f, muhafazak\u00e2r modernle\u015fme ideolojisini benimsemi\u015f, ekonomi-politi\u011fini de kapitalizmden alm\u0131\u015f bir d\u00fc\u015f\u00fcncenin topluma verece\u011fi hi\u00e7bir \u015fey yok. Bir ba\u015fka ifadeyle muhafazak\u00e2r modernle\u015fme ideolojisinin ta\u015f\u0131y\u0131c\u0131l\u0131\u011f\u0131n\u0131 ve s\u00f6zc\u00fcl\u00fc\u011f\u00fcn\u00fc yapan ikinci ve \u00fc\u00e7\u00fcnc\u00fc neslin halka servet ve iktidar-perestlikten \u00f6te empoze edebilece\u011fi bir \u015fey kalmad\u0131. \u0130kincisi, biraz \u00f6nce vurgulad\u0131\u011f\u0131m nedenlerden \u00f6t\u00fcr\u00fc T\u00fcrkiye\u2019de \u201c\u0130slamc\u0131l\u0131k\u201d ve \u201c\u0130sl\u00e2m\u00ee Hareket\u201d asl\u0131nda birer \u201cmit\u201dten ibaret. \u0130kinci ve \u00fc\u00e7\u00fcnc\u00fc neslin sahip oldu\u011fu d\u00fc\u015f\u00fcnce ve ortaya koydu\u011fu pratikler \u0130slamc\u0131l\u0131k olmad\u0131\u011f\u0131 gibi, bu \u00fclkede hi\u00e7bir zaman ger\u00e7ek anlamda bir \u0130sl\u00e2m\u00ee Hareket de var olmad\u0131.<\/p>\n<p style=\"text-align: justify;\">Verili d\u00fcnyay\u0131 a\u015famayan ve g\u00fcc\u00fc -servet ve iktidar\u0131- esas alan ikinci ve \u00fc\u00e7\u00fcnc\u00fc nesil, Kur\u2019an\u2019a ve Peygamber\u2019in S\u00fcnnet\u2019ine ihanet ederek \u0130slam\u2019\u0131n asl\u00ee kaynaklar\u0131ndan fiilen Teo-Fa\u015fizm ve Teo-Kapitalizm \u00e7\u0131kard\u0131. Deyim yerindeyse zorbal\u0131\u011f\u0131n, ayr\u0131mc\u0131l\u0131\u011f\u0131n ve yemlenmenin il\u00e2hiy\u00e2t\u0131, ikinci ve \u00fc\u00e7\u00fcnc\u00fc nesilde m\u00fccessem hale geldi. Oysa tarih boyunca g\u00fcce dayal\u0131 d\u00fc\u015f\u00fcncelerin t\u00fcm\u00fc zulmedici olmu\u015ftur. \u0130sl\u00e2m\u00ee d\u00fc\u015f\u00fcnce ve d\u00fcnya g\u00f6r\u00fc\u015f\u00fcn\u00fcn temel ilkesi ise ahlak\u00eeliktir ve bu ilke, herkes i\u00e7in adaleti gerekli k\u0131lar. Ayn\u0131 \u015fekilde ayr\u0131mc\u0131l\u0131\u011f\u0131 reddetmeyen bir d\u00fc\u015f\u00fcncenin \u0130sl\u00e2m\u00ee olmas\u0131 ve devrimci karakter ta\u015f\u0131mas\u0131 da s\u00f6z konusu de\u011fil.<\/p>\n<p style=\"text-align: justify;\"><strong>AKP iktidar\u0131ndaki T\u00fcrkiye\u2019yi nas\u0131l de\u011ferlendiriyorsunuz? Ya da \u015f\u00f6yle soray\u0131m: Yeni d\u00f6nemi nas\u0131l okumak gerekir?<\/strong><\/p>\n<p style=\"text-align: justify;\">\u201cYeni d\u00f6nem\u201din \u00fczerinde \u0131srarla durmak gerekir diye d\u00fc\u015f\u00fcn\u00fcyorum. Bu \u00fclkede \u201cyeni\u201d denen her \u015fey asl\u0131nda eskisinin devam\u0131. \u201cYeni d\u00f6nem\u201d, \u201cyeni iktidar eliti\u201d, \u201cyeni d\u0131\u015f politika\u201d, \u201cyeni zengin s\u0131n\u0131f\u201d, \u201cyeni anayasa\u201d vs. \u201cYeni d\u00f6nem\u201dde T\u00fcrkiye, t\u0131pk\u0131 eskiden oldu\u011fu gibi her y\u00f6nden k\u00fcresel hegemonyan\u0131n m\u00fcttefiki. \u201cYeni iktidar eliti\u201d de t\u0131pk\u0131 \u00f6ncekiler gibi kendi tarihine, k\u00fclt\u00fcr\u00fcne ve co\u011frafyas\u0131na ihanet etmekle me\u015fgul. Dolay\u0131s\u0131yla bu co\u011frafyaya sokulan tek han\u00e7er \u0130srail de\u011fil. ABD\u2019nin m\u00fcttefiki ve stratejik orta\u011f\u0131 olan -baz\u0131lar\u0131 T\u00fcrkiye\u2019nin stratejik ortak de\u011fil, taktik ortak oldu\u011funu s\u00f6yl\u00fcyorlar- AB\u2019nin nik\u00e2h\u0131na almay\u0131 reddetti\u011fi T\u00fcrkiye\u2019yi de bu kategoride ele almak gerekir. Hi\u00e7 \u015f\u00fcphesiz T\u00fcrkiye \u201cmodel \u00fclke\u201d de\u011fil, \u201cmodel s\u00f6m\u00fcrge\u201d.<\/p>\n<p style=\"text-align: justify;\">\u0130\u00e7eride de durum farks\u0131z. \u201cYeni iktidar eliti\u201d, d\u0131\u015far\u0131da oldu\u011fu gibi i\u00e7eride de Teo-Politik zeminde hareket ediyor. Ancak bu Teo-Politik zemin, S\u00fcnnili\u011fe de\u011fil, \u0131rk ve s\u0131n\u0131f ayr\u0131m\u0131na dayal\u0131 olan Emev\u00ee S\u00fcnnili\u011fi\u2019ne dayan\u0131yor. Resmi ideolojiye en uygun olan\u0131 da bu zaten. Nitekim \u201cyeni iktidar eliti\u201d, \u201cmodern ulus-devlet\u201d forumunu koruma y\u00fck\u00fcml\u00fcl\u00fc\u011f\u00fcn\u00fc eksiksiz bir bi\u00e7imde yerine getiriyor.<\/p>\n<p style=\"text-align: justify;\">Buna kar\u015f\u0131n \u201c\u0130slamc\u0131lar\u201d i\u00e7in yeni d\u00f6nemde stat\u00fckoyu savunmak ka\u00e7\u0131n\u0131lmaz. D\u00fcn 6. Filo\u2019yu destekleyenler bug\u00fcn i\u015f ba\u015f\u0131ndalar. D\u00fcn\u00fcn radikalleri de bug\u00fcn\u00fcn muhafazak\u00e2rlar\u0131 haline gelip \u201cyeni d\u00f6nem\u201din servet ve iktidar sahipleriyle i\u015fbirli\u011fi yapt\u0131lar. \u201c\u0130slamc\u0131\u201d vak\u0131f ve dernekler, platformlar, iktidar\u0131n yan kurulu\u015flar\u0131 olarak faaliyet y\u00fcr\u00fct\u00fcrken, yay\u0131n organlar\u0131 da muhafazak\u00e2r iktidar\u0131n, \u201cyeni zengin s\u0131n\u0131f\u201d\u0131n ve NATO\u2019nun bas\u0131n b\u00fcltenleri i\u015flevini g\u00f6r\u00fcyor. Sonu\u00e7 \u015fudur: Okyanus \u00f6tesi eksenli Teo-Fa\u015fist ve Teo-Kapitalist NATO\u2019cu \u0130slamc\u0131l\u0131k! Bu bak\u0131mdan M\u00fcsl\u00fcmanlar\u0131n, muhafazak\u00e2r iktidara, \u201cyeni zengin s\u0131n\u0131f\u201da ve NATO\u2019ya hizmet eden mevcut \u201c\u0130slamc\u0131l\u0131k\u201d belas\u0131ndan acilen kurtulmalar\u0131 gerekiyor.<\/p>\n<p style=\"text-align: justify;\"><strong>T\u00fcrkiye\u2019nin \u201cmodel \u00fclke\u201d olmad\u0131\u011f\u0131n\u0131, \u201cmodern s\u00f6m\u00fcrge\u201d oldu\u011funu s\u00f6ylediniz. \u201cModel \u00fclke nitelendirmesi bir kurgudan m\u0131 ibaret?<\/strong><\/p>\n<p style=\"text-align: justify;\">Muhafazak\u00e2r iktidar, b\u00f6lgede ABD\u2019nin ve NATO\u2019nun s\u00f6zc\u00fcl\u00fc\u011f\u00fcn\u00fc yap\u0131yor. Bu bak\u0131mdan T\u00fcrkiye sadece model s\u00f6m\u00fcrge de\u011fil, ayn\u0131 zamanda ta\u015feron. B\u00f6lgeyi de kendine benzetmeye \u00e7al\u0131\u015f\u0131yor. Belki bu anlamda bir \u201cmodel\u201d olabilir. Neo-Osmanl\u0131c\u0131 emperyal d\u0131\u015f politika bu ama\u00e7 i\u00e7in y\u00fcr\u00fcrl\u00fckte.Bir nevi ABD ve NATO\u2019nun getir-g\u00f6t\u00fcr i\u015flerinin y\u00fcr\u00fct\u00fclmesi anlam\u0131na geliyor. \u00d6rne\u011fin Davuto\u011flu son olarak \u0130ran\u2019a gitti. G\u00f6r\u00fcn\u00fcrde T\u00fcrkiye ad\u0131na, ger\u00e7ekte ise ABD ve NATO ad\u0131na gitti. Nitekim \u0130ran\u2019da yay\u0131nlanan \u015eark Gazetesi\u2019nin Davuto\u011flu&#8217;nun ziyaretiyle ilgili man\u015feti: \u201cArac\u0131 Tahran\u2019a geldi\u201d \u015feklindeydi. Hat\u0131rlarsan\u0131z, Davuto\u011flu Suriye ile ya\u015fanan gerginlik s\u0131ras\u0131nda da Be\u015f\u015far Esed\u2019i defalarca ziyaret etti\u011fini, ancak Esed\u2019in uyar\u0131lara kulak asmad\u0131\u011f\u0131n\u0131 s\u00f6ylemi\u015fti. Bunun \u00fczerine Esed, \u201cEvet, her geldi\u011finde bize ABD\u2019nin emirlerini iletti\u201d diye cevap verdi. Bu iki \u00f6rnek olay\u0131 b\u00fct\u00fcn\u00fcyle izah ediyor.<\/p>\n<p style=\"text-align: justify;\">Ayr\u0131ca T\u00fcrkiye\u2019nin neresi model? Adalet, e\u015fitlik, hak-hukuk, adaletli gelir da\u011f\u0131l\u0131m\u0131, insan haklar\u0131, \u00f6zg\u00fcrl\u00fckler, d\u00fc\u015f\u00fcnce ve vicdan h\u00fcrriyeti gibi konularda ne gibi bir a\u015fama kaydetmi\u015f? 12 Eyl\u00fcl d\u00f6nemini aratmayacak say\u0131da tutukla(n)ma vakas\u0131 s\u00f6z konusu. \u00dcstelik \u015fiir okudu\u011fu i\u00e7in hapse giren bir Ba\u015fbakan\u2019\u0131n ve ge\u00e7mi\u015fte benzeri s\u0131k\u0131nt\u0131lar\u0131 ya\u015fam\u0131\u015f olan iktidar kadrolar\u0131n\u0131n d\u00f6neminde. 21. y\u00fczy\u0131lda insanlar\u0131n kitap yazd\u0131klar\u0131 i\u00e7in hapse girdikleri bir \u00fclkede ya\u015f\u0131yoruz. Hi\u00e7 ku\u015fkusuz bunda Avrupa ve ABD\u2019nin b\u00fcy\u00fck pay\u0131 var. Zira Avrupa ve ABD, b\u00f6lgede kendi kontrol\u00fc alt\u0131ndaki otoriter ve totaliter rejimler sayesinde tahakk\u00fcm\u00fcn\u00fc s\u00fcrd\u00fcr\u00fcyor. Bu sayede ya\u015fad\u0131\u011f\u0131m\u0131z co\u011frafyan\u0131n yer alt\u0131 ve yer \u00fcst\u00fc zenginliklerini s\u00f6m\u00fcr\u00fcyor. D\u00fcn de \u00f6yleydi, bug\u00fcn de \u00f6yle. Sadece bu i\u015f bug\u00fcn birtak\u0131m farkl\u0131 hassasiyetleri olan kadrolar\u0131n eliyle ger\u00e7ekle\u015ftiriliyor. Bunun d\u0131\u015f\u0131nda arada hi\u00e7bir farkl\u0131l\u0131k yok. NATO \u00dcsleri \u0130zmir ve \u0130ncirlik\u2019te, F\u00fcze Kalkan\u0131 da Malatya\u2019da. De\u011fi\u015fen ne var? Eskiden F\u00fcze Kalkan\u0131 yoktu, \u015fimdi F\u00fcze Kalkan\u0131 da var. Bu bir geli\u015fme tabii. \u0130lerleme kaydedilmi\u015f(!).<\/p>\n<p style=\"text-align: justify;\"><strong>Gelinen son nokta itibariyle AKP\u2019ye umut ba\u011flam\u0131\u015f olan M\u00fcsl\u00fcmanlar\u0131n aldat\u0131ld\u0131klar\u0131n\u0131 s\u00f6yleyebilir miyiz?<\/strong><\/p>\n<p style=\"text-align: justify;\">Aldat\u0131lmak ne kelime, tarih\u00ee bir \u201cdoland\u0131r\u0131c\u0131l\u0131k\u201d vakas\u0131yla kar\u015f\u0131 kar\u015f\u0131yay\u0131z. Malum, \u201cdoland\u0131r\u0131c\u0131\u201d, \u201cbirini aldatarak onun mal\u0131n\u0131 veya paras\u0131n\u0131 alan kimse\u201ddir. Doland\u0131r\u0131c\u0131, mal\u0131n\u0131 veya paras\u0131n\u0131 ald\u0131\u011f\u0131 kimseleri pe\u015finde \u201cdoland\u0131r\u0131r\u201d. Hem iktidar hem de ikinci ve \u00fc\u00e7\u00fcnc\u00fc nesil T\u00fcrkiye \u0130slamc\u0131l\u0131\u011f\u0131, M\u00fcsl\u00fcmanlar\u0131 \u201cdoland\u0131rm\u0131\u015f\u201dt\u0131r. \u0130ktidar a\u00e7\u0131s\u0131ndan konu\u015facak olursak, s\u00f6zde ba\u011f\u0131ms\u0131z, \u00f6zg\u00fcrl\u00fck\u00e7\u00fc politikalar y\u00fcr\u00fcrl\u00fc\u011fe konulacak, i\u00e7eride ve d\u0131\u015far\u0131da T\u00fcrkiye\u2019nin sorunlar\u0131 bir bir \u00e7\u00f6z\u00fclecekti. AKP bu vaatlerle i\u015f ba\u015f\u0131na geldi ve \u00fc\u00e7 se\u00e7im arka arkaya iktidar oldu. Ancak hi\u00e7bir vaadini yerine getirmedi. Aksine d\u0131\u015far\u0131da ABD, Avrupa, dolay\u0131s\u0131yla NATO eksenli d\u0131\u015fa ba\u011f\u0131ml\u0131 politikalar\u0131 s\u00fcrd\u00fcrd\u00fc. \u0130\u00e7eride ise \u0130ttihat ve Terakki zihniyeti AKP eliyle varl\u0131\u011f\u0131n\u0131 koruyor, Kemalist icraatlar devam ediyor. Derin iradenin\/siyasetin, \u0130slamc\u0131 ge\u00e7mi\u015fi olan AK Parti eliyle sistemi iyile\u015ftirme ve devletin \u00f6mr\u00fcn\u00fc uzatma projesi ba\u015far\u0131s\u0131zl\u0131\u011fa mahk\u00fbm. Ya\u015fanan her olay T\u00fcrkiye\u2019nin sonunu haz\u0131rl\u0131yor. Kendilerini \u201c\u0130slamc\u0131\u201d olarak nitelendirenlere gelince: \u0130kinci ve \u00fc\u00e7\u00fcnc\u00fc nesil T\u00fcrkiye \u0130slamc\u0131l\u0131\u011f\u0131, \u201cTevhid, Adalet, \u00d6zg\u00fcrl\u00fck\u201d sloganlar\u0131 ve vaatleriyle yola \u00e7\u0131km\u0131\u015f, m\u00fcntesiplerini madd\u00ee-manev\u00ee her y\u00f6nden iliklerine kadar kurutmu\u015f, sonra da yar\u0131 yolda b\u0131rak\u0131p servet ve iktidar sahipleriyle i\u015fbirli\u011fi yapm\u0131\u015f, satm\u0131\u015ft\u0131r. M\u00fcntesiplerine vadetti\u011fi hi\u00e7bir \u015feyi yerine getir(e)memi\u015f, deyim yerindeyse \u201cdoland\u0131r\u0131c\u0131l\u0131k\u201d yolunu se\u00e7mi\u015ftir.<\/p>\n<p style=\"text-align: justify;\"><strong>Son olarak Uludere (Roboski) katliam\u0131n\u0131n hemen arkas\u0131ndan h\u00fck\u00fcmetin Kenan Evren ve arkada\u015flar\u0131n\u0131n yarg\u0131lanmas\u0131n\u0131 g\u00fcndeme getirmesini ve \u0130lker Ba\u015fbu\u011f\u2019un tutuklanarak hapse g\u00f6nderilmesini nas\u0131l okuyorsunuz?<\/strong><\/p>\n<p style=\"text-align: justify;\">Aynen \u00f6yle. Birincisi Kenan Evren ve arkada\u015flar\u0131n\u0131n yarg\u0131lanmalar\u0131 s\u00f6z konusu de\u011fil. Bu benim \u015fahsi g\u00f6r\u00fc\u015f\u00fcm tabii. B\u00f6yle okuyorum. \u0130kincisi, sorulmayan sorular var: \u0130lker Ba\u015fbu\u011f\u2019u tutukluyorsunuz da B\u00fcy\u00fckan\u0131t\u2019\u0131, hatta \u00c7evik Bir\u2019i ni\u00e7in tutuklam\u0131yorsunuz. 27 Nisan post-modern muht\u0131ras\u0131n\u0131 veren B\u00fcy\u00fckan\u0131t d\u0131\u015far\u0131da, Ba\u015fbu\u011f i\u00e7eride. 28 \u015eubat\u00e7\u0131lar da h\u00e2l\u00e2 orada duruyor. Kimi tutukluyorlar? 2002\u2019den sonra g\u00f6rev yapm\u0131\u015f olanlar\u0131. Ki, benim tutuklanmalar\u0131na hi\u00e7bir itiraz\u0131m yok. Her kim halk \u00fczerinde tahakk\u00fcm olu\u015fturmaya kalk\u0131\u015fm\u0131\u015f ve birtak\u0131m yap\u0131lanmalar\u0131n i\u00e7inde yer alm\u0131\u015fsa hepsi tutuklans\u0131n. Lakin g\u00fcndem sapt\u0131r\u0131l\u0131yor. Ba\u015fbu\u011f yirmi g\u00fcn \u00f6nce niye yoktu g\u00fcndemde? Uludere katliam\u0131na gelince; bu co\u011frafyada ya\u015fayan t\u00fcm halklar \u201cmalum zihniyet\u201d taraf\u0131ndan ezilmi\u015ftir, ancak zul\u00fcmden nasiplerini en fazla alanlar K\u00fcrtler olmu\u015ftur. G\u00fcneydo\u011fu (as\u0131l ad\u0131yla K\u00fcrdistan) bir viranedir, halk\u0131n\u0131n kimli\u011fi, dili, k\u00fclt\u00fcr\u00fc ve bilumum haklar\u0131 ink\u00e2r edilmi\u015f, ya\u015fam hakk\u0131 elinden al\u0131nm\u0131\u015ft\u0131r. Bu zihniyetin h\u00fck\u00fcm s\u00fcrd\u00fc\u011f\u00fc bir \u00fclkede ya\u015famak ise \u201cen tehlikeli i\u015f\u201dtir! Ve biz, b\u00f6yle bir zihniyetin h\u00fck\u00fcm s\u00fcrd\u00fc\u011f\u00fc bir \u00fclkede ya\u015f\u0131yoruz. Devlet, k\u00fc\u00e7\u00fck bir az\u0131nl\u0131k d\u0131\u015f\u0131nda toplumun hemen her kesimini kendisi i\u00e7in tehlike olarak g\u00f6r\u00fcyor. Mevcut devlet akl\u0131na g\u00f6re herkes tehlike.<\/p>\n<p style=\"text-align: justify;\">Uludere\u2019de \u201cdemokratik bombalar\u201dla \u201cdemokratik bir bombalama eylemi\u201d ger\u00e7ekle\u015ftirildi. Kafalar\u0131n\u0131 kuma g\u00f6menlerin yakla\u015f\u0131mlar\u0131 ise utan\u00e7 verici. \u015eunu rahatl\u0131kla s\u00f6yleyebiliriz ki, a\u00e7\u0131k\u00e7a bir devlet tasallutu, devlet diktas\u0131, devlet ter\u00f6r\u00fc ve devlet katliam\u0131yla kar\u015f\u0131 kar\u015f\u0131yay\u0131z. B\u00f6yle bir \u00fclkede herkes bir g\u00fcn \u201cyanl\u0131\u015fl\u0131kla\u201d \u00f6ld\u00fcr\u00fclebilir! Katliam bir devlet gelene\u011fi! Ve bu, sadece bu topraklara \u00f6zg\u00fc bir durum de\u011fil. D\u00fcnyan\u0131n her yerinde bu i\u015f b\u00f6yle.<\/p>\n<p style=\"text-align: justify;\"><strong>Atilla Fikri Ergun kimdir?<\/strong><\/p>\n<p style=\"text-align: justify;\">1974 y\u0131l\u0131nda \u0130stanbul`da do\u011fdu. Beyan, G\u00fclistan, De\u011firmen ve Basiret dergilerinde ve \u0130slami i\u00e7erikli \u00e7e\u015fitli internet sitelerinde 100\u2019\u00fc a\u015fk\u0131n makale yazd\u0131. 2009 y\u0131l\u0131nda Beyan Dergisi\u2019nin Genel Yay\u0131n Y\u00f6netmenli\u011fini yapt\u0131. \u00d6zg\u00fcn Duru\u015f Gazetesinde Yay\u0131n Edit\u00f6rl\u00fc\u011f\u00fc g\u00f6revinde bulundu ve haber-analiz yaz\u0131lar\u0131 yazd\u0131. 2010 y\u0131l\u0131nda Adilmedya.com\u2019un Genel Yay\u0131n Y\u00f6netmenli\u011fini yapt\u0131. Yazar halen serbest olarak \u00e7al\u0131\u015f\u0131yor ve Analizmerkezi.com\u2019da yaz\u0131yor.<\/p>\n<p style=\"text-align: justify;\"><em>S\u00f6yle\u015fi: Ahmet K\u00fclsoy<\/em><\/p>\n<p style=\"text-align: justify;\"><a href=\"http:\/\/www.birgun.net\/politics_index.php?news_code=1326361867&amp;year=2012&amp;month=01&amp;day=12\" target=\"_blank\">Kaynak : B\u0130RG\u00dcN<\/a><\/p>\n","protected":false},"excerpt":{"rendered":"<p style=\"text-align: center;\">\n<p style=\"text-align: justify;\">\u0130slamc\u0131 yazar Atilla Fikri Ergun g\u00fcndemi BirG\u00fcn\u2019e de\u011ferlendirdi.<\/p>\n<p style=\"text-align: justify;\">Ergun, T\u00fcrkiye\u2019de bug\u00fcn ad\u0131na \u201cyeni\u201d denen her \u015feyin asl\u0131nda eskisinin devam\u0131 oldu\u011funu, T\u00fcrkiye\u2019nin \u201cmodel \u00fclke\u201d olarak de\u011fil, ancak \u201cmodern s\u00f6m\u00fcrge\u201d olarak nitelendirebilece\u011fini s\u00f6yl\u00fcyor. Ergun\u2019a g\u00f6re, T\u00fcrkiye\u2019de Okyanus \u00f6tesi eksenli Teo-Fa\u015fist ve Teo-Kapitalist NATO\u2019cu \u0130slamc\u0131l\u0131k s\u00f6z konusu. <\/p>\n","protected":false},"author":1,"featured_media":0,"comment_status":"open","ping_status":"open","sticky":false,"template":"","format":"standard","meta":{"footnotes":""},"categories":[105],"tags":[],"class_list":["post-46158","post","type-post","status-publish","format-standard","hentry","category-gundem","odd"],"_links":{"self":[{"href":"http:\/\/www.korhanyilmaz.com\/index.php?rest_route=\/wp\/v2\/posts\/46158","targetHints":{"allow":["GET"]}}],"collection":[{"href":"http:\/\/www.korhanyilmaz.com\/index.php?rest_route=\/wp\/v2\/posts"}],"about":[{"href":"http:\/\/www.korhanyilmaz.com\/index.php?rest_route=\/wp\/v2\/types\/post"}],"author":[{"embeddable":true,"href":"http:\/\/www.korhanyilmaz.com\/index.php?rest_route=\/wp\/v2\/users\/1"}],"replies":[{"embeddable":true,"href":"http:\/\/www.korhanyilmaz.com\/index.php?rest_route=%2Fwp%2Fv2%2Fcomments&post=46158"}],"version-history":[{"count":0,"href":"http:\/\/www.korhanyilmaz.com\/index.php?rest_route=\/wp\/v2\/posts\/46158\/revisions"}],"wp:attachment":[{"href":"http:\/\/www.korhanyilmaz.com\/index.php?rest_route=%2Fwp%2Fv2%2Fmedia&parent=46158"}],"wp:term":[{"taxonomy":"category","embeddable":true,"href":"http:\/\/www.korhanyilmaz.com\/index.php?rest_route=%2Fwp%2Fv2%2Fcategories&post=46158"},{"taxonomy":"post_tag","embeddable":true,"href":"http:\/\/www.korhanyilmaz.com\/index.php?rest_route=%2Fwp%2Fv2%2Ftags&post=46158"}],"curies":[{"name":"wp","href":"https:\/\/api.w.org\/{rel}","templated":true}]}}