{"id":46154,"date":"2012-01-12T21:43:01","date_gmt":"2012-01-12T19:43:01","guid":{"rendered":"http:\/\/www.korhanyilmaz.com\/?p=46154"},"modified":"2012-01-13T09:46:28","modified_gmt":"2012-01-13T07:46:28","slug":"uludere-katliaminin-arkasinda-abd-var","status":"publish","type":"post","link":"http:\/\/www.korhanyilmaz.com\/?p=46154","title":{"rendered":"&#8216;Uludere Katliam\u0131&#8217;n\u0131n arkas\u0131nda ABD var&#8217;"},"content":{"rendered":"<p style=\"text-align: center;\"><a href=\"http:\/\/www.korhanyilmaz.com\/wp-content\/uploads\/2012\/01\/9105.jpg\"  class=\"lightview\"><img loading=\"lazy\" decoding=\"async\" class=\"aligncenter  wp-image-46155\" src=\"http:\/\/www.korhanyilmaz.com\/wp-content\/uploads\/2012\/01\/9105.jpg\" alt=\"\" width=\"360\" height=\"224\" \/><\/a><\/p>\n<p style=\"text-align: justify;\">BDP, Uludere Katliam\u0131\u2019na tepki g\u00f6stermek i\u00e7in ABD Ba\u015fkonsoloslu\u011fu \u00f6n\u00fcne gelerek, &#8220;Katil ABD, \u0130\u015fbirlik\u00e7i AKP&#8221; slogan\u0131yla siyah \u00e7elenk b\u0131rakt\u0131. ABD Ba\u015fkan\u0131 Barack Obama\u2019ya da mektup g\u00f6nderildi.<\/p>\n<p style=\"text-align: justify;\">Uludere Katliam\u0131\u2019n\u0131n ard\u0131ndan tepki eylemleri devam ediyor. BDP, \u0130stanbul\u2019daki ABD Ba\u015fkonsoloslu\u011fu\u2019na, \u201cUludere katliam\u0131n\u0131n su\u00e7 orta\u011f\u0131 ABD\u2019dir\u201d, \u201cBu katliam sizi de yakar\u201d d\u00f6vizleriyle gelerek eylem ger\u00e7ekle\u015ftirdi.<!--more--><\/p>\n<p style=\"text-align: justify;\">\u00c7evik kuvvet ekiplerinin yo\u011fun g\u00fcvenlik \u00f6nlemi ald\u0131\u011f\u0131 g\u00f6r\u00fcl\u00fcrken konsolusluk \u00f6n\u00fcnde eylem yapmak isteyen BDP\u2019lilere izin verilmedi. Konsoloslu\u011fun 200 metre gerisinde eylem yapabileceklerini s\u00f6yleyen emniyet ekipleriyle k\u0131sa s\u00fcreli gerilim ya\u015fayan BDP \u00fcyeleri ad\u0131na BDP \u0130stanbul \u0130l E\u015fba\u015fkan\u0131 Asiye Kol\u00e7ak s\u00f6z alarak bas\u0131n a\u00e7\u0131klamas\u0131n\u0131 ger\u00e7ekle\u015ftirdi.<\/p>\n<p style=\"text-align: justify;\"><strong>&#8220;ABD insans\u0131z hava ara\u00e7lar\u0131yla destek verdi&#8221;<\/strong><\/p>\n<p style=\"text-align: justify;\">Uludere Katliam\u0131\u2019n\u0131n hesab\u0131n\u0131n sorulmad\u0131\u011f\u0131n\u0131 s\u00f6yleyen Kol\u00e7ak, katliam\u0131 hafife alan a\u00e7\u0131klamalar\u0131n insan\u0131m diyen herkesin vicdan\u0131n\u0131 s\u0131zlatt\u0131\u011f\u0131n\u0131 s\u00f6yledi. Katliam\u0131n organizeli, planl\u0131 ger\u00e7ekle\u015fti\u011fini s\u00f6yleyen Kol\u00e7ak, sadece AKP\u2019nin ve ordunun de\u011fil ba\u015fta emperyalistlerin ve ABD\u2019nin katliamda sorumlu oldu\u011funu ifade etti. ABD\u2019nin insans\u0131z hava ara\u00e7lar\u0131yla destek verdi\u011fini belirten Kol\u00e7ak, \u201cBu katliam\u0131n arkas\u0131nda ABD var\u201d dedi.<\/p>\n<p style=\"text-align: justify;\"><strong>&#8220;K\u00fcrt halk\u0131ndan \u00f6z\u00fcr dilenmeli&#8221;<\/strong><\/p>\n<p style=\"text-align: justify;\">Her \u00e7\u00f6z\u00fcms\u00fcz politikan\u0131n arkas\u0131nda yerli i\u015fbirlik\u00e7ilerin oldu\u011funu ifade eden Kol\u00e7ak, ABD\u2019nin d\u00fcnya insanl\u0131\u011f\u0131 \u00f6n\u00fcnde hesap vermesi, kanl\u0131 politikalar\u0131ndan vazge\u00e7mesi gerekti\u011fini vurgulayarak, \u201cBu katliam\u0131n arkas\u0131nda bulunan g\u00fc\u00e7lerin te\u015fhir edilmesi ve K\u00fcrt halk\u0131ndan \u00f6z\u00fcr dilenmesi gerekiyor\u201d diye konu\u015ftu. Kol\u00e7ak, insanl\u0131ktan yana olan herkesin bu katliama kar\u015f\u0131 sessiz kalmamas\u0131 y\u00f6n\u00fcnde \u00e7a\u011fr\u0131 yapt\u0131.<\/p>\n<p style=\"text-align: justify;\"><strong>Obama\u2019ya mektup g\u00f6nderildi<\/strong><\/p>\n<p style=\"text-align: justify;\">A\u00e7\u0131klaman\u0131n ard\u0131ndan BDP heyeti, ABD Ba\u015fkonsoloslu\u011fu \u00f6n\u00fcne gelerek \u00fczerinde \u201cRoboski katliam\u0131n\u0131n sorumlular\u0131n\u0131 lanetliyoruz\u201d yaz\u0131l\u0131 siyah bir \u00e7elenk b\u0131rakt\u0131. ABD Ba\u015fkan\u0131 Obama\u2019ya da bir mektup g\u00f6nderen BDP, mektupta katliam\u0131n arkas\u0131nda ABD\u2019nin oldu\u011funu vurgulayarak tepkisiz kalmayacaklar\u0131n\u0131 belirtti. ( soL )<\/p>\n<p style=\"text-align: justify;\"><a href=\"http:\/\/www.birgun.net\/actuels_index.php?news_code=1326380647&amp;year=2012&amp;month=01&amp;day=12\" target=\"_blank\">Kaynak : B\u0130RG\u00dcN<\/a><\/p>\n","protected":false},"excerpt":{"rendered":"<p style=\"text-align: center;\">\n<p style=\"text-align: justify;\">BDP, Uludere Katliam\u0131\u2019na tepki g\u00f6stermek i\u00e7in ABD Ba\u015fkonsoloslu\u011fu \u00f6n\u00fcne gelerek, &#8220;Katil ABD, \u0130\u015fbirlik\u00e7i AKP&#8221; slogan\u0131yla siyah \u00e7elenk b\u0131rakt\u0131. ABD Ba\u015fkan\u0131 Barack Obama\u2019ya da mektup g\u00f6nderildi.<\/p>\n<p style=\"text-align: justify;\">Uludere Katliam\u0131\u2019n\u0131n ard\u0131ndan tepki eylemleri devam ediyor. BDP, \u0130stanbul\u2019daki ABD Ba\u015fkonsoloslu\u011fu\u2019na, \u201cUludere katliam\u0131n\u0131n su\u00e7 orta\u011f\u0131 ABD\u2019dir\u201d, \u201cBu katliam sizi de yakar\u201d d\u00f6vizleriyle gelerek <\/p>\n","protected":false},"author":1,"featured_media":0,"comment_status":"open","ping_status":"open","sticky":false,"template":"","format":"standard","meta":{"footnotes":""},"categories":[105],"tags":[],"class_list":["post-46154","post","type-post","status-publish","format-standard","hentry","category-gundem","odd"],"_links":{"self":[{"href":"http:\/\/www.korhanyilmaz.com\/index.php?rest_route=\/wp\/v2\/posts\/46154","targetHints":{"allow":["GET"]}}],"collection":[{"href":"http:\/\/www.korhanyilmaz.com\/index.php?rest_route=\/wp\/v2\/posts"}],"about":[{"href":"http:\/\/www.korhanyilmaz.com\/index.php?rest_route=\/wp\/v2\/types\/post"}],"author":[{"embeddable":true,"href":"http:\/\/www.korhanyilmaz.com\/index.php?rest_route=\/wp\/v2\/users\/1"}],"replies":[{"embeddable":true,"href":"http:\/\/www.korhanyilmaz.com\/index.php?rest_route=%2Fwp%2Fv2%2Fcomments&post=46154"}],"version-history":[{"count":0,"href":"http:\/\/www.korhanyilmaz.com\/index.php?rest_route=\/wp\/v2\/posts\/46154\/revisions"}],"wp:attachment":[{"href":"http:\/\/www.korhanyilmaz.com\/index.php?rest_route=%2Fwp%2Fv2%2Fmedia&parent=46154"}],"wp:term":[{"taxonomy":"category","embeddable":true,"href":"http:\/\/www.korhanyilmaz.com\/index.php?rest_route=%2Fwp%2Fv2%2Fcategories&post=46154"},{"taxonomy":"post_tag","embeddable":true,"href":"http:\/\/www.korhanyilmaz.com\/index.php?rest_route=%2Fwp%2Fv2%2Ftags&post=46154"}],"curies":[{"name":"wp","href":"https:\/\/api.w.org\/{rel}","templated":true}]}}