{"id":46150,"date":"2012-01-12T16:38:56","date_gmt":"2012-01-12T14:38:56","guid":{"rendered":"http:\/\/www.korhanyilmaz.com\/?p=46150"},"modified":"2012-01-13T09:41:49","modified_gmt":"2012-01-13T07:41:49","slug":"bu-karar-cok-tartisilacak","status":"publish","type":"post","link":"http:\/\/www.korhanyilmaz.com\/?p=46150","title":{"rendered":"Bu karar \u00e7ok tart\u0131\u015f\u0131lacak"},"content":{"rendered":"<p style=\"text-align: center;\"><a href=\"http:\/\/www.korhanyilmaz.com\/wp-content\/uploads\/2012\/01\/9104.jpg\"  class=\"lightview\"><img loading=\"lazy\" decoding=\"async\" class=\"aligncenter  wp-image-46151\" src=\"http:\/\/www.korhanyilmaz.com\/wp-content\/uploads\/2012\/01\/9104.jpg\" alt=\"\" width=\"396\" height=\"180\" \/><\/a><\/p>\n<p style=\"text-align: justify;\">Milli E\u011fitim Bakanl\u0131\u011f\u0131&#8217;ndan 19 May\u0131s Atat\u00fcrk&#8217;\u00fc Anma Gen\u00e7lik ve Spor Bayram\u0131 kutlamalar\u0131 ile ilgili tart\u0131\u015fmal\u0131 karar.<\/p>\n<p style=\"text-align: justify;\">ANKARA- Milli E\u011fitim Bakanl\u0131\u011f\u0131 Orta \u00d6\u011fretim Genel M\u00fcd\u00fcrl\u00fc\u011f\u00fc, 81 ilin milli e\u011fitim m\u00fcd\u00fcrl\u00fcklerine g\u00f6nderdi\u011fi yaz\u0131 ile 19 May\u0131s Atat\u00fcrk&#8217;\u00fc Anma, Gen\u00e7lik ve Spor Bayram\u0131 t\u00f6renlerinde, y\u00f6netmelikte yer almayan senaryo, de\u011fi\u015fik renk ve nitelikte g\u00f6steri ve fon \u00e7al\u0131\u015fmalar\u0131 gibi etkinliklere yer verilmemesini, kutlamalar\u0131n sadece okullarda yap\u0131lmas\u0131n\u0131 istedi.\u00a0<!--more--><\/p>\n<p style=\"text-align: justify;\">M\u00fcste\u015far Emin Zarars\u0131z&#8217;\u0131n, Milli E\u011fitim Bakan\u0131 \u00d6mer Din\u00e7er ad\u0131na \u0130l Milli E\u011fitim m\u00fcd\u00fcrl\u00fcklerine d\u00fcn g\u00f6nderdi\u011fi yaz\u0131da, 1 Ekim 1981 tarihli &#8216;Ulusal ve Resmi Bayramlarda Yap\u0131lacak T\u00f6renler Y\u00f6netmeli\u011fi&#8217; h\u00fck\u00fcmlerinde, Atat\u00fcrk&#8217;\u00fc Anma, Gen\u00e7lik ve Spor Bayram\u0131&#8217;n\u0131n Ba\u015fkent Ankara ve di\u011fer illerde nas\u0131l kutlanaca\u011f\u0131, g\u00f6sterilerin nas\u0131l yap\u0131laca\u011f\u0131n\u0131n belirtildi\u011fi hat\u0131rlat\u0131ld\u0131. Kutlamalar\u0131n kanun ve y\u00f6netmelikte yer almayan baz\u0131 i\u00e7eriklerle ger\u00e7ekle\u015ftirildi\u011finin g\u00f6r\u00fcld\u00fc\u011f\u00fc ifade edilen yaz\u0131da, yine kanun ve y\u00f6netmelikte, kutlamalar\u0131n \u00f6\u011frencilerin kat\u0131l\u0131m\u0131yla yap\u0131laca\u011f\u0131na dair bir h\u00fckm\u00fcn bulunmad\u0131\u011f\u0131 kaydedildi. Yaz\u0131da \u015f\u00f6yle denildi:<\/p>\n<p style=\"text-align: justify;\">&#8220;Kutlama t\u00f6renlerinin haz\u0131rl\u0131k d\u00f6neminin mevsim olarak so\u011fuk bir zamana denk gelmesi nedeniyle sa\u011fl\u0131k sorunlar\u0131na yol a\u00e7mas\u0131na, \u00e7al\u0131\u015fma s\u00fcresinin uzun olmas\u0131 nedeniyle \u00f6\u011frencilerin derslere ilgisinin azalmas\u0131na, motivasyonlar\u0131n\u0131n d\u00fc\u015fmesine, g\u00f6n\u00fcll\u00fc olmayan \u00f6\u011frenci velilerinin okullarla olan ili\u015fkilerinin bozulmas\u0131na sebep oldu\u011fu y\u00f6n\u00fcnde duyumlar al\u0131nmaktad\u0131r.&#8221;<\/p>\n<p style=\"text-align: justify;\"><strong>ANKARA DI\u015eINDA OKULLARDA KUTLANACAK<\/strong><\/p>\n<p style=\"text-align: justify;\">Yaz\u0131da, il ve il\u00e7elerde yap\u0131lacak Atat\u00fcrk&#8217;\u00fc Anma, Gen\u00e7lik ve Spor Bayram\u0131 t\u00f6renlerinin, y\u00f6netmelik h\u00fck\u00fcmlerine ayk\u0131r\u0131 olmamak kayd\u0131yla ve e\u011fitim \u00f6\u011fretimin aksat\u0131lmamas\u0131n\u0131 teminen, mevzuat\u0131nda belirtildi\u011fi gibi t\u00fcm gen\u00e7li\u011fin dahil edilece\u011fi bir formatta ger\u00e7ekle\u015ftirilmesinin uygun g\u00f6r\u00fcld\u00fc\u011f\u00fc belirtildi. Yaz\u0131da, \u015fu ifadelere yer verildi:<\/p>\n<p style=\"text-align: justify;\">&#8220;Bununla birlikte, g\u00fcn\u00fcn anlam ve \u00f6nemi ile uygun kutlamalar\u0131n okullar\u0131m\u0131zda ve \u00f6\u011frencilerimizin kat\u0131l\u0131m\u0131yla icra edilmesine devam edilecektir. Ba\u015fkent d\u0131\u015f\u0131ndaki il ve il\u00e7elerimizde y\u00f6netmelikte yer almayan senaryo, de\u011fi\u015fik renk ve nitelik arz eden g\u00f6steri ve fon \u00e7al\u0131\u015fmalar\u0131 gibi etkinliklere yer verilmemesi, bu kapsamda il ve il\u00e7e kutlama komiteleri taraf\u0131ndan gerekli tedbirlerin al\u0131narak \u00e7al\u0131\u015fmalar\u0131n an\u0131lan y\u00f6netmelik h\u00fck\u00fcmleri uyar\u0131nca y\u00fcr\u00fct\u00fclmesi hususunda gere\u011fini rica ederim.&#8221;<\/p>\n<p style=\"text-align: justify;\"><strong>E\u011e\u0130T\u0130M- SEN&#8217;DEN TEPK\u0130<\/strong><\/p>\n<p style=\"text-align: justify;\">Beden e\u011fitimi \u00f6\u011fretmenlerinin ortak kulland\u0131\u011f\u0131 internet sitesi dahil baz\u0131 sitelerde payla\u015f\u0131lan bakanl\u0131\u011f\u0131n yaz\u0131s\u0131, tepkilere neden oldu. E\u011fitim- Sen Zonguldak \u015eube Ba\u015fkan\u0131 Mehmet Dalg\u0131\u00e7, b\u00fct\u00fcn il milli e\u011fitim m\u00fcd\u00fcrl\u00fcklerine g\u00f6nderilen yaz\u0131 ile statlarda yap\u0131lan Atat\u00fcrk&#8217;\u00fc Anma, Gen\u00e7lik ve Spor Bayram\u0131 kutlamalar\u0131n\u0131n kald\u0131r\u0131ld\u0131\u011f\u0131n\u0131 s\u00f6yledi. Dalg\u0131\u00e7, \u015f\u00f6yle konu\u015ftu:<\/p>\n<p style=\"text-align: justify;\">&#8220;Bayram co\u015fkusu bir tek Ankara&#8217;da m\u0131 ya\u015fanacak? Milli E\u011fitim Bakanl\u0131\u011f\u0131, ad\u0131m ad\u0131m e\u011fitimi gericile\u015ftiriyor. Milli bayramlar\u0131n kapsam\u0131n\u0131n daralt\u0131lmas\u0131n\u0131n alt\u0131nda da bu var. Milli bayramlar\u0131 bu \u015fekilde ad\u0131m ad\u0131m unutturmaya \u00e7al\u0131\u015f\u0131yorlar. Cumhuriyetin getirdi\u011fi yenilikleri yava\u015f yava\u015f unutturuyorlar. Bunu kabul etmek m\u00fcmk\u00fcn de\u011fil.&#8221;<\/p>\n<p style=\"text-align: justify;\"><strong>BAKANLIKTAN A\u00c7IKLAMA<\/strong><\/p>\n<p style=\"text-align: justify;\">Milli E\u011fitim Bakanl\u0131\u011f\u0131 M\u00fcste\u015far Yard\u0131mc\u0131s\u0131 Salih \u00c7elik&#8217;ten de konuyla ilgii bir a\u00e7\u0131klama geldi.<\/p>\n<p style=\"text-align: justify;\">Cumhurba\u015fkanl\u0131\u011f\u0131 Genel Sekreterli\u011finin ba\u015fkanl\u0131\u011f\u0131nda 11 Ocak 2012&#8217;de Ba\u015fbakanl\u0131k, Genelkurmay Ba\u015fkanl\u0131\u011f\u0131, D\u0131\u015fi\u015fleri Bakanl\u0131\u011f\u0131, Gen\u00e7lik ve Spor Bakanl\u0131\u011f\u0131, \u0130\u00e7i\u015fleri Bakanl\u0131\u011f\u0131, K\u00fclt\u00fcr ve Turizm Bakanl\u0131\u011f\u0131 ve Milli E\u011fitim Bakanl\u0131\u011f\u0131 temsilcileri ile toplant\u0131 yap\u0131ld\u0131\u011f\u0131n\u0131 anlatan \u00c7elik, konuyla ilgili \u00e7al\u0131\u015fmalar\u0131n s\u00fcrd\u00fc\u011f\u00fcn\u00fc s\u00f6yledi.<\/p>\n<p style=\"text-align: justify;\">\u00c7elik, \u015funlar\u0131 kaydetti:<\/p>\n<p style=\"text-align: justify;\">&#8221;Toplant\u0131daki ama\u00e7, kutlamalar\u0131n ithaf edildi\u011fi kesimlerin do\u011frudan kat\u0131l\u0131m\u0131n\u0131 sa\u011flamak, daha co\u015fkulu daha anlam\u0131na uygun bir konseptte uygulamalar\u0131n y\u00fcr\u00fct\u00fclmesidir. Bu \u00e7al\u0131\u015fmalar ba\u015flam\u0131\u015fken \u00e7al\u0131\u015fmalar sonu\u00e7lan\u0131ncaya kadar net olarak genelgemizde &#8216;Kanun ve y\u00f6netmeliklerde \u00f6ng\u00f6r\u00fclenlerin d\u0131\u015f\u0131nda ilave, geleneksel ya da adet haline getirilmi\u015f uygulamalarla hem \u00f6\u011frencilere hem vatanda\u015flara ilave y\u00fck ya da s\u0131k\u0131nt\u0131 getirmeyelim&#8217; dedik.&#8221;<\/p>\n<p style=\"text-align: justify;\">Genelgenin bunu illere hat\u0131rlatmak amac\u0131yla g\u00f6nderildi\u011fini belirten \u00c7elik, ayr\u0131ca genelgede kutlamalar\u0131n y\u00f6netmeli\u011fe uygun \u015fekilde yap\u0131lmas\u0131n\u0131n istendi\u011fini s\u00f6yledi.<\/p>\n<p style=\"text-align: justify;\">\u00c7elik, &#8221;Bu genelgemizi yanl\u0131\u015f yorumlam\u0131\u015f olabilirler. Bizim genelgemizin temel esprisi Cumhurba\u015fkanl\u0131\u011f\u0131ndaki \u00e7al\u0131\u015fmalar sona erene kadar mevcut kanun ve y\u00f6netmelikte ne diyorsa ona ili\u015fkin uygulamalar\u0131n yap\u0131lmas\u0131d\u0131r&#8221; dedi.<\/p>\n<p style=\"text-align: justify;\">\u00c7elik, Cumhurba\u015fkanl\u0131\u011f\u0131ndaki \u00e7al\u0131\u015fmalar\u0131n t\u00fcm ulusal bayram kutlamalar\u0131na ili\u015fkin oldu\u011funu da kaydetti.<\/p>\n<p style=\"text-align: justify;\"><a href=\"http:\/\/www.gazeteport.com.tr\/haber\/73338\/bu_karar_cok_tartisilacak\" target=\"_blank\">Kaynak : GAZETEPORT<\/a><\/p>\n","protected":false},"excerpt":{"rendered":"<p style=\"text-align: center;\">\n<p style=\"text-align: justify;\">Milli E\u011fitim Bakanl\u0131\u011f\u0131&#8217;ndan 19 May\u0131s Atat\u00fcrk&#8217;\u00fc Anma Gen\u00e7lik ve Spor Bayram\u0131 kutlamalar\u0131 ile ilgili tart\u0131\u015fmal\u0131 karar.<\/p>\n<p style=\"text-align: justify;\">ANKARA- Milli E\u011fitim Bakanl\u0131\u011f\u0131 Orta \u00d6\u011fretim Genel M\u00fcd\u00fcrl\u00fc\u011f\u00fc, 81 ilin milli e\u011fitim m\u00fcd\u00fcrl\u00fcklerine g\u00f6nderdi\u011fi yaz\u0131 ile 19 May\u0131s Atat\u00fcrk&#8217;\u00fc Anma, Gen\u00e7lik ve Spor Bayram\u0131 t\u00f6renlerinde, y\u00f6netmelikte yer almayan senaryo, de\u011fi\u015fik renk ve <\/p>\n","protected":false},"author":1,"featured_media":0,"comment_status":"open","ping_status":"open","sticky":false,"template":"","format":"standard","meta":{"footnotes":""},"categories":[105],"tags":[],"class_list":["post-46150","post","type-post","status-publish","format-standard","hentry","category-gundem","odd"],"_links":{"self":[{"href":"http:\/\/www.korhanyilmaz.com\/index.php?rest_route=\/wp\/v2\/posts\/46150","targetHints":{"allow":["GET"]}}],"collection":[{"href":"http:\/\/www.korhanyilmaz.com\/index.php?rest_route=\/wp\/v2\/posts"}],"about":[{"href":"http:\/\/www.korhanyilmaz.com\/index.php?rest_route=\/wp\/v2\/types\/post"}],"author":[{"embeddable":true,"href":"http:\/\/www.korhanyilmaz.com\/index.php?rest_route=\/wp\/v2\/users\/1"}],"replies":[{"embeddable":true,"href":"http:\/\/www.korhanyilmaz.com\/index.php?rest_route=%2Fwp%2Fv2%2Fcomments&post=46150"}],"version-history":[{"count":0,"href":"http:\/\/www.korhanyilmaz.com\/index.php?rest_route=\/wp\/v2\/posts\/46150\/revisions"}],"wp:attachment":[{"href":"http:\/\/www.korhanyilmaz.com\/index.php?rest_route=%2Fwp%2Fv2%2Fmedia&parent=46150"}],"wp:term":[{"taxonomy":"category","embeddable":true,"href":"http:\/\/www.korhanyilmaz.com\/index.php?rest_route=%2Fwp%2Fv2%2Fcategories&post=46150"},{"taxonomy":"post_tag","embeddable":true,"href":"http:\/\/www.korhanyilmaz.com\/index.php?rest_route=%2Fwp%2Fv2%2Ftags&post=46150"}],"curies":[{"name":"wp","href":"https:\/\/api.w.org\/{rel}","templated":true}]}}