{"id":46145,"date":"2012-01-12T15:38:04","date_gmt":"2012-01-12T13:38:04","guid":{"rendered":"http:\/\/www.korhanyilmaz.com\/?p=46145"},"modified":"2012-01-13T09:38:02","modified_gmt":"2012-01-13T07:38:02","slug":"inanilmaz-kaza","status":"publish","type":"post","link":"http:\/\/www.korhanyilmaz.com\/?p=46145","title":{"rendered":"\u0130nan\u0131lmaz kaza"},"content":{"rendered":"<p style=\"text-align: center;\"><a href=\"http:\/\/www.korhanyilmaz.com\/wp-content\/uploads\/2012\/01\/9103.jpg\"  class=\"lightview\"><img loading=\"lazy\" decoding=\"async\" class=\"aligncenter  wp-image-46147\" src=\"http:\/\/www.korhanyilmaz.com\/wp-content\/uploads\/2012\/01\/9103.jpg\" alt=\"\" width=\"396\" height=\"180\" \/><\/a><\/p>\n<p style=\"text-align: justify;\">Milli sporcumuz Asl\u0131 Nemutlu yar\u0131\u015flara haz\u0131rlan\u0131rken d\u00fc\u015f\u00fcp \u00f6ld\u00fc.<\/p>\n<p style=\"text-align: justify;\">ERZURUM &#8211; Kayak Milli Tak\u0131m sporcusu 18 ya\u015f\u0131ndaki Asl\u0131 Nemutlu bu sabah antrenman s\u0131ras\u0131nda pistte d\u00fc\u015f\u00fcp boynunu k\u0131rd\u0131 ve kald\u0131r\u0131ld\u0131\u011f\u0131 hastanede ya\u015fam\u0131n\u0131 yitirdi.<!--more--><\/p>\n<p style=\"text-align: justify;\">Olay, Erzurum&#8217;un Paland\u00f6ken&#8217;den sonra ikinci kayak merkezi olan Konakl\u0131&#8217;da saat 10.00 s\u0131ralar\u0131nda meydana geldi.<\/p>\n<p style=\"text-align: justify;\"><strong>ASLI NEMUTLU HAYATINI KAYBETT\u0130\u00a0<\/strong><\/p>\n<p style=\"text-align: justify;\">Olay, Erzurum\u2019un Paland\u00f6ken\u2019den sonra ikinci kayak merkezi olan Konakl\u0131\u2019da saat 10.00 s\u0131ralar\u0131nda meydana geldi. Alp disiplini kayak yar\u0131\u015fmalar\u0131 i\u00e7in Erzurum\u2019a gelen Kayak Milli Tak\u0131m\u0131 sporcular\u0131 bu sabah haz\u0131rl\u0131k antrenman\u0131 i\u00e7in piste \u00e7\u0131kt\u0131. Kayak\u00e7\u0131lardan \u0130stanbul\u2019da \u00f6\u011frenci olan Asl\u0131 Nemutlu pistte kayarken, aya\u011f\u0131ndan kayak \u00e7\u0131kt\u0131. Dengesini kaybederek piste d\u00fc\u015f\u00fcp metrelerce s\u00fcr\u00fcklenen ve a\u011f\u0131r yaralanan Asl\u0131 Nemutlu, hemen Erzurum B\u00f6lge E\u011fitim ve Ara\u015ft\u0131rma Hastanesi\u2019ne kald\u0131r\u0131ld\u0131. Asl\u0131 Nemutlu, doktorlar\u0131n t\u00fcm \u00e7abas\u0131na kar\u015f\u0131n ya\u015fam\u0131n\u0131 yitirdi.<\/p>\n<p style=\"text-align: justify;\"><a href=\"http:\/\/www.gazeteport.com.tr\/haber\/73328\/inanilmaz_kaza\" target=\"_blank\">Kaynak : GAZETEPODRT<\/a><\/p>\n","protected":false},"excerpt":{"rendered":"<p style=\"text-align: center;\">\n<p style=\"text-align: justify;\">Milli sporcumuz Asl\u0131 Nemutlu yar\u0131\u015flara haz\u0131rlan\u0131rken d\u00fc\u015f\u00fcp \u00f6ld\u00fc.<\/p>\n<p style=\"text-align: justify;\">ERZURUM &#8211; Kayak Milli Tak\u0131m sporcusu 18 ya\u015f\u0131ndaki Asl\u0131 Nemutlu bu sabah antrenman s\u0131ras\u0131nda pistte d\u00fc\u015f\u00fcp boynunu k\u0131rd\u0131 ve kald\u0131r\u0131ld\u0131\u011f\u0131 hastanede ya\u015fam\u0131n\u0131 yitirdi.<\/p>\n","protected":false},"author":1,"featured_media":0,"comment_status":"open","ping_status":"open","sticky":false,"template":"","format":"standard","meta":{"footnotes":""},"categories":[105],"tags":[],"class_list":["post-46145","post","type-post","status-publish","format-standard","hentry","category-gundem","odd"],"_links":{"self":[{"href":"http:\/\/www.korhanyilmaz.com\/index.php?rest_route=\/wp\/v2\/posts\/46145","targetHints":{"allow":["GET"]}}],"collection":[{"href":"http:\/\/www.korhanyilmaz.com\/index.php?rest_route=\/wp\/v2\/posts"}],"about":[{"href":"http:\/\/www.korhanyilmaz.com\/index.php?rest_route=\/wp\/v2\/types\/post"}],"author":[{"embeddable":true,"href":"http:\/\/www.korhanyilmaz.com\/index.php?rest_route=\/wp\/v2\/users\/1"}],"replies":[{"embeddable":true,"href":"http:\/\/www.korhanyilmaz.com\/index.php?rest_route=%2Fwp%2Fv2%2Fcomments&post=46145"}],"version-history":[{"count":0,"href":"http:\/\/www.korhanyilmaz.com\/index.php?rest_route=\/wp\/v2\/posts\/46145\/revisions"}],"wp:attachment":[{"href":"http:\/\/www.korhanyilmaz.com\/index.php?rest_route=%2Fwp%2Fv2%2Fmedia&parent=46145"}],"wp:term":[{"taxonomy":"category","embeddable":true,"href":"http:\/\/www.korhanyilmaz.com\/index.php?rest_route=%2Fwp%2Fv2%2Fcategories&post=46145"},{"taxonomy":"post_tag","embeddable":true,"href":"http:\/\/www.korhanyilmaz.com\/index.php?rest_route=%2Fwp%2Fv2%2Ftags&post=46145"}],"curies":[{"name":"wp","href":"https:\/\/api.w.org\/{rel}","templated":true}]}}