{"id":46141,"date":"2012-01-12T17:22:35","date_gmt":"2012-01-12T15:22:35","guid":{"rendered":"http:\/\/www.korhanyilmaz.com\/?p=46141"},"modified":"2012-01-13T09:24:37","modified_gmt":"2012-01-13T07:24:37","slug":"organik-kisilik-bozuklugu-var","status":"publish","type":"post","link":"http:\/\/www.korhanyilmaz.com\/?p=46141","title":{"rendered":"&#8220;Organik ki\u015filik bozuklu\u011fu&#8221; var"},"content":{"rendered":"<p style=\"text-align: center;\"><a href=\"http:\/\/www.korhanyilmaz.com\/wp-content\/uploads\/2012\/01\/9102.jpg\"  class=\"lightview\"><img loading=\"lazy\" decoding=\"async\" class=\"aligncenter  wp-image-46142\" src=\"http:\/\/www.korhanyilmaz.com\/wp-content\/uploads\/2012\/01\/9102.jpg\" alt=\"\" width=\"396\" height=\"180\" \/><\/a><\/p>\n<p style=\"text-align: justify;\">Adli T\u0131p Kurumu Genel Kurulu&#8217;nun raporunda eski \u00d6zel Harekat Dairesi Ba\u015fkanvekili \u0130brahim \u015eahin&#8217;in cezai sorumlulu\u011funun tam olmad\u0131\u011f\u0131 belirtildi.<\/p>\n<p style=\"text-align: justify;\">\u0130STANBUL- \u0130kinci &#8221;Ergenekon&#8221; davas\u0131 kapsam\u0131nda tutuklu olarak yarg\u0131lanan eski \u00d6zel Harekat Dairesi Ba\u015fkanvekili \u0130brahim \u015eahin&#8217;e ili\u015fkin Adli T\u0131p Kurumu Genel Kurulunca haz\u0131rlanan raporda, \u015eahin&#8217;in san\u0131\u011f\u0131 bulundu\u011fu su\u00e7a kar\u015f\u0131 &#8221;cezai sorumlulu\u011funun tam olmad\u0131\u011f\u0131&#8221; belirtildi.\u00a0<!--more--><\/p>\n<p style=\"text-align: justify;\">Davan\u0131n g\u00f6r\u00fcld\u00fc\u011f\u00fc \u0130stanbul 13. A\u011f\u0131r Ceza Mahkemesine g\u00f6nderilen ve Adli T\u0131p Kurumu Genel Kurulu Ba\u015fkan\u0131 Do\u00e7. Dr. Haluk \u0130nce ile birlikte 42 uzman\u0131n imzas\u0131n\u0131 ta\u015f\u0131yan 27 Ekim 2011 tarihli raporda, \u015eahin ad\u0131na d\u00fczenlenen t\u0131bbi belgeler ile adli dosyas\u0131nda belirtilen su\u00e7un nevi, motivasyonu ve i\u015fleni\u015f tarz\u0131, san\u0131\u011f\u0131n su\u00e7 i\u015fleme ve su\u00e7a kar\u015f\u0131 kendini savunma mant\u0131\u011f\u0131, su\u00e7 \u00f6ncesi, esnas\u0131 ve sonras\u0131ndaki tutum ve davran\u0131\u015flar\u0131 gibi adli t\u0131bbi yorumlamay\u0131 ilgilendiren konular\u0131n 27 Ekim 2011 tarihinde Adli T\u0131p Genel Kurulunca de\u011ferlendirildi\u011fi kaydedildi.<\/p>\n<p style=\"text-align: justify;\">San\u0131\u011f\u0131n cezai sorumlulu\u011funu m\u00fcessir ve ki\u015fide \u015fuur ve harekat serbestisini azaltacak mahiyet ve derecede olan &#8221;organik ki\u015filik bozuklu\u011fu&#8221; denilen akli ar\u0131za saptand\u0131\u011f\u0131 ifade edilen raporda, \u015fu ifadelere yer verildi:<\/p>\n<p style=\"text-align: justify;\">&#8221;Adli tahkikat dosyas\u0131n\u0131n tetkikinde mezkur su\u00e7lar\u0131 i\u015fledi\u011fi s\u0131rada fiilin hukuki anlam ve sonu\u00e7lar\u0131n\u0131 idrak etme ve bu fiil ile ilgili olarak davran\u0131\u015flar\u0131n\u0131 y\u00f6nlendirme yetene\u011fini azaltacak boyuttaki adli ar\u0131zan\u0131n etkisi alt\u0131nda oldu\u011fu anla\u015f\u0131ld\u0131\u011f\u0131, bu duruma g\u00f6re \u0130brahim \u015eahin&#8217;in 7 Ocak 2009 tarihinde san\u0131\u011f\u0131 bulundu\u011fu su\u00e7una kar\u015f\u0131 cezai sorumlulu\u011fu tam olmad\u0131\u011f\u0131 karar\u0131 oy birli\u011fiyle m\u00fctalaa olunur.&#8221;<\/p>\n<p style=\"text-align: justify;\"><a href=\"http:\/\/www.gazeteport.com.tr\/haber\/73342\/quotorganik_kisilik_bozukluguquot_var\" target=\"_blank\">Kaynak : GAZETEPORT<\/a><\/p>\n","protected":false},"excerpt":{"rendered":"<p style=\"text-align: center;\">\n<p style=\"text-align: justify;\">Adli T\u0131p Kurumu Genel Kurulu&#8217;nun raporunda eski \u00d6zel Harekat Dairesi Ba\u015fkanvekili \u0130brahim \u015eahin&#8217;in cezai sorumlulu\u011funun tam olmad\u0131\u011f\u0131 belirtildi.<\/p>\n<p style=\"text-align: justify;\">\u0130STANBUL- \u0130kinci &#8221;Ergenekon&#8221; davas\u0131 kapsam\u0131nda tutuklu olarak yarg\u0131lanan eski \u00d6zel Harekat Dairesi Ba\u015fkanvekili \u0130brahim \u015eahin&#8217;e ili\u015fkin Adli T\u0131p Kurumu Genel Kurulunca haz\u0131rlanan raporda, \u015eahin&#8217;in san\u0131\u011f\u0131 bulundu\u011fu su\u00e7a kar\u015f\u0131 &#8221;cezai sorumlulu\u011funun <\/p>\n","protected":false},"author":1,"featured_media":0,"comment_status":"open","ping_status":"open","sticky":false,"template":"","format":"standard","meta":{"footnotes":""},"categories":[105],"tags":[],"class_list":["post-46141","post","type-post","status-publish","format-standard","hentry","category-gundem","odd"],"_links":{"self":[{"href":"http:\/\/www.korhanyilmaz.com\/index.php?rest_route=\/wp\/v2\/posts\/46141","targetHints":{"allow":["GET"]}}],"collection":[{"href":"http:\/\/www.korhanyilmaz.com\/index.php?rest_route=\/wp\/v2\/posts"}],"about":[{"href":"http:\/\/www.korhanyilmaz.com\/index.php?rest_route=\/wp\/v2\/types\/post"}],"author":[{"embeddable":true,"href":"http:\/\/www.korhanyilmaz.com\/index.php?rest_route=\/wp\/v2\/users\/1"}],"replies":[{"embeddable":true,"href":"http:\/\/www.korhanyilmaz.com\/index.php?rest_route=%2Fwp%2Fv2%2Fcomments&post=46141"}],"version-history":[{"count":0,"href":"http:\/\/www.korhanyilmaz.com\/index.php?rest_route=\/wp\/v2\/posts\/46141\/revisions"}],"wp:attachment":[{"href":"http:\/\/www.korhanyilmaz.com\/index.php?rest_route=%2Fwp%2Fv2%2Fmedia&parent=46141"}],"wp:term":[{"taxonomy":"category","embeddable":true,"href":"http:\/\/www.korhanyilmaz.com\/index.php?rest_route=%2Fwp%2Fv2%2Fcategories&post=46141"},{"taxonomy":"post_tag","embeddable":true,"href":"http:\/\/www.korhanyilmaz.com\/index.php?rest_route=%2Fwp%2Fv2%2Ftags&post=46141"}],"curies":[{"name":"wp","href":"https:\/\/api.w.org\/{rel}","templated":true}]}}