{"id":46137,"date":"2012-01-13T08:06:04","date_gmt":"2012-01-13T06:06:04","guid":{"rendered":"http:\/\/www.korhanyilmaz.com\/?p=46137"},"modified":"2012-01-13T09:19:26","modified_gmt":"2012-01-13T07:19:26","slug":"ak-parti-anketinde-arinc-surprizi","status":"publish","type":"post","link":"http:\/\/www.korhanyilmaz.com\/?p=46137","title":{"rendered":"AK Parti anketinde Ar\u0131n\u00e7 s\u00fcrprizi!"},"content":{"rendered":"<p style=\"text-align: center;\"><a href=\"http:\/\/www.korhanyilmaz.com\/wp-content\/uploads\/2012\/01\/9101.jpg\"  class=\"lightview\"><img loading=\"lazy\" decoding=\"async\" class=\"aligncenter  wp-image-46138\" src=\"http:\/\/www.korhanyilmaz.com\/wp-content\/uploads\/2012\/01\/9101.jpg\" alt=\"\" width=\"307\" height=\"236\" \/><\/a><\/p>\n<p style=\"text-align: justify;\">AK Partili se\u00e7menlere &#8216;Ba\u015fbakan Erdo\u011fan&#8217;dan sonra AK Parti Genel Ba\u015fkanl\u0131\u011f\u0131&#8217;na kimin gelmesini istersiniz? diye soruldu. Y\u00fczde 20.28&#8217;i &#8216;Fikrim yok&#8217; cevab\u0131n\u0131 verirken, y\u00fczde 18.04&#8217;\u00fc B\u00fclent Ar\u0131n\u00e7, y\u00fczde 14.51&#8217;i Abdullah G\u00fcl, y\u00fczde 7.26&#8217;s\u0131 Ali Babacan, y\u00fczde 5.23&#8217;\u00fc Cemil \u00c7i\u00e7ek, y\u00fczde 5.2&#8217;si ise Ahmet Davuto\u011flu ismini verdi.\u00a0<!--more--><\/p>\n<p style=\"text-align: justify;\">\u0130KSARA&#8217;n\u0131n 2 bin 55 ki\u015fiyle yapt\u0131\u011f\u0131 ara\u015ft\u0131rmaya g\u00f6re Cumhurba\u015fkan\u0131 G\u00fcl&#8217;den sonra halk\u0131n y\u00fczde 36&#8217;s\u0131 K\u00f6\u015fk&#8217;te Erdo\u011fan&#8217;\u0131 g\u00f6rmek istiyor. Ba\u015fbakan&#8217;a muhalefet partilerinin taban\u0131ndan da destek var.<\/p>\n<p style=\"text-align: justify;\">\u0130KSARA Ara\u015ft\u0131rma \u015eirketi, yeni y\u0131l\u0131n ilk anketinde Cumhurba\u015fkanl\u0131\u011f\u0131 se\u00e7imlerini irdeledi. T\u00dc\u0130K verilerine dayanarak se\u00e7ilen sokak adreslerinden GSP \u00f6rneklem belirleme y\u00f6ntemiyle yap\u0131lan ara\u015ft\u0131rmada, 81 ilden 2 bin 55 ki\u015fiyle y\u00fcz y\u00fcze g\u00f6r\u00fc\u015f\u00fcld\u00fc. 29 Aral\u0131k 2011 ile 6 Ocak 2012 tarihleri aras\u0131nda ger\u00e7ekle\u015ftirilen anketten \u00e7\u0131kan \u00e7arp\u0131c\u0131 sonu\u00e7lar \u015f\u00f6yle:<\/p>\n<p style=\"text-align: justify;\">&#8211; A\u00e7\u0131k u\u00e7lu y\u00f6neltilen &#8216;Cumhurba\u015fkan\u0131 Abdullah G\u00fcl sonras\u0131 kimin Cumhurba\u015fkan\u0131 olmas\u0131n\u0131 istersiniz? sorusuna kat\u0131l\u0131mc\u0131lar\u0131n y\u00fczde 36&#8217;s\u0131 Ba\u015fbakan Recep Tayyip Erdo\u011fan yan\u0131t\u0131n\u0131 verdi. &#8216;Fikrim yok&#8217; diyenler ise y\u00fczde 27 ile ikinci s\u0131rada yer ald\u0131. Bu oran\u0131, y\u00fczde 6 ile Ba\u015fbakan Yard\u0131mc\u0131s\u0131 B\u00fclent Ar\u0131n\u00e7, y\u00fczde 5 ile CHP Genel B\u015fkan\u0131 Kemal K\u0131l\u0131\u00e7daro\u011flu izledi. MHP Genel Ba\u015fkan\u0131 Devlet Bah\u00e7eli&#8217;yi K\u00f6\u015fk&#8217;te g\u00f6rmek isteyenlerin oran\u0131 ise y\u00fczde 4 olarak belirlendi.<\/p>\n<p style=\"text-align: justify;\">&#8211; Kat\u0131l\u0131mc\u0131lar\u0131n partilere g\u00f6re da\u011f\u0131l\u0131m\u0131na bak\u0131ld\u0131\u011f\u0131nda Erdo\u011fan&#8217;\u0131n t\u00fcm parti se\u00e7menlerinden destek ald\u0131\u011f\u0131 g\u00f6r\u00fcld\u00fc. Buna g\u00f6re, AK Partililerin y\u00fczde 65&#8217;i, MHP&#8217;li se\u00e7menin y\u00fczde 17.83&#8217;\u00fc, CHP&#8217;li ve BDP&#8217;li se\u00e7menlerin y\u00fczde 7.1&#8217;i, &#8216;Ba\u015fbakan Erdo\u011fan&#8217;\u0131 Cumhurba\u015fkan\u0131 olarak g\u00f6rmek istiyorum&#8217; cevab\u0131n\u0131 verdi.<\/p>\n<p style=\"text-align: justify;\">&#8211; Ara\u015ft\u0131rmada, &#8216;Cumhurba\u015fkan\u0131 Abdullah G\u00fcl&#8217;\u00fcn g\u00f6rev s\u00fcresi ka\u00e7 y\u0131l olmal\u0131d\u0131r? sorusu da y\u00f6neltildi. Kat\u0131l\u0131mc\u0131lar\u0131n y\u00fczde 38&#8217;\u0130 &#8216;7 y\u0131l&#8217;, y\u00fczde 40&#8217;I &#8216;5 y\u0131l&#8217; dedi. Bu oran\u0131 y\u00fczde 22 ile &#8216;Bilmiyorum&#8217; diyenler izledi. Parti da\u011f\u0131l\u0131m\u0131na bak\u0131ld\u0131\u011f\u0131nda ise &#8216;7 y\u0131l&#8217; diyen AK Partililerin oran\u0131 y\u00fczde 59, &#8216;5 y\u0131l&#8217; diyen AK Partililerin oran\u0131 ise y\u00fczde 23 olarak belirlendi. CHP se\u00e7meninin y\u00fczde 66&#8217;s\u0131, MHP se\u00e7meninin y\u00fczde 51&#8217;i, BDP se\u00e7meninin de y\u00fczde 62&#8217;si Cumhurba\u015fkan\u0131 G\u00fcl&#8217;\u00fcn g\u00f6rev s\u00fcresinin 5 y\u0131l olmas\u0131 gerekti\u011fini d\u00fc\u015f\u00fcn\u00fcyor.<\/p>\n<p style=\"text-align: justify;\"><strong>Ar\u0131n\u00e7 s\u00fcrprizi<\/strong><\/p>\n<p style=\"text-align: justify;\">Ara\u015ft\u0131rmada AK Partili se\u00e7menlere &#8216;Ba\u015fbakan Erdo\u011fan&#8217;dan sonra AK Parti Genel Ba\u015fkanl\u0131\u011f\u0131&#8217;na kimin gelmesini istersiniz? diye soruldu. Y\u00fczde 20.28&#8217;i &#8216;Fikrim yok&#8217; cevab\u0131n\u0131 verirken, y\u00fczde 18.04&#8217;\u00fc B\u00fclent Ar\u0131n\u00e7, y\u00fczde 14.51&#8217;i Abdullah G\u00fcl, y\u00fczde 7.26&#8217;s\u0131 Ali Babacan, y\u00fczde 5.23&#8217;\u00fc Cemil \u00c7i\u00e7ek, y\u00fczde 5.2&#8217;si ise Ahmet Davuto\u011flu ismini verdi.<\/p>\n<p style=\"text-align: justify;\"><strong>Konut&#8217;ta Irak mesaisi<\/strong><\/p>\n<p style=\"text-align: justify;\">Ba\u015fbakan Erdo\u011fan, Irak&#8217;taki gerilimin g\u00f6lgesinde Ankara&#8217;ya gelen Irak Meclis Ba\u015fkan\u0131 Usame El Nuceyfi ile g\u00f6r\u00fc\u015ft\u00fc. Ba\u015fbakanl\u0131k Resmi Konutu&#8217;ndaki kabul, yakla\u015f\u0131k 1 saat 15 dakika s\u00fcrd\u00fc.<\/p>\n<p style=\"text-align: justify;\">Cumhurba\u015fkan\u0131 1. Yard\u0131mc\u0131s\u0131 Tar\u0131k El Ha\u015fimi&#8217;nin K\u0131 Salihi Mutlak&#8217;\u0131n dokunulmazl\u0131\u011f\u0131n\u0131n kald\u0131r\u0131lmas\u0131 y\u00f6n\u00fcndeki tart\u0131\u015fmalarla b\u00fcy\u00fcyen kriz, ayr\u0131nt\u0131lar\u0131yla masaya yat\u0131r\u0131ld\u0131. Erdo\u011fan, \u015fu uyar\u0131larda bulundu: &#8216;Irki ve mezhepsel bir \u00e7at\u0131\u015fma ortam\u0131na girilmesi sadece Irak&#8217;\u0131 de\u011fil, b\u00f6lgeyi de kaosa sokar. Sorunun a\u015f\u0131lmas\u0131 i\u00e7in Irak&#8217;taki t\u00fcm kesimlere, siyaset\u00e7ilere ve \u00f6zellikle size b\u00fcy\u00fck g\u00f6rev d\u00fc\u015f\u00fcyor. \u00dczerinize d\u00fc\u015feni yapaca\u011f\u0131n\u0131za inan\u0131yoruz.&#8217;<\/p>\n<p style=\"text-align: justify;\"><strong>Kuzey Ankara&#8217;y\u0131 yerinde g\u00f6rd\u00fc<\/strong><\/p>\n<p style=\"text-align: justify;\">Ba\u015fbakan Erdo\u011fan, d\u00fcn &#8216;vitrin&#8217; projesi olarak sunulan Ankara&#8217;n\u0131n kuzeyindeki kentsel d\u00f6n\u00fc\u015f\u00fcm \u00e7al\u0131\u015fmalar\u0131n\u0131 tefti\u015f etti. B\u00fcy\u00fck\u015fehir Belediye Ba\u015fkan\u0131 Melih G\u00f6k\u00e7ek ve TOK\u0130 Ba\u015fkan\u0131 Ahmet Haluk Karabel ile \u00e7al\u0131\u015fmalar\u0131 yerinde g\u00f6ren Erdo\u011fan, \u00f6n\u00fcm\u00fczdeki g\u00fcnlerde \u00f6zel bir t\u00f6renle kura \u00e7ekimi ve anahtar teslimi yapaca\u011f\u0131 konutlar\u0131 gezdi.<\/p>\n<p style=\"text-align: justify;\"><a href=\"http:\/\/www.cnnturk.com\/2012\/guncel\/01\/13\/ak.parti.anketinde.arinc.surprizi\/644641.0\/index.html\" target=\"_blank\">Kaynak : CNN T\u00dcRK<\/a><\/p>\n","protected":false},"excerpt":{"rendered":"<p style=\"text-align: center;\">\n<p style=\"text-align: justify;\">AK Partili se\u00e7menlere &#8216;Ba\u015fbakan Erdo\u011fan&#8217;dan sonra AK Parti Genel Ba\u015fkanl\u0131\u011f\u0131&#8217;na kimin gelmesini istersiniz? diye soruldu. Y\u00fczde 20.28&#8217;i &#8216;Fikrim yok&#8217; cevab\u0131n\u0131 verirken, y\u00fczde 18.04&#8217;\u00fc B\u00fclent Ar\u0131n\u00e7, y\u00fczde 14.51&#8217;i Abdullah G\u00fcl, y\u00fczde 7.26&#8217;s\u0131 Ali Babacan, y\u00fczde 5.23&#8217;\u00fc Cemil \u00c7i\u00e7ek, y\u00fczde 5.2&#8217;si ise Ahmet Davuto\u011flu ismini verdi. <\/p>\n","protected":false},"author":1,"featured_media":0,"comment_status":"open","ping_status":"open","sticky":false,"template":"","format":"standard","meta":{"footnotes":""},"categories":[105],"tags":[],"class_list":["post-46137","post","type-post","status-publish","format-standard","hentry","category-gundem","odd"],"_links":{"self":[{"href":"http:\/\/www.korhanyilmaz.com\/index.php?rest_route=\/wp\/v2\/posts\/46137","targetHints":{"allow":["GET"]}}],"collection":[{"href":"http:\/\/www.korhanyilmaz.com\/index.php?rest_route=\/wp\/v2\/posts"}],"about":[{"href":"http:\/\/www.korhanyilmaz.com\/index.php?rest_route=\/wp\/v2\/types\/post"}],"author":[{"embeddable":true,"href":"http:\/\/www.korhanyilmaz.com\/index.php?rest_route=\/wp\/v2\/users\/1"}],"replies":[{"embeddable":true,"href":"http:\/\/www.korhanyilmaz.com\/index.php?rest_route=%2Fwp%2Fv2%2Fcomments&post=46137"}],"version-history":[{"count":0,"href":"http:\/\/www.korhanyilmaz.com\/index.php?rest_route=\/wp\/v2\/posts\/46137\/revisions"}],"wp:attachment":[{"href":"http:\/\/www.korhanyilmaz.com\/index.php?rest_route=%2Fwp%2Fv2%2Fmedia&parent=46137"}],"wp:term":[{"taxonomy":"category","embeddable":true,"href":"http:\/\/www.korhanyilmaz.com\/index.php?rest_route=%2Fwp%2Fv2%2Fcategories&post=46137"},{"taxonomy":"post_tag","embeddable":true,"href":"http:\/\/www.korhanyilmaz.com\/index.php?rest_route=%2Fwp%2Fv2%2Ftags&post=46137"}],"curies":[{"name":"wp","href":"https:\/\/api.w.org\/{rel}","templated":true}]}}