{"id":46134,"date":"2012-01-12T20:20:34","date_gmt":"2012-01-12T18:20:34","guid":{"rendered":"http:\/\/www.korhanyilmaz.com\/?p=46134"},"modified":"2012-01-13T09:16:05","modified_gmt":"2012-01-13T07:16:05","slug":"amac-abdullah-gulu-engellemek-mi","status":"publish","type":"post","link":"http:\/\/www.korhanyilmaz.com\/?p=46134","title":{"rendered":"Ama\u00e7 Abdullah G\u00fcl&#8217;\u00fc engellemek mi?"},"content":{"rendered":"<p style=\"text-align: center;\"><a href=\"http:\/\/www.korhanyilmaz.com\/wp-content\/uploads\/2012\/01\/9100.jpg\"  class=\"lightview\"><img loading=\"lazy\" decoding=\"async\" class=\"aligncenter  wp-image-46135\" src=\"http:\/\/www.korhanyilmaz.com\/wp-content\/uploads\/2012\/01\/9100.jpg\" alt=\"\" width=\"307\" height=\"236\" \/><\/a><\/p>\n<p style=\"text-align: justify;\">TBMM Anayasa Komisyonu&#8217;nda, Cumhurba\u015fkan\u0131 Se\u00e7imi Kanunu Tasar\u0131s\u0131&#8217;n\u0131n g\u00f6r\u00fc\u015fmelerinde adaylara yap\u0131lacak yard\u0131m, propaganda ve Cumhurba\u015fkan\u0131 Abdullah G\u00fcl&#8217;\u00fcn g\u00f6rev s\u00fcresi tart\u0131\u015fma konusu oldu. CHP \u0130stanbul Milletvekili Ali \u00d6zg\u00fcnd\u00fcz, &#8220;Bu tasar\u0131, G\u00fcl&#8217;\u00fc engellemek i\u00e7in yap\u0131ld\u0131&#8221; iddias\u0131nda bulundu.<\/p>\n<p style=\"text-align: justify;\">Komisyonda, tasar\u0131n\u0131n &#8220;adaylar\u0131n g\u00f6revden ayr\u0131lmas\u0131 ve g\u00f6reve geri d\u00f6nmesi&#8221;ni d\u00fczenleyen maddeye, muhalefet milletvekilleri kar\u015f\u0131 \u00e7\u0131kt\u0131.\u00a0<!--more--><\/p>\n<p style=\"text-align: justify;\">CHP \u0130zmir Milletvekili R\u0131za T\u00fcrmen, d\u00fczenlemenin Anayasan\u0131n e\u015fitlik ilkesine ayk\u0131r\u0131 oldu\u011funu belirterek, &#8220;Bir devlet memuru ile Ba\u015fbakan se\u00e7ime giriyor. Bilin bakal\u0131m kim kazanacak? Tabii ki Ba\u015fbakan&#8230; B\u00fct\u00fcn kamu g\u00fcc\u00fcn\u00fc elinde bulunduran Ba\u015fbakan ile gariban devlet memur aras\u0131nda e\u015fitlik olur mu?&#8221; dedi.<\/p>\n<p style=\"text-align: justify;\">CHP Eski\u015fehir Milletvekili S\u00fcheyl Batum da d\u00fczenlemenin Anayasaya ayk\u0131r\u0131 oldu\u011funu savunarak, bunun Anayasada d\u00fczenlenmesi gerekti\u011fini ifade etti.<\/p>\n<p style=\"text-align: justify;\"><strong>Adaylara yap\u0131lacak yard\u0131m\u00a0<\/strong><\/p>\n<p style=\"text-align: justify;\">Komisyonda, Cumhurba\u015fkan\u0131 adaylar\u0131na yap\u0131lacak yard\u0131m ve ba\u011f\u0131\u015flar da tart\u0131\u015fma konusu oldu.<\/p>\n<p style=\"text-align: justify;\">MHP Konya Milletvekili Faruk Bal, adaylara hazineden se\u00e7im yard\u0131m\u0131 ilkesinin kabul edilmesini isteyerek, &#8220;Paras\u0131 \u00e7ok olanlar\u0131n cumhurba\u015fkan\u0131na yard\u0131m yapmas\u0131 sak\u0131nca do\u011furur. Se\u00e7ilecek Cumhurba\u015fkan\u0131, kendisine finansal kaynak sa\u011flayanlara borcunu bir \u015fekilde \u00f6deyecek. Devletin ba\u015f\u0131 olarak kimse kimseye kar\u015f\u0131 boynu b\u00fck\u00fck olmamal\u0131&#8221; dedi.<\/p>\n<p style=\"text-align: justify;\">Ba\u015fbakan Yard\u0131mc\u0131s\u0131 Bozda\u011f, yard\u0131mlar\u0131n tart\u0131\u015fmal\u0131 bir konu oldu\u011funu ifade ederek, &#8220;Ne yaparsak yapal\u0131m ba\u011f\u0131\u015f sisteminin \u00f6n\u00fcn\u00fc kapatma imkan\u0131 yok. Yard\u0131m ve ba\u011f\u0131\u015f\u0131 d\u00fczenlemezsek o zaman el alt\u0131ndan muvazaal\u0131 olarak yap\u0131lacakt\u0131r. O zaman cumhurba\u015fkan\u0131 makam\u0131n\u0131 koruyal\u0131m derken, ba\u015fka s\u0131k\u0131nt\u0131lar yarat\u0131l\u0131r. Bu haliyle yasalamas\u0131 uygun olur&#8221; dedi.<\/p>\n<p style=\"text-align: justify;\">Bozda\u011f, bir ki\u015finin adaylara yapaca\u011f\u0131 yard\u0131m miktar\u0131n\u0131n en fazla 8 bin 259 lira olaca\u011f\u0131n\u0131 ifade etti.<\/p>\n<p style=\"text-align: justify;\"><strong>G\u00fcl&#8217;\u00fcn g\u00f6rev s\u00fcresi tart\u0131\u015f\u0131ld\u0131\u00a0<\/strong><\/p>\n<p style=\"text-align: justify;\">Komisyonda, Cumhurba\u015fkan\u0131 Abdullah G\u00fcl&#8217;\u00fcn g\u00f6rev s\u00fcresi uzun tart\u0131\u015fmalar\u0131n konusunu olu\u015fturdu.<\/p>\n<p style=\"text-align: justify;\">Kuzu, 23. D\u00f6nemde kad\u00fck kalan tasar\u0131 i\u00e7in CHP&#8217;li Komisyon \u00fcyelerinin muhalefet \u015ferhi yazd\u0131klar\u0131n\u0131 ifade etti.<\/p>\n<p style=\"text-align: justify;\">CHP \u0130stanbul Milletvekili Ali \u00d6zg\u00fcnd\u00fcz, &#8220;Say\u0131n G\u00fcl&#8217;\u00fcn g\u00f6rev s\u00fcresi 5 y\u0131ld\u0131r, bir kez daha aday olma hakk\u0131 vard\u0131r. Yoksa e\u015fitlik ilkesine ayk\u0131r\u0131 olur. Bu Tasar\u0131, G\u00fcl&#8217;\u00fc engellemek i\u00e7in yap\u0131ld\u0131. Kazan\u0131lm\u0131\u015f hakk\u0131 ihlal ediyorsunuz. Tutuklu vekilleri aday g\u00f6stersek se\u00e7ilse cumhurba\u015fkan\u0131 olacaklar ama mevcut cumhurba\u015fkan\u0131 aday olamayacak&#8221; diye konu\u015ftu.<\/p>\n<p style=\"text-align: justify;\">MHP Isparta Milletvekili Nevzat Korkmaz, &#8220;Biz Say\u0131n G\u00fcl&#8217;e oy vermedik, kendi aday\u0131m\u0131z\u0131 \u00e7\u0131kard\u0131k. Ama bu tasar\u0131da ka\u011f\u0131t \u00fczerinde Cumhurba\u015fkan\u0131n\u0131 hedef alan ifadeler var. Evren, Demirel ve Sezer i\u00e7in ikinci kez se\u00e7ilme yasa\u011f\u0131 yokken, G\u00fcl i\u00e7in b\u00f6yle bir yasak getiriliyor. Cumhurba\u015fkan\u0131na bu d\u00fc\u015fmanl\u0131\u011f\u0131, husumeti anlayam\u0131yorum. En iyisi tasar\u0131ya &#8216;G\u00fcl se\u00e7ilemez&#8217; yaz\u0131n&#8221; dedi.<\/p>\n<p style=\"text-align: justify;\">Kuzu, Korkmaz&#8217;\u0131n s\u00f6zlerine, &#8220;11. Cumhurba\u015fkan\u0131 se\u00e7ilemezse, 10 ve 9. cumhurba\u015fkanlar\u0131 haydi haydi se\u00e7ilemez&#8221; kar\u015f\u0131l\u0131\u011f\u0131n\u0131 verdi.<\/p>\n<p style=\"text-align: justify;\">AK Parti Adana Milletvekili Fato\u015f G\u00fcrkan, G\u00fcl&#8217;e kendilerinin oy verdi\u011fini belirterek, &#8220;Say\u0131n Cumhurba\u015fkan\u0131m\u0131z ba\u015far\u0131l\u0131 buldu\u011fumuz, sevgi ve sayg\u0131 duydu\u011fumuz bir ki\u015fi, g\u00f6revini iyi yapt\u0131\u011f\u0131na inan\u0131yoruz. Hi\u00e7bir problem yok. Meclis, 7 y\u0131l i\u00e7in se\u00e7mi\u015ftir. Bunun tart\u0131\u015f\u0131lmas\u0131 bile gereksiz. TBMM&#8217;nin Cumhurba\u015fkan\u0131&#8217;n\u0131n g\u00f6rev s\u00fcresini k\u0131saltma yetkisi yok&#8221; dedi.<\/p>\n<p style=\"text-align: justify;\">AK Parti \u0130stanbul Milletvekili Mustafa \u015eentop da muhalefet milletvekillerinin ele\u015ftirilerine, &#8220;CHP ge\u00e7mi\u015fte &#8216;kanunla olsun&#8217; diyordu, \u015fimdi &#8216;anayasa de\u011fi\u015fikli\u011fiyle olsun&#8217; diyor. Hukuken tart\u0131\u015f\u0131lacak bir \u015fey yok. Say\u0131n Cumhurba\u015fkan\u0131 da belirsizli\u011fin kalkmas\u0131n\u0131 istiyor. Sadece hukuki olarak bize g\u00f6re a\u00e7\u0131k olan hususta tart\u0131\u015fmalar\u0131 huzura kavu\u015fturulmas\u0131 i\u00e7in tasar\u0131da ge\u00e7ici maddeyle d\u00fczenleme yap\u0131l\u0131yor&#8221; diye konu\u015ftu.<\/p>\n<p style=\"text-align: justify;\">Kuzu, &#8220;Cumhurba\u015fkan\u0131&#8217;n\u0131n iki yasay\u0131 veto etmesi ho\u015fumuza gitti. Kendisi tecr\u00fcbe de kazand\u0131, devam etsin&#8221; diyen CHP&#8217;li \u00d6zg\u00fcnd\u00fcz&#8217;e, &#8220;Vetolardan biri benim hi\u00e7 ho\u015fuma gitmedi. Hangisi sen anlars\u0131n. Asl\u0131nda senin de ho\u015funa gitmedi, senin de i\u00e7in yan\u0131yor ama s\u00f6yleyemiyorsun&#8221; demesi, Komisyonda g\u00fcl\u00fc\u015fmelere yol a\u00e7t\u0131.<\/p>\n<p style=\"text-align: justify;\"><a href=\"http:\/\/www.cnnturk.com\/2012\/turkiye\/01\/12\/amac.abdullah.gulu.engellemek.mi\/644615.0\/index.html\" target=\"_blank\">Kaynak : CNN T\u00dcRK<\/a><\/p>\n","protected":false},"excerpt":{"rendered":"<p style=\"text-align: center;\">\n<p style=\"text-align: justify;\">TBMM Anayasa Komisyonu&#8217;nda, Cumhurba\u015fkan\u0131 Se\u00e7imi Kanunu Tasar\u0131s\u0131&#8217;n\u0131n g\u00f6r\u00fc\u015fmelerinde adaylara yap\u0131lacak yard\u0131m, propaganda ve Cumhurba\u015fkan\u0131 Abdullah G\u00fcl&#8217;\u00fcn g\u00f6rev s\u00fcresi tart\u0131\u015fma konusu oldu. CHP \u0130stanbul Milletvekili Ali \u00d6zg\u00fcnd\u00fcz, &#8220;Bu tasar\u0131, G\u00fcl&#8217;\u00fc engellemek i\u00e7in yap\u0131ld\u0131&#8221; iddias\u0131nda bulundu.<\/p>\n<p style=\"text-align: justify;\">Komisyonda, tasar\u0131n\u0131n &#8220;adaylar\u0131n g\u00f6revden ayr\u0131lmas\u0131 ve g\u00f6reve geri d\u00f6nmesi&#8221;ni d\u00fczenleyen maddeye, muhalefet milletvekilleri kar\u015f\u0131 <\/p>\n","protected":false},"author":1,"featured_media":0,"comment_status":"open","ping_status":"open","sticky":false,"template":"","format":"standard","meta":{"footnotes":""},"categories":[105],"tags":[],"class_list":["post-46134","post","type-post","status-publish","format-standard","hentry","category-gundem","odd"],"_links":{"self":[{"href":"http:\/\/www.korhanyilmaz.com\/index.php?rest_route=\/wp\/v2\/posts\/46134","targetHints":{"allow":["GET"]}}],"collection":[{"href":"http:\/\/www.korhanyilmaz.com\/index.php?rest_route=\/wp\/v2\/posts"}],"about":[{"href":"http:\/\/www.korhanyilmaz.com\/index.php?rest_route=\/wp\/v2\/types\/post"}],"author":[{"embeddable":true,"href":"http:\/\/www.korhanyilmaz.com\/index.php?rest_route=\/wp\/v2\/users\/1"}],"replies":[{"embeddable":true,"href":"http:\/\/www.korhanyilmaz.com\/index.php?rest_route=%2Fwp%2Fv2%2Fcomments&post=46134"}],"version-history":[{"count":0,"href":"http:\/\/www.korhanyilmaz.com\/index.php?rest_route=\/wp\/v2\/posts\/46134\/revisions"}],"wp:attachment":[{"href":"http:\/\/www.korhanyilmaz.com\/index.php?rest_route=%2Fwp%2Fv2%2Fmedia&parent=46134"}],"wp:term":[{"taxonomy":"category","embeddable":true,"href":"http:\/\/www.korhanyilmaz.com\/index.php?rest_route=%2Fwp%2Fv2%2Fcategories&post=46134"},{"taxonomy":"post_tag","embeddable":true,"href":"http:\/\/www.korhanyilmaz.com\/index.php?rest_route=%2Fwp%2Fv2%2Ftags&post=46134"}],"curies":[{"name":"wp","href":"https:\/\/api.w.org\/{rel}","templated":true}]}}