{"id":46129,"date":"2011-11-15T09:33:34","date_gmt":"2011-11-15T07:33:34","guid":{"rendered":"http:\/\/www.korhanyilmaz.com\/?p=46129"},"modified":"2012-01-12T23:37:43","modified_gmt":"2012-01-12T21:37:43","slug":"davalari-nasil-engelleriz-protokolu","status":"publish","type":"post","link":"http:\/\/www.korhanyilmaz.com\/?p=46129","title":{"rendered":"&#8220;Davalar\u0131 nas\u0131l engelleriz&#8221; protokol\u00fc"},"content":{"rendered":"<p style=\"text-align: center;\"><a href=\"http:\/\/www.korhanyilmaz.com\/wp-content\/uploads\/2012\/01\/9021.jpg\"  class=\"lightview\"><img loading=\"lazy\" decoding=\"async\" class=\"aligncenter  wp-image-46130\" src=\"http:\/\/www.korhanyilmaz.com\/wp-content\/uploads\/2012\/01\/9021.jpg\" alt=\"\" width=\"396\" height=\"180\" \/><\/a><\/p>\n<p style=\"text-align: justify;\">D\u0131\u015fi\u015fleri Bakanl\u0131\u011f\u0131 ile Adalet Bakanl\u0131\u011f\u0131 aras\u0131nda A\u0130HM&#8217;de T\u00fcrkiye aleyhine a\u00e7\u0131lan davalar\u0131n nas\u0131l azalt\u0131laca\u011f\u0131 konusunda protokol imzaland\u0131.<\/p>\n<p style=\"text-align: justify;\">D\u0131\u015fi\u015fleri Bakan\u0131 Ahmet Davuto\u011flu, T\u00fcrkiye&#8217;nin hukuk sisteminden kaynaklanan ve T\u00fcrkiye aleyhine Avrupa \u0130nsan Haklar\u0131 Mahkemesi&#8217;nde (A\u0130HM) a\u00e7\u0131lm\u0131\u015f davalar\u0131n bir hastal\u0131k i\u015fareti oldu\u011funa i\u015faret ederek, &#8220;Genellikle bu davalar\u0131n hepsi bir hastal\u0131k i\u015faretidir, bunu a\u00e7\u0131k\u00e7a s\u00f6yl\u00fcyorum ve bizim hukuk sistemimizin de siyasetimizin de insan haklar\u0131 konusunda tavizsiz bir uygulamaya girmesi laz\u0131m&#8221; dedi.\u00a0<!--more--><\/p>\n<p style=\"text-align: justify;\">D\u0131\u015fi\u015fleri Bakan\u0131 Davuto\u011flu, Adalet Bakan\u0131 Sadullah Ergin ile birlikte T\u00fcrkiye&#8217;nin A\u0130HM&#8217;deki davalara ili\u015fkin yeni stratejisini a\u00e7\u0131klamak \u00fczere D\u0131\u015fi\u015fleri Bakanl\u0131\u011f\u0131&#8217;nda bir bas\u0131n toplant\u0131s\u0131 d\u00fczenledi.<\/p>\n<p style=\"text-align: justify;\">Adalet Bakan\u0131 Ergin ile birlikte kendilerine hep &#8220;neden en fazla dosya T\u00fcrkiye&#8217;den gidiyor&#8221; sorusunun soruldu\u011funu kaydeden Davuto\u011flu, ge\u00e7en y\u0131l 5 bin olan dosya say\u0131s\u0131n\u0131n bu y\u0131l 7 bine ula\u015ft\u0131\u011f\u0131n\u0131n alt\u0131n\u0131 \u00e7izdi.<\/p>\n<p style=\"text-align: justify;\">Davuto\u011flu \u015f\u00f6yle konu\u015ftu:<\/p>\n<p style=\"text-align: justify;\">&#8220;Bunlar\u0131 bir \u015fekilde engellememiz laz\u0131m. Yeni bir strateji belirlememiz laz\u0131m ve bu stratejinin defansif, savunmac\u0131, gelen davalara tam saha savunma yapan bir anlay\u0131\u015f yerine bu davalar\u0131n say\u0131s\u0131n\u0131n azalt\u0131lmas\u0131n\u0131 temin edecek, bizim sistemimizden kaynaklanan eksiklikleri giderecek, t\u0131ptaki koruyucu hekimlik gibi bir mekanizma geli\u015ftirelim. Genellikle bu davalar\u0131n hepsi bir hastal\u0131k i\u015faretidir, bunu a\u00e7\u0131k\u00e7a s\u00f6yl\u00fcyorum ve bizim hukuk sistemimizin de siyasetimizin de insan haklar\u0131 konusunda tavizsiz bir uygulamaya girmesi laz\u0131m. Konu insan haklar\u0131ysa akan suyun durmas\u0131 laz\u0131m ama maalesef bu konuda de\u011fi\u015fik sebeplerle T\u00fcrkiye&#8217;nin tamamlamas\u0131 gereken eksiklikler vard\u0131r.&#8221;<\/p>\n<p style=\"text-align: justify;\">Davuto\u011flu, T\u00fcrkiye&#8217;nin kurucusu oldu\u011fu Avrupa Konseyi sistemi i\u00e7indeki A\u0130HM&#8217;deki dosya say\u0131s\u0131n\u0131n 19 bini ge\u00e7ti\u011fini belirterek, bunda \u00e7ok de\u011fi\u015fik fakt\u00f6rlerin mevcut oldu\u011funu s\u00f6yledi.<\/p>\n<p style=\"text-align: justify;\">Bakan Davuto\u011flu, T\u00fcrkiye&#8217;nin ge\u00e7en y\u0131l kad\u0131na kar\u015f\u0131 \u015fiddetin \u00f6nlenmesi amac\u0131yla uluslararas\u0131 s\u00f6zle\u015fmeye imza att\u0131\u011f\u0131n\u0131 ve Adalet Bakanl\u0131\u011f\u0131 ile birlikte ileri bir a\u015famaya ta\u015f\u0131yarak bunu meclise getirdiklerini ifade etti.<\/p>\n<p style=\"text-align: justify;\">Adalet Bakanl\u0131\u011f\u0131 ile yapt\u0131klar\u0131 ortak \u00e7al\u0131\u015fmalar\u0131n sonunda geldikleri a\u015famay\u0131 a\u00e7\u0131klayan Bakan Davuto\u011flu, T\u00fcrkiye aleyhine a\u00e7\u0131lm\u0131\u015f dava dosyalar\u0131n\u0131 filtrelemeden ge\u00e7ireceklerini ve \u00fc\u00e7 kategoriye ay\u0131racaklar\u0131n\u0131 s\u00f6yledi.<\/p>\n<p style=\"text-align: justify;\">Bunlardan ilkinin T\u00fcrkiye&#8217;nin siyasal anlam\u0131yla da d\u0131\u015f politikas\u0131yla ilgili dosyalar oldu\u011funu belirten ve bunun K\u0131br\u0131s gibi sorunlar\u0131 da kapsad\u0131\u011f\u0131n\u0131n alt\u0131n\u0131 \u00e7izen Davuto\u011flu, bu dosyalar\u0131n A\u0130HM&#8217;deki s\u00fcrecinin, gerekti\u011finde Adalet Bakanl\u0131\u011f\u0131&#8217;na da dan\u0131\u015f\u0131larak, D\u0131\u015fi\u015fleri Bakanl\u0131\u011f\u0131 taraf\u0131ndan y\u00fcr\u00fct\u00fclece\u011fini s\u00f6yledi.<\/p>\n<p style=\"text-align: justify;\">\u0130kinci olarak i\u00e7 hukuk mevzuat\u0131ndan kaynaklanan teknik dosyalar oldu\u011funu, ki\u015fisel haklar\u0131n\u0131n ma\u011fdur edildi\u011fini d\u00fc\u015f\u00fcnen vatanda\u015flarca a\u00e7\u0131lan davalar oldu\u011funu kaydeden Davuto\u011flu, bu davalar\u0131n 19 bin dava dosyas\u0131n\u0131n b\u00fcy\u00fck \u00e7o\u011funlu\u011funu olu\u015fturdu\u011funu ve bu davalar\u0131n da Adalet Bakanl\u0131\u011f\u0131 taraf\u0131ndan haz\u0131rl\u0131\u011f\u0131n\u0131n ve y\u00fcr\u00fct\u00fclmesinin yap\u0131laca\u011f\u0131n\u0131 ifade etti.<\/p>\n<p style=\"text-align: justify;\">\u00dc\u00e7\u00fcnc\u00fc kategori olarak ifade ve fikir \u00f6zg\u00fcrl\u00fc\u011f\u00fc gibi alanlar\u0131 kapsayan &#8216;de\u011fer ba\u011f\u0131ml\u0131 dosyalar&#8217; oldu\u011funa dikkati \u00e7eken Davuto\u011flu, T\u00fcrkiye&#8217;nin \u00f6zellikle bu dosyalarla ilgili olarak savunma yapmama dahil, e\u011fer T\u00fcrkiye&#8217;den kaynaklanan bir aksilik varsa, mevzuatla ilgili de\u011fi\u015fiklikler yapmak da dahil \u00f6n al\u0131c\u0131 tedbirler almak gerekti\u011fini s\u00f6yledi. Davuto\u011flu, &#8220;Bu konudaki dosyalar\u0131 da ay\u0131raca\u011f\u0131z. Bunlar her hangi bir yarg\u0131 gecikmesinden dolay\u0131 kaynaklanan dosyalar kategorisine indirgenemez. Bu dosyalarla ilgili daha ilkesel bir tutum tak\u0131naca\u011f\u0131z ve sistemimizdeki eksiklikleri giderece\u011fiz. Bir mahkememiz fikir \u00f6zg\u00fcrl\u00fc\u011f\u00fcn\u00fc ihlal eden bir tutum alm\u0131\u015fsa, bir yarg\u0131 s\u00fcreci olu\u015fmu\u015fsa mutlaka o \u015feyi savunmak gibi bir zorunluluk da hissetmeksizin b\u00fct\u00fcn alternatifleri, dostane \u00e7\u00f6z\u00fcm ve di\u011fer alternatifleri d\u00fc\u015f\u00fcnerek ma\u011fduriyetleri gidermeye \u00e7al\u0131\u015faca\u011f\u0131z&#8221; ifadelerini kulland\u0131.<\/p>\n<p style=\"text-align: justify;\">D\u0131\u015fi\u015fleri Bakan\u0131 Davuto\u011flu, Avrupa Konseyindeki T\u00fcrkiye&#8217;nin ekibini g\u00fc\u00e7lendireceklerini belirterek &#8220;Bu yeni d\u00f6nemde yeni bir stratejik \u00e7er\u00e7eveyle insan haklar\u0131 dosyalar\u0131na ciddi bir ne\u015fter ataca\u011f\u0131z. \u0130n\u015fallah bu say\u0131y\u0131 19 binlerden a\u015fa\u011f\u0131ya k\u0131sa bir s\u00fcre i\u00e7inde \u00e7ekece\u011fiz. Kalan dosyalar\u0131 da en k\u0131sa s\u00fcrede eritece\u011fiz&#8221; dedi.<\/p>\n<p style=\"text-align: justify;\"><strong>TASN\u0130F ED\u0130LECEK<\/strong><\/p>\n<p style=\"text-align: justify;\">Toplant\u0131da bir konu\u015fma yapan Adalet Bakan\u0131 Sadullah Ergin, Adalet Bakanl\u0131\u011f\u0131 Uluslararas\u0131 Hukuk Genel M\u00fcd\u00fcrl\u00fc\u011f\u00fc b\u00fcnyesinde \u0130nsan Haklar\u0131 Daire Ba\u015fkanl\u0131\u011f\u0131 kuruldu\u011funu bildirerek, bunun temel g\u00f6revinin A\u0130HM&#8217;de T\u00fcrkiye aleyhine a\u00e7\u0131lm\u0131\u015f davalar\u0131 takip etmek oldu\u011funa i\u015faret etti.<\/p>\n<p style=\"text-align: justify;\">Ergin, mevcut dosyalar\u0131n orada \u00e7al\u0131\u015fan hakimler ve uzmanlar vas\u0131tas\u0131yla kategorik olarak tasnif edilece\u011fini ve bu dosyalar\u0131n karara \u00e7\u0131kmadan \u00f6nce d\u00fc\u015f\u00fcr\u00fclebiliyorsa bunun yollar\u0131n\u0131n aranaca\u011f\u0131n\u0131 ifade etti.<\/p>\n<p style=\"text-align: justify;\">Bakan Ergin, uzman ve hakimlerin T\u00fcrkiye&#8217;nin aleyhinde olan davalar\u0131n d\u00fc\u015f\u00fcr\u00fclmesi i\u00e7in teknik \u00e7al\u0131\u015fmalar y\u00fcr\u00fctece\u011fini, bu ihlal kararlar\u0131n\u0131 tahlil ederek i\u00e7 hukuktan kaynakl\u0131 mevzuatta yap\u0131lmas\u0131 gereken de\u011fi\u015fiklikleri tespit edeceklerini ve bu de\u011fi\u015fiklikleri yasama organ\u0131na sevkedilerek sorunun temelinden \u00e7\u00f6z\u00fclmesi y\u00f6n\u00fcnde bir \u00e7al\u0131\u015fma yapacaklar\u0131n\u0131 belirtti. Ergin, hakimlerin ayr\u0131ca A\u0130HM i\u00e7tihatlar\u0131n\u0131n T\u00fcrk\u00e7e&#8217;ye \u00e7evrilerek t\u00fcm hakim ve savc\u0131lara ula\u015ft\u0131r\u0131lmas\u0131 ve bunun takibinin yap\u0131lmas\u0131n\u0131 sa\u011flayacaklar\u0131n\u0131 s\u00f6yledi.<\/p>\n<p style=\"text-align: justify;\">Adalet Bakanl\u0131\u011f\u0131&#8217;n\u0131n Strazburg&#8217;a g\u00f6nderdi\u011fi yeni gen\u00e7 kadrolar\u0131n &#8220;b\u00fcy\u00fck bir heyecanla dosyalara dald\u0131klar\u0131n\u0131&#8221; ifade eden Ergin, bu dosyalar\u0131 tasnif ettiklerini, &#8220;bahse konu dosyalarla ilgili olarak mevzuatta iyile\u015ftirme, T\u00fcrkiye&#8217;nin \u00e7ok a\u00e7\u0131k olarak haks\u0131z oldu\u011fu davalar varsa bu davalarda gerekirse savunma yapmama ya da dostane \u00e7\u00f6z\u00fcm yoluna gitme gibi bir tak\u0131m y\u00f6ntemleri kullanmak&#8221; suretiyle dosyalarda \u00f6nemli mesafe almay\u0131 umduklar\u0131n\u0131 belirtti.<\/p>\n<p style=\"text-align: justify;\">A\u0130HM&#8217;deki davalar karara ba\u011flanmadan \u00f6nce davalar\u0131n d\u00fc\u015f\u00fcr\u00fclmesi konusunda yap\u0131lacak \u00e7al\u0131\u015fmayla ilgili bir soruya Adalet Bakan\u0131 Ergin, bu davalar a\u00e7\u0131lmadan \u00f6nce kabul edilebilirli\u011fine bak\u0131ld\u0131\u011f\u0131n\u0131 belirterek, kabul edilmesi durumunda T\u00fcrkiye&#8217;ye tebligat yap\u0131ld\u0131\u011f\u0131 hat\u0131rlatt\u0131 ve &#8220;Tebligat yap\u0131ld\u0131ktan sonra bakt\u0131\u011f\u0131n\u0131zda daha \u00f6nce bu konuyla ilgili kararlar verilmi\u015f olabilir ve T\u00fcrkiye benzer davay\u0131 kaybetmi\u015ftir. \u015eimdi tekrar ayn\u0131 savunmalar\u0131 yap\u0131p, tekrar o kadar dosyada mahkumiyet almak yerine \u00f6nceki ihlal karar\u0131n\u0131n gere\u011fini yerine getirmek suretiyle hen\u00fcz karar verilmemi\u015f dosyalar\u0131n g\u00fcndemden d\u00fc\u015fmesini sa\u011flayabileceksiniz, tazminattan kurtulacaks\u0131n\u0131z&#8221; diye konu\u015ftu.<\/p>\n<p style=\"text-align: justify;\">Ergin, T\u00fcrkiye&#8217;nin etkin i\u00e7 hukuk yollar\u0131 olu\u015fturmay\u0131 deneyece\u011fini belirterek, &#8220;Bu \u015fekilde de toplu dosyalar\u0131n A\u0130HM&#8217;de mahkemeden karara d\u00f6n\u00fc\u015fmeden \u00f6nce mahkeme T\u00fcrkiye&#8217;yi izleyecek. Etkin bir i\u00e7 hukuk yolu sunmu\u015fsa art\u0131k o dosyalara bakmayacak ve o dosyalar\u0131 T\u00fcrkiye&#8217;ye geri g\u00f6nderecek&#8221; diye konu\u015ftu.<\/p>\n<p style=\"text-align: justify;\">2012 y\u0131l\u0131n\u0131n son bahar\u0131nda Anayasa Mahkemesine bireysel ba\u015fvuru hakk\u0131n\u0131n ba\u015flayaca\u011f\u0131n\u0131 an\u0131msatan Ergin, &#8220;Bu da bizi \u00f6nemli \u00f6l\u00e7\u00fcde rahatlatacak diye temenni ediyorum&#8221; dedi.<\/p>\n<p style=\"text-align: justify;\"><strong>KON\u0130ZO\u011eLU&#8217;NUN \u00d6L\u00dcM\u00dc<\/strong><\/p>\n<p style=\"text-align: justify;\">Odatv davas\u0131nda tutukla yarg\u0131lanan Milli \u0130stihbarat Te\u015fkilat\u0131 mensubu Ka\u015fif Kozino\u011flu&#8217;nun cezaevinde \u00f6lmesinin ard\u0131ndan cezaevlerinde bir sa\u011fl\u0131k sorunu ortaya \u00e7\u0131kt\u0131\u011f\u0131nda ilk m\u00fcdahale konusunda s\u0131k\u0131nt\u0131 ya\u015fand\u0131\u011f\u0131na ili\u015fkin ele\u015ftirilerin hat\u0131rlat\u0131lmas\u0131 ve h\u00fck\u00fcmetin bu konuda ad\u0131m at\u0131p atmayaca\u011f\u0131yla ilgili bir soruya Adalet Bakan\u0131 Sadullah Ergin, T\u00fcrkiye&#8217;de cezaevlerinin standartlar\u0131n\u0131n y\u00fckseltilmesi konusunda 2002&#8217;den bu yana \u00f6nemli mesafeler al\u0131nd\u0131\u011f\u0131n\u0131 belirterek, &#8220;M\u00fckemmel noktada oldu\u011fumuzu s\u00f6ylemiyorum ama 2002 ile k\u0131yas edilemeyecek noktaday\u0131z&#8221; dedi.<\/p>\n<p style=\"text-align: justify;\">2002 y\u0131l\u0131ndan bu yana 203 ceza infaz kurumunun kapat\u0131ld\u0131\u011f\u0131na i\u015faret eden Bakan Ergin, bunlar\u0131n uluslararas\u0131 standartlara uymayanlar oldu\u011funu, bunlar\u0131n bir program dahilinde halen devam etti\u011fini ve mevcut baz\u0131 cezaevlerinin de kapat\u0131lmas\u0131 gerekti\u011fini s\u00f6yledi. Ergin, bu d\u00f6n\u00fc\u015f\u00fcm ve restorasyon s\u00fcrecinin zamana ihtiyac\u0131 oldu\u011funun alt\u0131n\u0131 \u00e7izerek, ceza infaz kurumlar\u0131nda infaz y\u00f6ntemlerinin hem yurt i\u00e7indeki insan haklar\u0131 \u00f6rg\u00fctleri, vilayetlerde kurulmu\u015f komiteler, meclis insan haklar\u0131 komisyonu hem de yurtd\u0131\u015f\u0131ndaki bir \u00e7ok uluslararas\u0131 insan haklar\u0131 \u00f6rg\u00fctleri taraf\u0131ndan denetlendi\u011fini bildirdi.<\/p>\n<p style=\"text-align: justify;\">Ergin, &#8220;Bu anlamda standartlar\u0131m\u0131z Avrupa Konseyinin, BM&#8217;nin, uluslararas\u0131 standartlar\u0131n alt\u0131nda de\u011fil. M\u00fckemmel olmad\u0131\u011f\u0131m\u0131z\u0131 s\u00f6yledim ama ge\u00e7mi\u015fe g\u00f6re \u00e7ok daha iyi noktaday\u0131z. Daha reforme etmemiz, iyile\u015ftirmemiz gereken noktalar da var, bunu da inkar etmiyoruz.&#8221; dedi.<\/p>\n<p style=\"text-align: justify;\"><strong>ETK\u0130N MEKAN\u0130ZMA<\/strong><\/p>\n<p style=\"text-align: justify;\">D\u0131\u015fi\u015fleri Bakan\u0131 Ahmet Davuto\u011flu ile Adalet Bakan\u0131 Sadullah Ergin, bas\u0131n toplant\u0131s\u0131 \u00f6ncesi iki bakanl\u0131k aras\u0131nda T\u00fcrkiye&#8217;nin A\u0130HM s\u00fcrecinde i\u015fbirli\u011fini art\u0131rmak, daha etkin mekanizmalar olu\u015fturmak ve T\u00fcrkiye aleyhine a\u00e7\u0131lm\u0131\u015f dava say\u0131s\u0131n\u0131 azaltmak amac\u0131yla etkin bir i\u015fbirli\u011fi kurmak i\u00e7in protokol imzalad\u0131.<\/p>\n<p style=\"text-align: justify;\">Adalet Bakan\u0131 Ergin, iki bakanl\u0131k aras\u0131nda imzalanan protokol\u00fcn y\u00fcr\u00fcrl\u00fck tarihini 1 Mart 2012 olarak kabul ettiklerini belirtti.<\/p>\n<p style=\"text-align: justify;\"><a href=\"http:\/\/www.gazeteport.com.tr\/haber\/62933\/davalari_nasil_engelleriz_protokolu\" target=\"_blank\">Kaynak : GAZETEPORT<\/a><\/p>\n","protected":false},"excerpt":{"rendered":"<p style=\"text-align: center;\">\n<p style=\"text-align: justify;\">D\u0131\u015fi\u015fleri Bakanl\u0131\u011f\u0131 ile Adalet Bakanl\u0131\u011f\u0131 aras\u0131nda A\u0130HM&#8217;de T\u00fcrkiye aleyhine a\u00e7\u0131lan davalar\u0131n nas\u0131l azalt\u0131laca\u011f\u0131 konusunda protokol imzaland\u0131.<\/p>\n<p style=\"text-align: justify;\">D\u0131\u015fi\u015fleri Bakan\u0131 Ahmet Davuto\u011flu, T\u00fcrkiye&#8217;nin hukuk sisteminden kaynaklanan ve T\u00fcrkiye aleyhine Avrupa \u0130nsan Haklar\u0131 Mahkemesi&#8217;nde (A\u0130HM) a\u00e7\u0131lm\u0131\u015f davalar\u0131n bir hastal\u0131k i\u015fareti oldu\u011funa i\u015faret ederek, &#8220;Genellikle bu davalar\u0131n hepsi bir hastal\u0131k i\u015faretidir, bunu <\/p>\n","protected":false},"author":1,"featured_media":0,"comment_status":"open","ping_status":"open","sticky":false,"template":"","format":"standard","meta":{"footnotes":""},"categories":[105],"tags":[],"class_list":["post-46129","post","type-post","status-publish","format-standard","hentry","category-gundem","odd"],"_links":{"self":[{"href":"http:\/\/www.korhanyilmaz.com\/index.php?rest_route=\/wp\/v2\/posts\/46129","targetHints":{"allow":["GET"]}}],"collection":[{"href":"http:\/\/www.korhanyilmaz.com\/index.php?rest_route=\/wp\/v2\/posts"}],"about":[{"href":"http:\/\/www.korhanyilmaz.com\/index.php?rest_route=\/wp\/v2\/types\/post"}],"author":[{"embeddable":true,"href":"http:\/\/www.korhanyilmaz.com\/index.php?rest_route=\/wp\/v2\/users\/1"}],"replies":[{"embeddable":true,"href":"http:\/\/www.korhanyilmaz.com\/index.php?rest_route=%2Fwp%2Fv2%2Fcomments&post=46129"}],"version-history":[{"count":0,"href":"http:\/\/www.korhanyilmaz.com\/index.php?rest_route=\/wp\/v2\/posts\/46129\/revisions"}],"wp:attachment":[{"href":"http:\/\/www.korhanyilmaz.com\/index.php?rest_route=%2Fwp%2Fv2%2Fmedia&parent=46129"}],"wp:term":[{"taxonomy":"category","embeddable":true,"href":"http:\/\/www.korhanyilmaz.com\/index.php?rest_route=%2Fwp%2Fv2%2Fcategories&post=46129"},{"taxonomy":"post_tag","embeddable":true,"href":"http:\/\/www.korhanyilmaz.com\/index.php?rest_route=%2Fwp%2Fv2%2Ftags&post=46129"}],"curies":[{"name":"wp","href":"https:\/\/api.w.org\/{rel}","templated":true}]}}