{"id":46125,"date":"2012-01-12T17:01:40","date_gmt":"2012-01-12T15:01:40","guid":{"rendered":"http:\/\/www.korhanyilmaz.com\/?p=46125"},"modified":"2012-01-12T18:27:34","modified_gmt":"2012-01-12T16:27:34","slug":"genelkurmaydan-demirtasa-suc-duyurusu","status":"publish","type":"post","link":"http:\/\/www.korhanyilmaz.com\/?p=46125","title":{"rendered":"Genelkurmay&#8217;dan Demirta\u015f&#8217;a su\u00e7 duyurusu"},"content":{"rendered":"<p style=\"text-align: center;\"><a href=\"http:\/\/www.korhanyilmaz.com\/wp-content\/uploads\/2012\/01\/9020.jpg\"  class=\"lightview\"><img loading=\"lazy\" decoding=\"async\" class=\"aligncenter  wp-image-46126\" src=\"http:\/\/www.korhanyilmaz.com\/wp-content\/uploads\/2012\/01\/9020.jpg\" alt=\"\" width=\"314\" height=\"208\" \/><\/a><\/p>\n<p style=\"text-align: justify;\">Genelkurmay Ba\u015fkanl\u0131\u011f\u0131&#8217;n\u0131n, &#8220;Senin r\u00fctben orgeneral de olsa bizim nazar\u0131m\u0131zda onba\u015f\u0131s\u0131n&#8221; s\u00f6zleri nedeniyle BDP Genel Ba\u015fkan\u0131 Selahattin Demirta\u015f hakk\u0131nda bulundu\u011fu su\u00e7 duyurusu dilek\u00e7esi, Sultanbeyli Cumhuriyet Ba\u015fsavc\u0131l\u0131\u011f\u0131&#8217;na g\u00f6nderildi.<\/p>\n<p style=\"text-align: justify;\">\u015eikayet\u00e7inin Genelkurmay Ba\u015fkanl\u0131\u011f\u0131 t\u00fczel ki\u015fili\u011fi oldu\u011fu su\u00e7 duyurusu dilek\u00e7esi, Genelkurmay Ba\u015fkanl\u0131\u011f\u0131n\u0131n avukat\u0131nca, Sultanbeyli Cumhuriyet Ba\u015fsavc\u0131l\u0131\u011f\u0131na iletilmek \u00fczere, Ankara Cumhuriyet Ba\u015fsavc\u0131l\u0131\u011f\u0131na verildi.\u00a0<!--more--><\/p>\n<p style=\"text-align: justify;\">Ankara Cumhuriyet Ba\u015fsavc\u0131l\u0131\u011f\u0131 da dilek\u00e7eyi, konu\u015fman\u0131n yap\u0131ld\u0131\u011f\u0131 yerde g\u00f6revli olan Sultanbeyli Cumhuriyet Ba\u015fsavc\u0131l\u0131\u011f\u0131na g\u00f6nderdi.<\/p>\n<p style=\"text-align: justify;\">Dilek\u00e7ede, Demirta\u015f&#8217;\u0131n, TCK&#8217;n\u0131n 301\/2. maddesindeki, &#8220;T\u00fcrkiye Cumhuriyeti H\u00fck\u00fcmetini, devletin yarg\u0131 organlar\u0131n\u0131, askeri ve emniyet te\u015fkilat\u0131n\u0131 alenen a\u015fa\u011f\u0131lamak&#8221; su\u00e7unu i\u015fledi\u011finin yer ald\u0131\u011f\u0131 \u00f6\u011frenildi.<\/p>\n<p style=\"text-align: justify;\">Selahattin Demirta\u015f, ge\u00e7en g\u00fcnlerde, Genelkurmay Ba\u015fkan\u0131 Orgeneral Necdet \u00d6zel&#8217;in, K\u00fcrt\u00e7e e\u011fitimi uygun bulmad\u0131\u011f\u0131na y\u00f6nelik a\u00e7\u0131klamalar\u0131 \u00fczerine, &#8220;Senin r\u00fctben orgeneral de olsa bizim nazar\u0131m\u0131zda onba\u015f\u0131s\u0131n&#8221; demi\u015fti.<\/p>\n<p style=\"text-align: justify;\">Genelkurmay Ba\u015fkanl\u0131\u011f\u0131 da &#8220;Bir siyasi parti y\u00f6neticisinin Genelkurmay Ba\u015fkan\u0131na y\u00f6nelik sarf etti\u011fi s\u00f6zlerle ilgili hukuki s\u00fcre\u00e7 ba\u015flat\u0131lm\u0131\u015ft\u0131r&#8221; a\u00e7\u0131klamas\u0131n\u0131 yapm\u0131\u015ft\u0131.<\/p>\n<p style=\"text-align: justify;\"><a href=\"http:\/\/www.cnnturk.com\/2012\/turkiye\/01\/12\/genelkurmaydan.demirtasa.suc.duyurusu\/644595.0\/index.html\" target=\"_blank\">Kaynak : CNN T\u00dcRK<\/a><\/p>\n","protected":false},"excerpt":{"rendered":"<p style=\"text-align: center;\">\n<p style=\"text-align: justify;\">Genelkurmay Ba\u015fkanl\u0131\u011f\u0131&#8217;n\u0131n, &#8220;Senin r\u00fctben orgeneral de olsa bizim nazar\u0131m\u0131zda onba\u015f\u0131s\u0131n&#8221; s\u00f6zleri nedeniyle BDP Genel Ba\u015fkan\u0131 Selahattin Demirta\u015f hakk\u0131nda bulundu\u011fu su\u00e7 duyurusu dilek\u00e7esi, Sultanbeyli Cumhuriyet Ba\u015fsavc\u0131l\u0131\u011f\u0131&#8217;na g\u00f6nderildi.<\/p>\n<p style=\"text-align: justify;\">\u015eikayet\u00e7inin Genelkurmay Ba\u015fkanl\u0131\u011f\u0131 t\u00fczel ki\u015fili\u011fi oldu\u011fu su\u00e7 duyurusu dilek\u00e7esi, Genelkurmay Ba\u015fkanl\u0131\u011f\u0131n\u0131n avukat\u0131nca, Sultanbeyli Cumhuriyet Ba\u015fsavc\u0131l\u0131\u011f\u0131na iletilmek \u00fczere, Ankara Cumhuriyet Ba\u015fsavc\u0131l\u0131\u011f\u0131na verildi. <\/p>\n","protected":false},"author":1,"featured_media":0,"comment_status":"open","ping_status":"open","sticky":false,"template":"","format":"standard","meta":{"footnotes":""},"categories":[105],"tags":[],"class_list":["post-46125","post","type-post","status-publish","format-standard","hentry","category-gundem","odd"],"_links":{"self":[{"href":"http:\/\/www.korhanyilmaz.com\/index.php?rest_route=\/wp\/v2\/posts\/46125","targetHints":{"allow":["GET"]}}],"collection":[{"href":"http:\/\/www.korhanyilmaz.com\/index.php?rest_route=\/wp\/v2\/posts"}],"about":[{"href":"http:\/\/www.korhanyilmaz.com\/index.php?rest_route=\/wp\/v2\/types\/post"}],"author":[{"embeddable":true,"href":"http:\/\/www.korhanyilmaz.com\/index.php?rest_route=\/wp\/v2\/users\/1"}],"replies":[{"embeddable":true,"href":"http:\/\/www.korhanyilmaz.com\/index.php?rest_route=%2Fwp%2Fv2%2Fcomments&post=46125"}],"version-history":[{"count":0,"href":"http:\/\/www.korhanyilmaz.com\/index.php?rest_route=\/wp\/v2\/posts\/46125\/revisions"}],"wp:attachment":[{"href":"http:\/\/www.korhanyilmaz.com\/index.php?rest_route=%2Fwp%2Fv2%2Fmedia&parent=46125"}],"wp:term":[{"taxonomy":"category","embeddable":true,"href":"http:\/\/www.korhanyilmaz.com\/index.php?rest_route=%2Fwp%2Fv2%2Fcategories&post=46125"},{"taxonomy":"post_tag","embeddable":true,"href":"http:\/\/www.korhanyilmaz.com\/index.php?rest_route=%2Fwp%2Fv2%2Ftags&post=46125"}],"curies":[{"name":"wp","href":"https:\/\/api.w.org\/{rel}","templated":true}]}}