{"id":46118,"date":"2012-01-12T15:13:52","date_gmt":"2012-01-12T13:13:52","guid":{"rendered":"http:\/\/www.korhanyilmaz.com\/?p=46118"},"modified":"2012-01-12T17:33:06","modified_gmt":"2012-01-12T15:33:06","slug":"zirve-tutuksuz-diyor-ama","status":"publish","type":"post","link":"http:\/\/www.korhanyilmaz.com\/?p=46118","title":{"rendered":"Zirve &#8216;tutuksuz&#8217; diyor ama&#8230;"},"content":{"rendered":"<p style=\"text-align: center;\"><a href=\"http:\/\/www.korhanyilmaz.com\/wp-content\/uploads\/2012\/01\/9018.jpg\"  class=\"lightview\"><img loading=\"lazy\" decoding=\"async\" class=\"aligncenter  wp-image-46119\" src=\"http:\/\/www.korhanyilmaz.com\/wp-content\/uploads\/2012\/01\/9018.jpg\" alt=\"\" width=\"508\" height=\"154\" \/><\/a><\/p>\n<p style=\"text-align: justify;\">G\u00fcl\u2019den Erdo\u011fan\u2019a, muhalefetten iktidara kadar herkes tutuksuz yarg\u0131lamay\u0131 savunup uzun tutuklulu\u011fu ele\u015ftiriyor. Ama 8 milletvekili, eski Genelkurmay Ba\u015fkan\u0131, 139 general gazeteciler ve siyaset\u00e7iler cezaevinde\u2026<\/p>\n<p style=\"text-align: justify;\">ANKARA &#8211; Ba\u015fbakan Recep Tayyip Erdo\u011fan\u2019\u0131n ard\u0131ndan Cumhurba\u015fkan\u0131 Abdullah G\u00fcl de Genelkurmay eski Ba\u015fkan\u0131 \u0130lker Ba\u015fbu\u011f\u2019un tutuksuz yarg\u0131lanmas\u0131 gerekti\u011fini s\u00f6yledi. CHP lideri Kemal K\u0131l\u0131\u00e7daro\u011flu\u2019ndan, iktidar partisi temsilcilerine kadar herkes uzun tutuklulu\u011fu ele\u015ftirirken, \u00f6zel yetkili mahkemelerin verdi\u011fi tutuklama kararlar\u0131 da tart\u0131\u015f\u0131l\u0131yor.\u00a0<!--more--><\/p>\n<p style=\"text-align: justify;\"><a href=\"http:\/\/www.korhanyilmaz.com\/wp-content\/uploads\/2012\/01\/9019.jpg\"  class=\"lightview\"><img loading=\"lazy\" decoding=\"async\" class=\"alignleft  wp-image-46120\" style=\"margin-left: 10px; margin-right: 10px;\" src=\"http:\/\/www.korhanyilmaz.com\/wp-content\/uploads\/2012\/01\/9019.jpg\" alt=\"\" width=\"286\" height=\"130\" \/><\/a>Ba\u015fbakan Erdo\u011fan \u00f6nceki g\u00fcn yapt\u0131\u011f\u0131 a\u00e7\u0131klamada \u2018\u2019Genelkurmay Ba\u015fkan\u0131 olarak iki y\u0131l beraber \u00e7al\u0131\u015ft\u0131\u011f\u0131m\u0131z bir mesai arkada\u015f\u0131md\u0131r. Tutuklama yoluyla de\u011fil de tutuksuz yarg\u0131lanma yolu her zaman ki arzumuzdur. Bu \u015fekildeki bir yolu biz isabetli bir yol olarak g\u00f6rm\u00fcyoruz.\u201d demi\u015fti.<\/p>\n<p style=\"text-align: justify;\"><strong>139 GENERAL CEZAEV\u0130NDE<\/strong><\/p>\n<p style=\"text-align: justify;\">Cumhurba\u015fkan\u0131 G\u00fcl de &#8221;Ba\u015fbakan Erdo\u011fan, \u0130lker Ba\u015fbu\u011f&#8217;un tutuklu yarg\u0131lanmas\u0131ndan dolay\u0131 duydu\u011fu rahats\u0131zl\u0131\u011f\u0131 dile getirdi. Sizin d\u00fc\u015f\u00fcnceniz nedir\u2019\u2019 sorusuna \u2018\u2019Say\u0131n Ba\u015fbakan\u0131n s\u00f6ylediklerini destekliyorum. Zaten bu konular\u0131 daha \u00f6nce de ifade etmi\u015ftim\u2019\u2019 cevab\u0131n\u0131 verdi.<\/p>\n<p style=\"text-align: justify;\">Ba\u015fbakan yard\u0131mc\u0131s\u0131 B\u00fclent Ar\u0131n\u00e7 da, d\u00fcn tutuklu milletvekillerinin serbest b\u0131rak\u0131lmas\u0131 gerekti\u011fini savunarak, \u2018\u2019Lam\u0131 cimi yok, yerleri parlamentodur\u2019\u2019 demi\u015fti. Halen CHP\u2019den 2. MHP\u2019den bir ve BDP\u2019!den 5 milletvekili tutuklu bulunuyor. Balyoz, Ergenekon, And\u0131\u00e7, gibi davalardan dolay\u0131 da 58\u2019i muvazzaf 81\u2019i de emekli 139 general ve amiral ile \u00e7ok say\u0131da subay tutuklu\u2026<\/p>\n<p style=\"text-align: justify;\"><a href=\"http:\/\/www.gazeteport.com.tr\/haber\/73314\/zirve_tutuksuz_diyor_ama\" target=\"_blank\">Kaynak : GAZETEPORT<\/a><\/p>\n","protected":false},"excerpt":{"rendered":"<p style=\"text-align: center;\">\n<p style=\"text-align: justify;\">G\u00fcl\u2019den Erdo\u011fan\u2019a, muhalefetten iktidara kadar herkes tutuksuz yarg\u0131lamay\u0131 savunup uzun tutuklulu\u011fu ele\u015ftiriyor. Ama 8 milletvekili, eski Genelkurmay Ba\u015fkan\u0131, 139 general gazeteciler ve siyaset\u00e7iler cezaevinde\u2026<\/p>\n<p style=\"text-align: justify;\">ANKARA &#8211; Ba\u015fbakan Recep Tayyip Erdo\u011fan\u2019\u0131n ard\u0131ndan Cumhurba\u015fkan\u0131 Abdullah G\u00fcl de Genelkurmay eski Ba\u015fkan\u0131 \u0130lker Ba\u015fbu\u011f\u2019un tutuksuz yarg\u0131lanmas\u0131 gerekti\u011fini s\u00f6yledi. CHP lideri Kemal K\u0131l\u0131\u00e7daro\u011flu\u2019ndan, <\/p>\n","protected":false},"author":1,"featured_media":0,"comment_status":"open","ping_status":"open","sticky":false,"template":"","format":"standard","meta":{"footnotes":""},"categories":[105],"tags":[],"class_list":["post-46118","post","type-post","status-publish","format-standard","hentry","category-gundem","odd"],"_links":{"self":[{"href":"http:\/\/www.korhanyilmaz.com\/index.php?rest_route=\/wp\/v2\/posts\/46118","targetHints":{"allow":["GET"]}}],"collection":[{"href":"http:\/\/www.korhanyilmaz.com\/index.php?rest_route=\/wp\/v2\/posts"}],"about":[{"href":"http:\/\/www.korhanyilmaz.com\/index.php?rest_route=\/wp\/v2\/types\/post"}],"author":[{"embeddable":true,"href":"http:\/\/www.korhanyilmaz.com\/index.php?rest_route=\/wp\/v2\/users\/1"}],"replies":[{"embeddable":true,"href":"http:\/\/www.korhanyilmaz.com\/index.php?rest_route=%2Fwp%2Fv2%2Fcomments&post=46118"}],"version-history":[{"count":0,"href":"http:\/\/www.korhanyilmaz.com\/index.php?rest_route=\/wp\/v2\/posts\/46118\/revisions"}],"wp:attachment":[{"href":"http:\/\/www.korhanyilmaz.com\/index.php?rest_route=%2Fwp%2Fv2%2Fmedia&parent=46118"}],"wp:term":[{"taxonomy":"category","embeddable":true,"href":"http:\/\/www.korhanyilmaz.com\/index.php?rest_route=%2Fwp%2Fv2%2Fcategories&post=46118"},{"taxonomy":"post_tag","embeddable":true,"href":"http:\/\/www.korhanyilmaz.com\/index.php?rest_route=%2Fwp%2Fv2%2Ftags&post=46118"}],"curies":[{"name":"wp","href":"https:\/\/api.w.org\/{rel}","templated":true}]}}