{"id":46114,"date":"2012-01-12T15:07:27","date_gmt":"2012-01-12T13:07:27","guid":{"rendered":"http:\/\/www.korhanyilmaz.com\/?p=46114"},"modified":"2012-01-12T16:10:21","modified_gmt":"2012-01-12T14:10:21","slug":"basbugun-tutukluluguna-itiraz","status":"publish","type":"post","link":"http:\/\/www.korhanyilmaz.com\/?p=46114","title":{"rendered":"Ba\u015fbu\u011f&#8217;un tutuklulu\u011funa itiraz"},"content":{"rendered":"<p style=\"text-align: center;\"><a href=\"http:\/\/www.korhanyilmaz.com\/wp-content\/uploads\/2012\/01\/9017.jpg\"  class=\"lightview\"><img loading=\"lazy\" decoding=\"async\" class=\"aligncenter  wp-image-46115\" src=\"http:\/\/www.korhanyilmaz.com\/wp-content\/uploads\/2012\/01\/9017.jpg\" alt=\"\" width=\"396\" height=\"180\" \/><\/a><\/p>\n<p style=\"text-align: justify;\">Eski Genelkurmay Ba\u015fkan\u0131 \u0130lker Ba\u015fbu\u011f&#8217;un tutukluluk karar\u0131na itiraz edildi.<\/p>\n<p style=\"text-align: justify;\">\u0130STANBUL- Eski Genelkurmay Ba\u015fkan\u0131 emekli Orgeneral \u0130lker Ba\u015fbu\u011f&#8217;un, &#8221;\u0130rtica ile M\u00fccadele Eylem Plan\u0131&#8221; davas\u0131 kapsam\u0131nda yer alan iddialara ili\u015fkin hakk\u0131nda ba\u015flat\u0131lan soru\u015fturma \u00e7er\u00e7evesinde tutuklanmas\u0131na itiraz edildi.\u00a0<!--more--><\/p>\n<p style=\"text-align: justify;\">Be\u015fikta\u015f&#8217;taki \u0130stanbul Adliyesine gelen \u0130lker Ba\u015fbu\u011f&#8217;un avukat\u0131 \u0130lkay Sezer, m\u00fcvekkili hakk\u0131ndaki tutuklama karar\u0131n\u0131n kald\u0131r\u0131lmas\u0131 talebini i\u00e7eren itiraz dilek\u00e7esini, \u0130stanbul 12. A\u011f\u0131r Ceza Mahkemesine sundu.<\/p>\n<p style=\"text-align: justify;\">Emekli Orgeneral Ba\u015fbu\u011f, 6 Ocak&#8217;ta \u0130stanbul N\u00f6bet\u00e7i 12. A\u011f\u0131r Ceza Mahkemesince &#8221;\u00f6rg\u00fct y\u00f6neticili\u011fi&#8221; ve &#8221;cebir ve \u015fiddet kullanarak T\u00fcrkiye Cumhuriyeti H\u00fck\u00fcmetini ortadan kald\u0131rmaya veya g\u00f6revlerini yapmas\u0131n\u0131 k\u0131smen veya tamamen engellemeye te\u015febb\u00fcs&#8221; su\u00e7lar\u0131ndan tutuklanarak Silivri 5 No&#8217;lu L Tipi Kapal\u0131 Cezaevine konulmu\u015ftu.<\/p>\n<p style=\"text-align: justify;\"><a href=\"http:\/\/www.gazeteport.com.tr\/haber\/73317\/basbugun_tutukluluguna_itiraz\" target=\"_blank\">Kaynak : GAZETEPORT<\/a><\/p>\n","protected":false},"excerpt":{"rendered":"<p style=\"text-align: center;\">\n<p style=\"text-align: justify;\">Eski Genelkurmay Ba\u015fkan\u0131 \u0130lker Ba\u015fbu\u011f&#8217;un tutukluluk karar\u0131na itiraz edildi.<\/p>\n<p style=\"text-align: justify;\">\u0130STANBUL- Eski Genelkurmay Ba\u015fkan\u0131 emekli Orgeneral \u0130lker Ba\u015fbu\u011f&#8217;un, &#8221;\u0130rtica ile M\u00fccadele Eylem Plan\u0131&#8221; davas\u0131 kapsam\u0131nda yer alan iddialara ili\u015fkin hakk\u0131nda ba\u015flat\u0131lan soru\u015fturma \u00e7er\u00e7evesinde tutuklanmas\u0131na itiraz edildi. <\/p>\n","protected":false},"author":1,"featured_media":0,"comment_status":"open","ping_status":"open","sticky":false,"template":"","format":"standard","meta":{"footnotes":""},"categories":[105],"tags":[],"class_list":["post-46114","post","type-post","status-publish","format-standard","hentry","category-gundem","odd"],"_links":{"self":[{"href":"http:\/\/www.korhanyilmaz.com\/index.php?rest_route=\/wp\/v2\/posts\/46114","targetHints":{"allow":["GET"]}}],"collection":[{"href":"http:\/\/www.korhanyilmaz.com\/index.php?rest_route=\/wp\/v2\/posts"}],"about":[{"href":"http:\/\/www.korhanyilmaz.com\/index.php?rest_route=\/wp\/v2\/types\/post"}],"author":[{"embeddable":true,"href":"http:\/\/www.korhanyilmaz.com\/index.php?rest_route=\/wp\/v2\/users\/1"}],"replies":[{"embeddable":true,"href":"http:\/\/www.korhanyilmaz.com\/index.php?rest_route=%2Fwp%2Fv2%2Fcomments&post=46114"}],"version-history":[{"count":0,"href":"http:\/\/www.korhanyilmaz.com\/index.php?rest_route=\/wp\/v2\/posts\/46114\/revisions"}],"wp:attachment":[{"href":"http:\/\/www.korhanyilmaz.com\/index.php?rest_route=%2Fwp%2Fv2%2Fmedia&parent=46114"}],"wp:term":[{"taxonomy":"category","embeddable":true,"href":"http:\/\/www.korhanyilmaz.com\/index.php?rest_route=%2Fwp%2Fv2%2Fcategories&post=46114"},{"taxonomy":"post_tag","embeddable":true,"href":"http:\/\/www.korhanyilmaz.com\/index.php?rest_route=%2Fwp%2Fv2%2Ftags&post=46114"}],"curies":[{"name":"wp","href":"https:\/\/api.w.org\/{rel}","templated":true}]}}