{"id":46110,"date":"2012-01-12T13:51:40","date_gmt":"2012-01-12T11:51:40","guid":{"rendered":"http:\/\/www.korhanyilmaz.com\/?p=46110"},"modified":"2012-01-12T14:29:50","modified_gmt":"2012-01-12T12:29:50","slug":"gule-basbug-sorusu","status":"publish","type":"post","link":"http:\/\/www.korhanyilmaz.com\/?p=46110","title":{"rendered":"G\u00fcl&#8217;e Ba\u015fbu\u011f sorusu&#8230;"},"content":{"rendered":"<p style=\"text-align: center;\"><a href=\"http:\/\/www.korhanyilmaz.com\/wp-content\/uploads\/2012\/01\/9016.jpg\"  class=\"lightview\"><img loading=\"lazy\" decoding=\"async\" class=\"aligncenter  wp-image-46111\" src=\"http:\/\/www.korhanyilmaz.com\/wp-content\/uploads\/2012\/01\/9016.jpg\" alt=\"\" width=\"307\" height=\"236\" \/><\/a><\/p>\n<p style=\"text-align: justify;\">Cumhurba\u015fkan\u0131 Abdullah G\u00fcl, eski Genelkurmay Ba\u015fkan\u0131 emekli Orgeneral \u0130lker Ba\u015fbu\u011f&#8217;un Y\u00fcce Divan&#8217;da yarg\u0131lan\u0131p yarg\u0131lanmayaca\u011f\u0131na ili\u015fkin soru \u00fczerine &#8220;Hukuk tekni\u011fiyle ilgili bir konu. Dolay\u0131s\u0131yla ilgili makamlar karar verecektir. Benim \u015fahsi kanaatim anayasadaki \u00f6zel maddenin daha ge\u00e7erli oldu\u011fu y\u00f6n\u00fcnde Y\u00fcce Divan olarak&#8221; dedi.\u00a0<!--more--><\/p>\n<p style=\"text-align: justify;\">Cumhurba\u015fkan\u0131 Abdullah G\u00fcl ile K\u0131rg\u0131zistan Cumhurba\u015fkan\u0131 Almazbek Atambayev, iki \u00fclke aras\u0131ndaki anla\u015fmalar\u0131n imza t\u00f6reninin ard\u0131ndan ortak bas\u0131n toplant\u0131s\u0131 d\u00fczenledi.<\/p>\n<p style=\"text-align: justify;\">Burada gazetecilerin sorular\u0131n\u0131 yan\u0131tlayan G\u00fcl, bir gazetecinin, &#8220;Ba\u015fbakan Recep Tayyip Erdo\u011fan, eski Genelkurmay Ba\u015fkan\u0131 \u0130lker Ba\u015fbu\u011f&#8217;un tutuklu yarg\u0131lanmas\u0131ndan dolay\u0131 duydu\u011fu rahats\u0131zl\u0131\u011f\u0131 dile getirdi. Say\u0131n Ba\u015fbu\u011f&#8217;un tutuklu yarg\u0131lanmas\u0131ndan dolay\u0131 sizin d\u00fc\u015f\u00fcnceniz nedir? Ba\u015fbu\u011f, Y\u00fcce Divan&#8217;da m\u0131, \u00f6zel yetkili mahkemede mi yarg\u0131lanmas\u0131n\u0131 ki\u015fisel olarak d\u00fc\u015f\u00fcn\u00fcyorsunuz?&#8221; sorusu \u00fczerine, \u015funlar\u0131 s\u00f6yledi:<\/p>\n<p style=\"text-align: justify;\">&#8220;Bu konulardaki fikirlerimi daha \u00f6nceden de biliyorsunuz, tutukluluklarla ilgili g\u00f6r\u00fc\u015f\u00fcm\u00fcn ne oldu\u011funu. Say\u0131n ba\u015fbakan\u0131n s\u00f6yledi\u011fi \u015feyleri ben de destekliyorum. Zaten bu konular\u0131 daha \u00f6nce de ifade etmi\u015ftim, gerek mecliste gerek ba\u015fka ortamlarda. Di\u011fer konu tamamen hukuk tekni\u011fiyle ilgili bir konu. Dolay\u0131s\u0131yla ilgili makamlar karar verecektir. Benim \u015fahsi kanaatim, anayasadaki \u00f6zel maddenin daha ge\u00e7erli oldu\u011fu y\u00f6n\u00fcnde Y\u00fcce Divan olarak. Ama nihayetinde bu, bir hukuk tekni\u011fi ile ilgili bir konu. Dolay\u0131s\u0131yla ilgili makamlar\u0131n, ilgili sorumlu kurumlar\u0131n karar\u0131na bakmak laz\u0131m.&#8221;<\/p>\n<p style=\"text-align: justify;\">Bir gazetecinin &#8220;Cumhurba\u015fkan\u0131n\u0131n g\u00f6rev s\u00fcresinin 7 y\u0131l olmas\u0131 ve bir kez daha se\u00e7ilemeyece\u011fi meclisteki d\u00fczenlemede var. &#8216;Cumhurba\u015fkanl\u0131\u011f\u0131 s\u00fcresi yasa ile belirlenemez&#8217; y\u00f6n\u00fcnde hukuki g\u00f6r\u00fc\u015fler de var&#8221; demesi \u00fczerine G\u00fcl, &#8220;Bu konu ile ilgili ben s\u00f6yleyeceklerimi hep s\u00f6yledim. \u015eu konuyla ilgili sorular\u0131 ba\u015fkalar\u0131na sorun&#8221; yan\u0131t\u0131n\u0131 verdi.<\/p>\n<p style=\"text-align: justify;\"><a href=\"http:\/\/www.cnnturk.com\/2012\/turkiye\/01\/12\/gule.basbug.sorusu\/644538.0\/index.html\" target=\"_blank\">Kaynak : CNN T\u00dcRK\u00a0<\/a><\/p>\n","protected":false},"excerpt":{"rendered":"<p style=\"text-align: center;\">\n<p style=\"text-align: justify;\">Cumhurba\u015fkan\u0131 Abdullah G\u00fcl, eski Genelkurmay Ba\u015fkan\u0131 emekli Orgeneral \u0130lker Ba\u015fbu\u011f&#8217;un Y\u00fcce Divan&#8217;da yarg\u0131lan\u0131p yarg\u0131lanmayaca\u011f\u0131na ili\u015fkin soru \u00fczerine &#8220;Hukuk tekni\u011fiyle ilgili bir konu. Dolay\u0131s\u0131yla ilgili makamlar karar verecektir. Benim \u015fahsi kanaatim anayasadaki \u00f6zel maddenin daha ge\u00e7erli oldu\u011fu y\u00f6n\u00fcnde Y\u00fcce Divan olarak&#8221; dedi. <\/p>\n","protected":false},"author":1,"featured_media":0,"comment_status":"open","ping_status":"open","sticky":false,"template":"","format":"standard","meta":{"footnotes":""},"categories":[105],"tags":[],"class_list":["post-46110","post","type-post","status-publish","format-standard","hentry","category-gundem","odd"],"_links":{"self":[{"href":"http:\/\/www.korhanyilmaz.com\/index.php?rest_route=\/wp\/v2\/posts\/46110","targetHints":{"allow":["GET"]}}],"collection":[{"href":"http:\/\/www.korhanyilmaz.com\/index.php?rest_route=\/wp\/v2\/posts"}],"about":[{"href":"http:\/\/www.korhanyilmaz.com\/index.php?rest_route=\/wp\/v2\/types\/post"}],"author":[{"embeddable":true,"href":"http:\/\/www.korhanyilmaz.com\/index.php?rest_route=\/wp\/v2\/users\/1"}],"replies":[{"embeddable":true,"href":"http:\/\/www.korhanyilmaz.com\/index.php?rest_route=%2Fwp%2Fv2%2Fcomments&post=46110"}],"version-history":[{"count":0,"href":"http:\/\/www.korhanyilmaz.com\/index.php?rest_route=\/wp\/v2\/posts\/46110\/revisions"}],"wp:attachment":[{"href":"http:\/\/www.korhanyilmaz.com\/index.php?rest_route=%2Fwp%2Fv2%2Fmedia&parent=46110"}],"wp:term":[{"taxonomy":"category","embeddable":true,"href":"http:\/\/www.korhanyilmaz.com\/index.php?rest_route=%2Fwp%2Fv2%2Fcategories&post=46110"},{"taxonomy":"post_tag","embeddable":true,"href":"http:\/\/www.korhanyilmaz.com\/index.php?rest_route=%2Fwp%2Fv2%2Ftags&post=46110"}],"curies":[{"name":"wp","href":"https:\/\/api.w.org\/{rel}","templated":true}]}}