{"id":4611,"date":"2009-03-04T09:58:48","date_gmt":"2009-03-04T07:58:48","guid":{"rendered":"http:\/\/www.korhanyilmaz.com\/?p=4611"},"modified":"2009-03-04T09:58:48","modified_gmt":"2009-03-04T07:58:48","slug":"telekulak-gelir-idaresi-baskani%e2%80%99ni-yedi","status":"publish","type":"post","link":"http:\/\/www.korhanyilmaz.com\/?p=4611","title":{"rendered":"Telekulak Gelir \u0130daresi Ba\u015fkan\u0131\u2019n\u0131 yedi"},"content":{"rendered":"<p><img loading=\"lazy\" decoding=\"async\" class=\"aligncenter size-full wp-image-4612\" title=\"Mehmet Akif Ulusoy \" src=\"http:\/\/www.korhanyilmaz.com\/wp-content\/uploads\/2009\/03\/maliye-riskli-gordugu-mukellefleri-yakindan-takip_o.jpg\" alt=\"Mehmet Akif Ulusoy \" width=\"250\" height=\"239\" \/><\/p>\n<p style=\"text-align: justify;\"><strong>Yasad\u0131\u015f\u0131 yollardan Do\u011fan Holding Ba\u015fkan Yard\u0131mc\u0131s\u0131 Soner Gedik&#8217;le telefon g\u00f6r\u00fc\u015fmeleri dinlenen Gelir \u0130daresi Ba\u015fkan\u0131 Mehmet Akif Ulusoy g\u00f6revden al\u0131n\u0131yor.<\/strong><\/p>\n<p style=\"text-align: justify;\">Maliye Bakanl\u0131\u011f\u0131 Gelir \u0130daresi Ba\u015fkan\u0131 Mehmet Akif Ulusoy g\u00f6revden al\u0131n\u0131yor. H\u00fck\u00fcmet Ulusoy&#8217;un g\u00f6revden al\u0131nmas\u0131na ili\u015fkin kararnameyi haz\u0131rlay\u0131p K\u00f6\u015fk&#8217;e g\u00f6nderdi. Edinilen bilgiye g\u00f6re Ulusoy&#8217;un yerine \u00d6zelle\u015ftirme \u0130daresi Ba\u015fkan\u0131 Metin Kilci&#8217;nin karde\u015fi Gelir \u0130daresi Ba\u015fkan Yard\u0131mc\u0131s\u0131 Mehmet Kilci&#8217;nin atanacak.<\/p>\n<p style=\"text-align: justify;\"><strong>Konu\u015fma internete d\u00fc\u015ft\u00fc<\/strong><\/p>\n<p style=\"text-align: justify;\">Ulusoy&#8217;un g\u00f6revden al\u0131nmas\u0131nda, ge\u00e7ti\u011fimiz g\u00fcnlerde, Do\u011fan Yay\u0131n Holding Ba\u015fkan Yard\u0131mc\u0131s\u0131 Soner Gedik ile holdinge kesilen 826 milyon TL&#8217;lik vergi cezas\u0131na ili\u015fkin ger\u00e7ekle\u015ftirdi\u011fi telefon g\u00f6r\u00fc\u015fmesinin yasad\u0131\u015f\u0131 yollardan dinlenip internete d\u00fc\u015fmesinin neden oldu\u011fu ifade edildi. <!--more-->Maliye Bakan\u0131 Kemal Unak\u0131tan&#8217;\u0131n talimat\u0131 \u00fczerine ger\u00e7ekle\u015ftirildi\u011fi belirtilen Akif Ulusoy ile Soner Gedik aras\u0131ndaki telefon g\u00f6r\u00fc\u015fmenin internet sitelerinde yer almas\u0131n\u0131n ard\u0131ndan g\u00f6zler Gelir \u0130daresi Ba\u015fkanl\u0131\u011f\u0131&#8217;na \u00e7evrilmi\u015fti.<br \/>\nUlusoy sessizli\u011fini uzun bir s\u00fcredir korurken, h\u00fck\u00fcmetin ald\u0131\u011f\u0131 karar ile g\u00f6revden al\u0131nm\u0131\u015f oldu. Ulusoy, 16 Mart&#8217;a kadar izin al\u0131rken, yerine vekaleten Mehmet Kilci&#8217;nin bakaca\u011f\u0131 \u00f6\u011frenildi.<\/p>\n<p style=\"text-align: justify;\">1983-1986 aras\u0131nda hesap uzman yard\u0131mc\u0131s\u0131 olarak kamudaki g\u00f6revine ba\u015flayan Mehmet Akif Ulusoy son olarak 2003-2004 y\u0131llar\u0131 aras\u0131nda \u0130zmir Defterdar\u0131, 2004-2005 aras\u0131nda \u0130stanbul Defterdar\u0131, 2005-2006 aras\u0131nda \u0130stanbul Vergi Dairesi Ba\u015fkan\u0131 ve 2006-2007 aras\u0131nda Gelir \u0130daresi Ba\u015fkan Yard\u0131mc\u0131s\u0131 olarak g\u00f6rev alm\u0131\u015f bu s\u00fcre\u00e7te ayn\u0131 zamanda B\u00fcy\u00fck M\u00fckellefler Vergi Dairesi Ba\u015fkanl\u0131\u011f\u0131 g\u00f6revini de y\u00fcr\u00fctm\u00fc\u015ft\u00fc.<br \/>\nUlusoy 30 Ekim 2007&#8217;de ise Gelir \u0130daresi Ba\u015fkanl\u0131\u011f\u0131&#8217;na atanm\u0131\u015ft\u0131.\n<\/p>\n<p style=\"text-align: justify;\"><span style=\"color: #888888;\">Kaynak : Radikal Gazetesi<\/span><\/p>\n","protected":false},"excerpt":{"rendered":"<\/p>\n<p style=\"text-align: justify;\">Yasad\u0131\u015f\u0131 yollardan Do\u011fan Holding Ba\u015fkan Yard\u0131mc\u0131s\u0131 Soner Gedik&#8217;le telefon g\u00f6r\u00fc\u015fmeleri dinlenen Gelir \u0130daresi Ba\u015fkan\u0131 Mehmet Akif Ulusoy g\u00f6revden al\u0131n\u0131yor.<\/p>\n<p style=\"text-align: justify;\">Maliye Bakanl\u0131\u011f\u0131 Gelir \u0130daresi Ba\u015fkan\u0131 Mehmet Akif Ulusoy g\u00f6revden al\u0131n\u0131yor. H\u00fck\u00fcmet Ulusoy&#8217;un g\u00f6revden al\u0131nmas\u0131na ili\u015fkin kararnameyi haz\u0131rlay\u0131p K\u00f6\u015fk&#8217;e g\u00f6nderdi. Edinilen bilgiye g\u00f6re Ulusoy&#8217;un yerine \u00d6zelle\u015ftirme \u0130daresi Ba\u015fkan\u0131 Metin Kilci&#8217;nin karde\u015fi Gelir <\/p>\n","protected":false},"author":1,"featured_media":0,"comment_status":"open","ping_status":"closed","sticky":false,"template":"","format":"standard","meta":{"footnotes":""},"categories":[105],"tags":[],"class_list":["post-4611","post","type-post","status-publish","format-standard","hentry","category-gundem","odd"],"_links":{"self":[{"href":"http:\/\/www.korhanyilmaz.com\/index.php?rest_route=\/wp\/v2\/posts\/4611","targetHints":{"allow":["GET"]}}],"collection":[{"href":"http:\/\/www.korhanyilmaz.com\/index.php?rest_route=\/wp\/v2\/posts"}],"about":[{"href":"http:\/\/www.korhanyilmaz.com\/index.php?rest_route=\/wp\/v2\/types\/post"}],"author":[{"embeddable":true,"href":"http:\/\/www.korhanyilmaz.com\/index.php?rest_route=\/wp\/v2\/users\/1"}],"replies":[{"embeddable":true,"href":"http:\/\/www.korhanyilmaz.com\/index.php?rest_route=%2Fwp%2Fv2%2Fcomments&post=4611"}],"version-history":[{"count":0,"href":"http:\/\/www.korhanyilmaz.com\/index.php?rest_route=\/wp\/v2\/posts\/4611\/revisions"}],"wp:attachment":[{"href":"http:\/\/www.korhanyilmaz.com\/index.php?rest_route=%2Fwp%2Fv2%2Fmedia&parent=4611"}],"wp:term":[{"taxonomy":"category","embeddable":true,"href":"http:\/\/www.korhanyilmaz.com\/index.php?rest_route=%2Fwp%2Fv2%2Fcategories&post=4611"},{"taxonomy":"post_tag","embeddable":true,"href":"http:\/\/www.korhanyilmaz.com\/index.php?rest_route=%2Fwp%2Fv2%2Ftags&post=4611"}],"curies":[{"name":"wp","href":"https:\/\/api.w.org\/{rel}","templated":true}]}}