{"id":46106,"date":"2012-01-12T13:45:11","date_gmt":"2012-01-12T11:45:11","guid":{"rendered":"http:\/\/www.korhanyilmaz.com\/?p=46106"},"modified":"2012-01-12T13:54:32","modified_gmt":"2012-01-12T11:54:32","slug":"milli-egitim-diyanete-mi-baglandi","status":"publish","type":"post","link":"http:\/\/www.korhanyilmaz.com\/?p=46106","title":{"rendered":"&#8216;Milli E\u011fitim, Diyanet&#8217;e mi ba\u011fland\u0131?&#8217;"},"content":{"rendered":"<p style=\"text-align: center;\"><a href=\"http:\/\/www.korhanyilmaz.com\/wp-content\/uploads\/2012\/01\/9015.jpg\"  class=\"lightview\"><img loading=\"lazy\" decoding=\"async\" class=\"aligncenter  wp-image-46107\" src=\"http:\/\/www.korhanyilmaz.com\/wp-content\/uploads\/2012\/01\/9015.jpg\" alt=\"\" width=\"322\" height=\"241\" \/><\/a><\/p>\n<p style=\"text-align: justify;\">E\u011fitim-\u0130\u015f Genel Ba\u015fkan\u0131 Veli Demir, e\u011fitimin AKP iktidar\u0131n\u0131n 10 y\u0131ll\u0131k d\u00f6neminde e\u011fitim, siyasal iktidar\u0131n egemen ideolojisinin \u00f6nemli bir bile\u015feni haline getirilerek en fazla y\u0131prat\u0131lan alan oldu\u011funu belirterek, &#8220;Milli E\u011fitim Bakanl\u0131\u011f\u0131 ulusal e\u011fitimden uzakla\u015fm\u0131\u015f, adeta Diyanet \u0130\u015fleri Ba\u015fkanl\u0131\u011f\u0131&#8217;n\u0131n g\u00fcd\u00fcm\u00fcne girmi\u015ftir&#8221; iddias\u0131nda bulundu.<!--more--><\/p>\n<p style=\"text-align: justify;\">Ankara- Demir yaz\u0131l\u0131 a\u00e7\u0131klamas\u0131nda, on y\u0131lda Diyanet \u0130\u015fleri Ba\u015fkanl\u0131\u011f\u0131&#8217;ndan y\u00fczlerce personelin Milli E\u011fitim Bakanl\u0131\u011f\u0131 kadrosuna ge\u00e7ti\u011fini belirterek, &#8220;Milli E\u011fitim Bakanl\u0131\u011f\u0131&#8217;na nakil olan 5 personelden 1&#8217;i, Diyanet \u0130\u015fleri Ba\u015fkanl\u0131\u011f\u0131&#8217;ndan gelmektedir. Siyasal iktidar\u0131n e\u011fitimi dinselle\u015ftirmeye y\u00f6nelik uygulamalar\u0131 bununla da s\u0131n\u0131rl\u0131 de\u011fildir. E\u011fitim m\u00fcfredat\u0131 ve okullardaki her t\u00fcrl\u00fc uygulamada bunu g\u00f6rmek m\u00fcmk\u00fcnd\u00fcr&#8221; dedi.<\/p>\n<p style=\"text-align: justify;\">Kur&#8217;an kurslar\u0131na giden ilk\u00f6\u011fretim \u00f6\u011frencilerinde ya\u015f s\u0131n\u0131r\u0131n\u0131n kald\u0131r\u0131lmas\u0131n\u0131n, \u00fcniversitelere giri\u015fte katsay\u0131 uygulamas\u0131na son verilerek \u0130mam Hatip Liselerinden mezun olan \u00f6\u011frencilerin avantajl\u0131 duruma getirilmesinin, ilk\u00f6\u011fretim 4. s\u0131n\u0131fta bile Arap\u00e7a&#8217;n\u0131n se\u00e7meli ders olarak okutulmas\u0131n\u0131n, &#8220;Kutlu Do\u011fum Haftas\u0131&#8221; ad\u0131 alt\u0131ndaki faaliyetlerin 23 Nisan Ulusal Egemenlik ve \u00c7ocuk Bayram\u0131 kutlamalar\u0131yla ayn\u0131 haftaya denk getirilerek 23 Nisan Ulusal Egemenlik ve \u00c7ocuk Bayram\u0131&#8217;n\u0131n g\u00f6lgede b\u0131rak\u0131lmas\u0131n\u0131n, okuma-yazmas\u0131 olmayan baz\u0131 &#8220;mele&#8217;lere Diyanet \u0130\u015fleri Ba\u015fkanl\u0131\u011f\u0131&#8217;ndan kadro verilmesinin \u00f6rnek olu\u015fturdu\u011funu savunan Demir \u015f\u00f6yle dedi:<\/p>\n<p style=\"text-align: justify;\">&#8220;A\u015famal\u0131 Devams\u0131zl\u0131k Y\u00f6netimi (ADEY) kapsam\u0131nda &#8216;okul imaml\u0131\u011f\u0131&#8217; uygulamas\u0131 ile devams\u0131zl\u0131k yapan \u00f6\u011frencilerin ailesine yap\u0131lacak ziyaretlere, rehber \u00f6\u011fretmenler yerine imamlar\u0131n kat\u0131lmas\u0131 \u00f6ng\u00f6r\u00fclm\u00fc\u015ft\u00fcr. Yine Diyanet \u0130\u015fleri Ba\u015fkanl\u0131\u011f\u0131&#8217;n\u0131n \u00f6nerisiyle Milli E\u011fitim Bakanl\u0131\u011f\u0131 taraf\u0131ndan, 493 imam hatip lisesinde t\u00fcm orta\u00f6\u011fretim okullar\u0131ndaki 9. s\u0131n\u0131flara y\u00f6nelik olarak ergenin din e\u011fitimi ad\u0131 alt\u0131nda bir proje uygulamaya konulmu\u015ftur.<\/p>\n<p style=\"text-align: justify;\">Son olarak Diyanet \u0130\u015fleri Ba\u015fkanl\u0131\u011f\u0131, Milli E\u011fitim Bakanl\u0131\u011f\u0131 kanal\u0131yla okullara g\u00f6nderdi\u011fi yaz\u0131da, yar\u0131y\u0131l tatilinde umre yapmak isteyen \u00f6\u011fretmen, \u00f6\u011frenci ve velilere 10 g\u00fcnl\u00fck umre tertiplendi\u011fini duyurmu\u015ftur.<\/p>\n<p style=\"text-align: justify;\">E\u011fitim-\u0130\u015f olarak daha \u00f6nce de defalarca yapt\u0131\u011f\u0131m\u0131z gibi Milli E\u011fitim Bakanl\u0131\u011f\u0131&#8217;na, anayasan\u0131n 10. maddesini hat\u0131rlatma gere\u011fi duyuyoruz: Bu maddeye g\u00f6re; &#8216;Herkes, dil, \u0131rk, renk, cinsiyet, siyasi d\u00fc\u015f\u00fcnce, felsefi inan\u00e7, din, mezhep ve benzeri sebeplerle ay\u0131r\u0131m g\u00f6zetilmeksizin kanun \u00f6n\u00fcnde e\u015fittir. Hi\u00e7bir ki\u015fiye, aileye, z\u00fcmreye veya s\u0131n\u0131fa imtiyaz tan\u0131namaz. Devlet organlar\u0131 ve idare makamlar\u0131 b\u00fct\u00fcn i\u015flemlerinde kanun \u00f6n\u00fcnde e\u015fitlik ilkesine uygun olarak hareket etmek zorundad\u0131rlar.'&#8221;<\/p>\n<p style=\"text-align: justify;\">E\u011fitim-\u0130\u015f Genel Ba\u015fkan\u0131 Veli Demir, laikli\u011fin, bireysel \u00f6zg\u00fcrl\u00fckleri korumay\u0131 ve devletin bireylere belli bir inanc\u0131 dayatmas\u0131n\u0131 engelleyen bir ilke oldu\u011funu belirterek, &#8220;Ba\u015fka bir deyi\u015fle, laikli\u011fin sosyal ve siyasi alandaki temel i\u015flevi, siyaset ili\u015fkilerini en sa\u011fl\u0131kl\u0131 \u015fekilde kurarak, \u00f6zg\u00fcrl\u00fc\u011f\u00fc ve toplumsal bar\u0131\u015f\u0131 sa\u011flamak ve korumakt\u0131r. Ancak bug\u00fcnk\u00fc uygulamalara bakt\u0131\u011f\u0131m\u0131zda, \u00f6\u011frenciler aras\u0131nda mezhebe dayal\u0131 bir ayr\u0131\u015ft\u0131rma yarat\u0131lmaya \u00e7al\u0131\u015f\u0131ld\u0131\u011f\u0131n\u0131, her f\u0131rsatta e\u011fitimde bilimselli\u011fe de\u011fil, egemen ideolojinin s\u0131rt\u0131n\u0131 yaslad\u0131\u011f\u0131 dine dayal\u0131 vurgular\u0131n yap\u0131ld\u0131\u011f\u0131n\u0131 g\u00f6r\u00fcyoruz. Laik, demokratik ve bilimsel bir e\u011fitim anlay\u0131\u015f\u0131n\u0131 yads\u0131yan bu anlay\u0131\u015f\u0131n bug\u00fcn h\u0131z kesmeden her alana sinmesi, son derece endi\u015fe vericidir. Milli e\u011fitim sistemimizin temelini olu\u015fturan Tevhid-i Tedrisat Yasas\u0131n\u0131, Atat\u00fcrk ilke ve devrimlerini, anayasan\u0131n de\u011fi\u015fmez h\u00fck\u00fcmlerini milli e\u011fitim sisteminden d\u0131\u015flamaya \u00e7al\u0131\u015fan bu giri\u015fim kar\u015f\u0131s\u0131nda t\u00fcm duyarl\u0131 kesimleri tav\u0131r almaya ve birlikte m\u00fccadele etmeye \u00e7a\u011f\u0131r\u0131yoruz&#8221; dedi.<\/p>\n<p style=\"text-align: justify;\"><a href=\"http:\/\/www.cumhuriyet.com.tr\/?hn=307264&amp;kw='Milli+E%F0itim%2C+Diyanet'e+mi+ba%F0land%FD%3F'\" target=\"_blank\">Kaynak : Cumhuriyet Haber Portal\u0131<\/a><\/p>\n","protected":false},"excerpt":{"rendered":"<p style=\"text-align: center;\">\n<p style=\"text-align: justify;\">E\u011fitim-\u0130\u015f Genel Ba\u015fkan\u0131 Veli Demir, e\u011fitimin AKP iktidar\u0131n\u0131n 10 y\u0131ll\u0131k d\u00f6neminde e\u011fitim, siyasal iktidar\u0131n egemen ideolojisinin \u00f6nemli bir bile\u015feni haline getirilerek en fazla y\u0131prat\u0131lan alan oldu\u011funu belirterek, &#8220;Milli E\u011fitim Bakanl\u0131\u011f\u0131 ulusal e\u011fitimden uzakla\u015fm\u0131\u015f, adeta Diyanet \u0130\u015fleri Ba\u015fkanl\u0131\u011f\u0131&#8217;n\u0131n g\u00fcd\u00fcm\u00fcne girmi\u015ftir&#8221; iddias\u0131nda bulundu.<\/p>\n","protected":false},"author":1,"featured_media":0,"comment_status":"open","ping_status":"open","sticky":false,"template":"","format":"standard","meta":{"footnotes":""},"categories":[105],"tags":[],"class_list":["post-46106","post","type-post","status-publish","format-standard","hentry","category-gundem","odd"],"_links":{"self":[{"href":"http:\/\/www.korhanyilmaz.com\/index.php?rest_route=\/wp\/v2\/posts\/46106","targetHints":{"allow":["GET"]}}],"collection":[{"href":"http:\/\/www.korhanyilmaz.com\/index.php?rest_route=\/wp\/v2\/posts"}],"about":[{"href":"http:\/\/www.korhanyilmaz.com\/index.php?rest_route=\/wp\/v2\/types\/post"}],"author":[{"embeddable":true,"href":"http:\/\/www.korhanyilmaz.com\/index.php?rest_route=\/wp\/v2\/users\/1"}],"replies":[{"embeddable":true,"href":"http:\/\/www.korhanyilmaz.com\/index.php?rest_route=%2Fwp%2Fv2%2Fcomments&post=46106"}],"version-history":[{"count":0,"href":"http:\/\/www.korhanyilmaz.com\/index.php?rest_route=\/wp\/v2\/posts\/46106\/revisions"}],"wp:attachment":[{"href":"http:\/\/www.korhanyilmaz.com\/index.php?rest_route=%2Fwp%2Fv2%2Fmedia&parent=46106"}],"wp:term":[{"taxonomy":"category","embeddable":true,"href":"http:\/\/www.korhanyilmaz.com\/index.php?rest_route=%2Fwp%2Fv2%2Fcategories&post=46106"},{"taxonomy":"post_tag","embeddable":true,"href":"http:\/\/www.korhanyilmaz.com\/index.php?rest_route=%2Fwp%2Fv2%2Ftags&post=46106"}],"curies":[{"name":"wp","href":"https:\/\/api.w.org\/{rel}","templated":true}]}}