{"id":46088,"date":"2012-01-12T08:07:18","date_gmt":"2012-01-12T06:07:18","guid":{"rendered":"http:\/\/www.korhanyilmaz.com\/?p=46088"},"modified":"2012-01-12T13:11:31","modified_gmt":"2012-01-12T11:11:31","slug":"kilicdaroglu-hukumete-karsi-andic-olmaz","status":"publish","type":"post","link":"http:\/\/www.korhanyilmaz.com\/?p=46088","title":{"rendered":"K\u0131l\u0131\u00e7daro\u011flu: H\u00fck\u00fcmete kar\u015f\u0131 and\u0131\u00e7 olmaz"},"content":{"rendered":"<div id=\"attachment_38282\" style=\"width: 115px\" class=\"wp-caption alignright\"><img loading=\"lazy\" decoding=\"async\" aria-describedby=\"caption-attachment-38282\" class=\" wp-image-38282 \" title=\"Fikret Bila - Milliyet Gazetesi \" src=\"http:\/\/www.korhanyilmaz.com\/wp-content\/uploads\/2011\/08\/6014.jpg\" alt=\"\" width=\"105\" height=\"112\" \/><p id=\"caption-attachment-38282\" class=\"wp-caption-text\">Fikret Bila<\/p><\/div>\n<p style=\"text-align: justify;\">Silivri savc\u0131s\u0131n\u0131n haz\u0131rlad\u0131\u011f\u0131 fezleke komedi. Hi\u00e7 s\u00fcrpriz olmad\u0131. S\u00f6ylediklerinden anla\u015f\u0131l\u0131yor ki, Ba\u015fbakan\u2019\u0131n fezleke d\u00fczenlenece\u011finden \u00f6nceden haberi vard\u0131.<\/p>\n<p style=\"text-align: justify;\">Ya\u015far B\u00fcy\u00fckan\u0131t da yarg\u0131lanmal\u0131. Fakat Dolmabah\u00e7e var. Bu B\u00fcy\u00fckan\u0131t\u2019\u0131n dokunulmazl\u0131\u011f\u0131. B\u00fcy\u00fckan\u0131t Yarg\u0131lan\u0131rsa o zaman Dolmabah\u00e7e\u2019yi de \u00f6\u011freniriz.<\/p>\n<p style=\"text-align: justify;\">CHP \u0130stanbul Milletvekili Ayd\u0131n Ayayd\u0131n, \u00f6nceki g\u00fcn Genel Ba\u015fkan\u0131 Kemal K\u0131l\u0131\u00e7daro\u011flu\u2019yla gazete ve televizyonlar\u0131n Ankara temsilcilerine verdi\u011fi ak\u015fam yeme\u011finde bir araya getirdi.<\/p>\n<p style=\"text-align: justify;\">Ayayd\u0131n\u2019\u0131n yeme\u011finde K\u0131l\u0131\u00e7daro\u011flu, gazetecilerle g\u00fcndemdeki konular \u00fczerine sohbet etti, sorular\u0131 yan\u0131tlad\u0131.\u00a0<!--more--><\/p>\n<p style=\"text-align: justify;\"><strong>H\u00e2kim, savc\u0131ya ba\u015fvurmu\u015f mu?<\/strong><\/p>\n<p style=\"text-align: justify;\">Sohbet, K\u0131l\u0131\u00e7daro\u011flu hakk\u0131nda Silivri savc\u0131s\u0131n\u0131n haz\u0131rlad\u0131\u011f\u0131 fezlekeden a\u00e7\u0131ld\u0131. \u201cS\u00fcrpriz oldu mu?\u201d sorusuna \u015fu yan\u0131t\u0131 verdi:<\/p>\n<p style=\"text-align: justify;\">\u201cHay\u0131r s\u00fcrpriz olmad\u0131. Bekliyordum. Ge\u00e7 bile kalm\u0131\u015flar! Ancak \u015funu merak ediyorum; acaba h\u00e2kim, savc\u0131ya ba\u015fvurmu\u015f mu \u2018K\u0131l\u0131\u00e7daro\u011flu bana hakaret etti\u2019 diye? Bana g\u00f6re tam bir komedi. Milletvekili soru \u00f6nergeleri iddianameye konuluyorsa, benim a\u00e7\u0131klamam i\u00e7in haydi haydi fezleke haz\u0131rlan\u0131r.\u201d<\/p>\n<p style=\"text-align: justify;\">K\u0131l\u0131\u00e7daro\u011flu, Ba\u015fbakan Recep Tayyip Erdo\u011fan\u2019\u0131n, \u201cgereken yap\u0131ld\u0131\u201d s\u00f6zlerine \u015fu kar\u015f\u0131l\u0131\u011f\u0131 verdi:<\/p>\n<p style=\"text-align: justify;\">\u201cBenimle ilgili s\u00f6zleri g\u00f6steriyor ki Ba\u015fbakan\u2019\u0131n fezleke d\u00fczenlenece\u011finden \u00f6nceden haberi vard\u0131.\u201d<\/p>\n<p style=\"text-align: justify;\"><strong>B\u00fcy\u00fckan\u0131t\u2019\u0131n dokunulmazl\u0131\u011f\u0131<\/strong><\/p>\n<p style=\"text-align: justify;\">K\u0131l\u0131\u00e7daro\u011flu, eski Genelkurmay Ba\u015fkan\u0131 Ya\u015far B\u00fcy\u00fckan\u0131t\u2019\u0131n da yarg\u0131lanmas\u0131 gerekti\u011fini tekrarlayarak \u015fu de\u011ferlendirmeyi yapt\u0131:<\/p>\n<p style=\"text-align: justify;\">\u201cB\u00fcy\u00fckan\u0131t\u2019\u0131n da yarg\u0131lanmas\u0131 gerekir. Bunu daha \u00f6nce de hep s\u00f6yledim. Fakat Dolmabah\u00e7e var. Dolmabah\u00e7e, B\u00fcy\u00fckan\u0131t\u2019\u0131n dokunulmazl\u0131\u011f\u0131d\u0131r. E\u011fer B\u00fcy\u00fckan\u0131t yarg\u0131lan\u0131rsa o zaman Dolmabah\u00e7e\u2019yi de \u00f6\u011freniriz. B\u00fcy\u00fckan\u0131t, 27 Nisan i\u00e7in \u2018muht\u0131ra de\u011fil, TSK\u2019n\u0131n hassasiyetini yans\u0131tt\u0131m\u2019 gibi a\u00e7\u0131klamalar yapt\u0131. Su\u00e7 de\u011filse o zaman zaten mesele yok. Hukukun \u00fcst\u00fcnl\u00fc\u011f\u00fc \u00e7er\u00e7evesinde yarg\u0131lanmas\u0131 laz\u0131m.\u201d<\/p>\n<p style=\"text-align: justify;\"><strong>Tutuksuz ve Y\u00fcce Divan<\/strong><\/p>\n<p style=\"text-align: justify;\">CHP lideri, eski Genelkurmay Ba\u015fkan\u0131 \u0130lker Ba\u015fbu\u011f\u2019un tutuklanmas\u0131n\u0131 da \u015f\u00f6yle de\u011ferlendirdi:<\/p>\n<p style=\"text-align: justify;\">\u201cBa\u015fbu\u011f ter\u00f6rist olarak tan\u0131mlanamaz. Bir kusuru varsa g\u00f6revi k\u00f6t\u00fcye kullanmaktan yarg\u0131lan\u0131r. Devletin b\u00fct\u00fcn s\u0131rlar\u0131n\u0131 bilen birini nas\u0131l ter\u00f6rist ilan edersiniz. Bizim buna itiraz\u0131m\u0131z var. Bu su\u00e7lama, iddianameyi t\u00fcmden bo\u015fa \u00e7\u0131kard\u0131. Bizim bu su\u00e7lamaya itiraz\u0131m\u0131z var, yarg\u0131lanmas\u0131na de\u011fil. Herkes yarg\u0131lanabilir ama bunun hukuka uygun olmas\u0131 gerekir. Ka\u00e7ma olas\u0131l\u0131\u011f\u0131 yoktu ama \u00f6zel yetkili mahkeme taraf\u0131ndan tutukland\u0131. Biz buna itiraz ediyoruz. Tutuksuz yarg\u0131lanmal\u0131. Yarg\u0131lanma yeri de Y\u00fcce Divan olmal\u0131. Emeklili\u011finin \u00fczerinden 1,5 y\u0131l ge\u00e7mi\u015f tutukluyorsunuz. \u00d6zel yetkili mahkeme tutukluyor, deliller ciddi midir, de\u011fil midir? Yarg\u0131n\u0131n siyasalla\u015ft\u0131\u011f\u0131 ortada.\u201d<\/p>\n<p style=\"text-align: justify;\">K\u0131l\u0131\u00e7daro\u011flu, 12 Eyl\u00fcl darbesini ger\u00e7ekle\u015ftiren Kenan Evren ve Tahsin \u015eahinkaya hakk\u0131nda \u00f6zel yetkili mahkemede a\u00e7\u0131lan dava an\u0131msat\u0131ld\u0131\u011f\u0131nda da bu isimlerin de Y\u00fcce Divan\u2019da yarg\u0131lanmas\u0131 gerekti\u011fi g\u00f6r\u00fc\u015f\u00fcn\u00fc yineledi.<\/p>\n<p style=\"text-align: justify;\">K\u0131l\u0131\u00e7daro\u011flu a\u00e7\u0131lan davaya ili\u015fkin soru \u00fczerine ise \u201c12 Eyl\u00fcl\u2019\u00fcn yarg\u0131lanmas\u0131ndan memnun oluyoruz\u201d dedi.<\/p>\n<p style=\"text-align: justify;\"><strong>O veriler bizde yok<\/strong><\/p>\n<p style=\"text-align: justify;\">K\u0131l\u0131\u00e7daro\u011flu, eski Genelkurmay ba\u015fkanlar\u0131 Hilmi \u00d6zk\u00f6k ve H\u00fcseyin K\u0131vr\u0131ko\u011flu\u2019nun yarg\u0131lan\u0131p yarg\u0131lanmamas\u0131 gerekti\u011fine ili\u015fkin soruya, \u201cO veriler bizde yok, bilmiyoruz. Ki\u015fiye g\u00f6re adalet veya su\u00e7 olmaz\u201d kar\u015f\u0131l\u0131\u011f\u0131n\u0131 verdi.<\/p>\n<p style=\"text-align: justify;\"><strong>\u2018H\u00fck\u00fcmete kar\u015f\u0131 and\u0131\u00e7 olmaz\u2019<\/strong><\/p>\n<p style=\"text-align: justify;\">K\u0131l\u0131\u00e7daro\u011flu, Genelkurmay\u2019da h\u00fck\u00fcmete kar\u015f\u0131 and\u0131\u00e7 haz\u0131rlanmas\u0131n\u0131 do\u011fru buluyor musunuz, sorusuna ise \u015fu kar\u015f\u0131l\u0131\u011f\u0131 verdi:<\/p>\n<p style=\"text-align: justify;\">\u201cHay\u0131r, do\u011fru bulmuyorum. Genelkurmay\u2019\u0131n ba\u011fl\u0131 oldu\u011fu h\u00fck\u00fcmete kar\u015f\u0131 and\u0131\u00e7 haz\u0131rlamas\u0131 do\u011fru olmaz. H\u00fck\u00fcmete kar\u015f\u0131 and\u0131\u00e7 olmaz. O zaman demokrasiden s\u00f6z edilemez.\u201d<\/p>\n<p style=\"text-align: justify;\"><strong>\u2018Erdo\u011fan\u2019\u0131n imzas\u0131 var\u2019<\/strong><\/p>\n<p style=\"text-align: justify;\">K\u0131l\u0131\u00e7daro\u011flu, 2006 y\u0131l\u0131na ili\u015fkin Milli G\u00fcvenlik Siyaset Belgesi (MGSB) ve T\u00fcrkiye\u2019nin Milli Askeri Stratejisi (T\u00dcMAS) belgelerine g\u00f6re, and\u0131\u00e7 haz\u0131rlanmas\u0131na olanak veren onay\u0131n alt\u0131nda Ba\u015fbakan Recep Tayyip Erdo\u011fan\u2019\u0131n da imzas\u0131n\u0131n bulundu\u011funu belirterek, bu ba\u011flamdaki t\u00fcm onaylar\u0131n a\u00e7\u0131klanmas\u0131n\u0131 istedi ve \u015fu de\u011ferlendirmeyi yapt\u0131:<\/p>\n<p style=\"text-align: justify;\">\u201cMilli G\u00fcvenlik Siyaset Belgesi\u2019nde irtica, i\u00e7 tehdit olarak alg\u0131lan\u0131yor. Belge otomatik olarak askere gidiyor. Emir telakki ediliyor. Orada bir birim var. Belgeyi haz\u0131rl\u0131yorlar ve mutlaka Ba\u015fbakanl\u0131k onay\u0131na ba\u011fl\u0131 oluyor. Askerler oradan \u00e7\u0131kan belgeye g\u00f6re, T\u00fcrkiye\u2019de irtica, a\u015f\u0131r\u0131 sol hareketler, her ne tehdit olarak g\u00f6r\u00fcl\u00fcyorsa gere\u011fini yaparlar. Niye \u00e7\u0131k\u0131p a\u00e7\u0131k\u00e7a s\u00f6ylemiyorsunuz, \u2018bunun alt\u0131nda imza var\u2019 diye. Program geli\u015ftiriyorlar. Kendileri o belgeyi haz\u0131rlad\u0131ktan sonra Ba\u015fbakan\u2019\u0131n onay\u0131na sunuyorlar. Onaylar\u0131n tamam\u0131 a\u00e7\u0131klans\u0131n.\u201d<\/p>\n<p style=\"text-align: justify;\"><strong>\u2018\u0130mzay\u0131 g\u00f6ren var\u2019<\/strong><\/p>\n<p style=\"text-align: justify;\">K\u0131l\u0131\u00e7daro\u011flu, bu d\u00f6nemde Ba\u015fbakan Erdo\u011fan\u2019\u0131n imzas\u0131 oldu\u011funu mu ima ediyorsunuz, sorusu \u00fczerine de \u015fu kar\u015f\u0131l\u0131\u011f\u0131 verdi: \u201c\u2018G\u00f6z\u00fcmle g\u00f6rd\u00fcm\u2019 diyen bir emekli asker bana bilgi verdi. \u0130nternet and\u0131c\u0131 diye de\u011fil ama Milli G\u00fcvenlik Siyaset Belgesi direktifleriyle ilgili bir belge bu.\u201d<\/p>\n<p style=\"text-align: justify;\"><strong>Sunulan dok\u00fcman<\/strong><\/p>\n<p style=\"text-align: justify;\">CHP lideri, Milli G\u00fcvenlik Siyaset Belgesi ve T\u00fcrkiye\u2019nin Milli Askeri Stratejisi belgelerinin nas\u0131l haz\u0131rland\u0131\u011f\u0131 konusunda emekli bir askerden bilgi ald\u0131\u011f\u0131n\u0131 belirtti. K\u0131l\u0131\u00e7daro\u011flu\u2019na bu brifing kapsam\u0131nda haz\u0131rlanan notlarda, bu belgelerin nas\u0131l haz\u0131rland\u0131\u011f\u0131 ve nas\u0131l bir seyir izledi\u011fi anlat\u0131l\u0131yor. K\u0131l\u0131\u00e7daro\u011flu\u2019na haz\u0131rlanan brifing belgesinde \u015fu bilgiler yer al\u0131yor:<\/p>\n<p style=\"text-align: justify;\">\u201cMGSB (Milli G\u00fcvenlik Siyaset Belgesi): Milli G\u00fcvenlik Genel Sekreterli\u011fi\u2019nce haz\u0131rlan\u0131r. Bakanlar Kurulu\u2019nda kabul edilir. \u0130\u00e7 ve d\u0131\u015f tehdit tan\u0131mlan\u0131r. Buna g\u00f6re TSK g\u00f6revlerini belirler.\u201d<\/p>\n<p style=\"text-align: justify;\">\u201cT\u00dcMAS (T\u00fcrkiye\u2019nin Milli Askeri Stratejisi): MGSB esaslar\u0131na g\u00f6re Genkur. B\u015fk.\u2019l\u0131\u011f\u0131nca haz\u0131rlan\u0131r, Ba\u015fbakan onaylar. MGSB ve T\u00dcMAS\u2019ta yer alan risk ve tehditlere y\u00f6nelik haz\u0131rlanacak her t\u00fcrl\u00fc plan dok\u00fcman i\u00e7in temel askeri planlama direktifi olarak esas al\u0131n\u0131r, ba\u011flay\u0131c\u0131d\u0131r.\u201d<\/p>\n<p style=\"text-align: justify;\">\u201cANDI\u00c7: MGSB ve T\u00dcMAS esaslar\u0131na g\u00f6re haz\u0131rlanacak plan hakk\u0131nda kaynaklar\u0131 ve hareket tarzlar\u0131n\u0131 ortaya koyar. Komutandan direktif almak i\u00e7in haz\u0131rlan\u0131r. Emir de\u011fildir yay\u0131mlanmaz sadece emir almak i\u00e7in haz\u0131rlan\u0131r.\u201d<\/p>\n<p style=\"text-align: justify;\">\u201cANDI\u00c7 ile komutandan al\u0131nan direktif esaslar\u0131na g\u00f6re:<\/p>\n<p style=\"text-align: justify;\">&#8211; Planlama direktifi,<\/p>\n<p style=\"text-align: justify;\">&#8211; Eylem plan\u0131,<\/p>\n<p style=\"text-align: justify;\">&#8211; Harek\u00e2t plan\u0131 vb. dok\u00fcmanlar haz\u0131rlan\u0131r.\u201d<\/p>\n<p style=\"text-align: justify;\">K\u0131l\u0131\u00e7daro\u011flu\u2019na haz\u0131rlanan bu dok\u00fcman\u0131n \u201cAnd\u0131\u00e7\u201d ba\u015fl\u0131kl\u0131 b\u00f6l\u00fcm\u00fcnde \u015fu sorulara yer veriliyor:<\/p>\n<p style=\"text-align: justify;\">\u201cS\u00f6z konusu ANDI\u00c7 haz\u0131rland\u0131\u011f\u0131nda y\u00fcr\u00fcrl\u00fckteki (2006) MGSB\u2019de ve T\u00dcMAS\u2019ta irtica tehdit midir? Kim imzalam\u0131\u015ft\u0131r? Yine ayn\u0131 d\u00f6nemde MGK kararlar\u0131nda TSK\u2019ya i\u00e7 g\u00fcvenlik ve \u00f6zellikle irtica ile m\u00fccadele kar\u015f\u0131s\u0131nda g\u00f6rev verilmi\u015f midir? A\u00e7\u0131klanmal\u0131d\u0131r.\u201d<\/p>\n<p style=\"text-align: justify;\"><strong>\u2018Uludere istihbarat\u0131 kimden?\u2019<\/strong><\/p>\n<p style=\"text-align: justify;\">K\u0131l\u0131\u00e7daro\u011flu, Uludere olay\u0131nda h\u00fck\u00fcmetin CHP\u2019yi su\u00e7layarak i\u015fin i\u00e7inden \u00e7\u0131kmaya \u00e7al\u0131\u015ft\u0131\u011f\u0131n\u0131 \u00f6ne s\u00fcrd\u00fc ve \u015f\u00f6yle konu\u015ftu:<\/p>\n<p style=\"text-align: justify;\">\u201cOraya gitti\u011fim i\u00e7in Ba\u015fbakan bana te\u015fekk\u00fcr etmeli. G\u00fclyaz\u0131\u2019ya kendi bakan\u0131 gidemedi. Hakk\u00e2ri Valisi bana te\u015fekk\u00fcr etti. \u2018\u0130yi ki geldiniz\u2019 dedi. \u2018En az\u0131ndan ba\u015fka bir partinin de oldu\u011funu\u00a0g\u00f6sterdiniz\u2019 dedi. Hasip Kaplan deniliyor; Hasip Kaplan\u2019a \u2018senin burada ne i\u015fin vard\u0131\u2019 deme hakk\u0131m var m\u0131, \u015e\u0131rnak Milletvekili. CHP\u2019yi \u00f6vemiyor. \u2018BDP\u2019yle kol kola girdi\u2019 diyor. \u0130stihbarat konusuna gelince \u2018M\u0130T biz vermedik\u2019 diyor. Kim verdi? G\u00f6r\u00fcnt\u00fc Heron\u2019dan m\u0131, \u0130ncirlik\u2019teki Predat\u00f6r\u2019den mi geldi? Yani ABD mi verdi, \u0130srail mi verdi?\u201d<\/p>\n<p style=\"text-align: justify;\"><strong>\u2018Kurultay talepleri\u2019<\/strong><\/p>\n<p style=\"text-align: justify;\">K\u0131l\u0131\u00e7daro\u011flu, partisinde kurultay isteyenleri hi\u00e7bir zaman muhalif olarak g\u00f6rmedi\u011fini belirtti. Ele\u015ftiriye her zaman a\u00e7\u0131k oldu\u011funu, arkada\u015flar\u0131na da, \u201cbana zarar verebilirsiniz ama partime veremezsiniz\u201d dedi\u011fini an\u0131msatt\u0131.<\/p>\n<p style=\"text-align: justify;\">Deniz Baykal\u2019\u0131n Ba\u015fbakan Erdo\u011fan\u2019a ge\u00e7mi\u015f olsun ziyaretinde bulunmas\u0131n\u0131n normal oldu\u011funu belirten K\u0131l\u0131\u00e7daro\u011flu, Cumhurba\u015fkan\u0131 Abdullah G\u00fcl\u2019\u00fcn g\u00f6rev s\u00fcresinin 7 y\u0131l olmas\u0131n\u0131 h\u00fckm\u00fc ba\u011flayan yasa haz\u0131rl\u0131\u011f\u0131yla ilgili olarak Anayasa Mahkemesi\u2019ne gidip gitmeyecekleri sorusuna, \u201cBakal\u0131m belki Genel Kurul\u2019da \u2018biz yanl\u0131\u015f yapt\u0131k\u2019 diye d\u00fczeltirler\u201d kar\u015f\u0131l\u0131\u011f\u0131n\u0131 verdi. Yasala\u015fmas\u0131 halinde Anayasa Mahkemesi\u2019ne gidebilecekleri imas\u0131nda bulundu.<\/p>\n<p style=\"text-align: justify;\"><strong>\u2018\u0130mparator penguen\u2019<\/strong><\/p>\n<p style=\"text-align: justify;\">K\u0131l\u0131\u00e7daro\u011flu, bir soru \u00fczerine de en son TRT-1\u2019de \u201c\u0130mparatorun Yolculu\u011fu\u201d adl\u0131 filmi izledi\u011fini, penguenlerin anne ve baba olarak yavrular\u0131yla ilgili nas\u0131l i\u015f b\u00f6l\u00fcm\u00fc yapt\u0131klar\u0131n\u0131 g\u00f6rd\u00fc\u011f\u00fcn\u00fc ve hayran kald\u0131\u011f\u0131n\u0131 ifade etti.<\/p>\n<div id=\"attachment_46093\" style=\"width: 483px\" class=\"wp-caption aligncenter\"><a title=\"Kemal K\u0131l\u0131\u00e7daro\u011flu \u00f6nceki g\u00fcn gazete ve televizyonlar\u0131n Ankara temsilcileriyle ak\u015fam yeme\u011finde bir araya geldi. Foto\u011fraf: ALTAN BURGUCU\" href=\"http:\/\/www.korhanyilmaz.com\/wp-content\/uploads\/2012\/01\/90121.jpg\"  class=\"lightview\"><img loading=\"lazy\" decoding=\"async\" aria-describedby=\"caption-attachment-46093\" class=\" wp-image-46093 \" src=\"http:\/\/www.korhanyilmaz.com\/wp-content\/uploads\/2012\/01\/90121.jpg\" alt=\"\" width=\"473\" height=\"203\" \/><\/a><p id=\"caption-attachment-46093\" class=\"wp-caption-text\">Kemal K\u0131l\u0131\u00e7daro\u011flu \u00f6nceki g\u00fcn gazete ve televizyonlar\u0131n Ankara temsilcileriyle ak\u015fam yeme\u011finde bir araya geldi. Foto\u011fraf: ALTAN BURGUCU<\/p><\/div>\n<p style=\"text-align: justify;\"><a href=\"http:\/\/siyaset.milliyet.com.tr\/kilicdaroglu-hukumete-karsi-andic-olmaz\/siyaset\/siyasetyazardetay\/12.01.2012\/1487610\/default.htm\" target=\"_blank\">Kaynak : Milliyet.com.tr<\/a><\/p>\n","protected":false},"excerpt":{"rendered":"<p id=\"caption-attachment-38282\" class=\"wp-caption-text\">Fikret Bila<\/p>\n<p style=\"text-align: justify;\">Silivri savc\u0131s\u0131n\u0131n haz\u0131rlad\u0131\u011f\u0131 fezleke komedi. Hi\u00e7 s\u00fcrpriz olmad\u0131. S\u00f6ylediklerinden anla\u015f\u0131l\u0131yor ki, Ba\u015fbakan\u2019\u0131n fezleke d\u00fczenlenece\u011finden \u00f6nceden haberi vard\u0131.<\/p>\n<p style=\"text-align: justify;\">Ya\u015far B\u00fcy\u00fckan\u0131t da yarg\u0131lanmal\u0131. Fakat Dolmabah\u00e7e var. Bu B\u00fcy\u00fckan\u0131t\u2019\u0131n dokunulmazl\u0131\u011f\u0131. B\u00fcy\u00fckan\u0131t Yarg\u0131lan\u0131rsa o zaman Dolmabah\u00e7e\u2019yi de \u00f6\u011freniriz.<\/p>\n<p style=\"text-align: justify;\">CHP \u0130stanbul Milletvekili Ayd\u0131n Ayayd\u0131n, \u00f6nceki g\u00fcn Genel Ba\u015fkan\u0131 Kemal K\u0131l\u0131\u00e7daro\u011flu\u2019yla <\/p>\n","protected":false},"author":1,"featured_media":0,"comment_status":"open","ping_status":"open","sticky":false,"template":"","format":"standard","meta":{"footnotes":""},"categories":[16],"tags":[],"class_list":["post-46088","post","type-post","status-publish","format-standard","hentry","category-kose-yazilari","odd"],"_links":{"self":[{"href":"http:\/\/www.korhanyilmaz.com\/index.php?rest_route=\/wp\/v2\/posts\/46088","targetHints":{"allow":["GET"]}}],"collection":[{"href":"http:\/\/www.korhanyilmaz.com\/index.php?rest_route=\/wp\/v2\/posts"}],"about":[{"href":"http:\/\/www.korhanyilmaz.com\/index.php?rest_route=\/wp\/v2\/types\/post"}],"author":[{"embeddable":true,"href":"http:\/\/www.korhanyilmaz.com\/index.php?rest_route=\/wp\/v2\/users\/1"}],"replies":[{"embeddable":true,"href":"http:\/\/www.korhanyilmaz.com\/index.php?rest_route=%2Fwp%2Fv2%2Fcomments&post=46088"}],"version-history":[{"count":0,"href":"http:\/\/www.korhanyilmaz.com\/index.php?rest_route=\/wp\/v2\/posts\/46088\/revisions"}],"wp:attachment":[{"href":"http:\/\/www.korhanyilmaz.com\/index.php?rest_route=%2Fwp%2Fv2%2Fmedia&parent=46088"}],"wp:term":[{"taxonomy":"category","embeddable":true,"href":"http:\/\/www.korhanyilmaz.com\/index.php?rest_route=%2Fwp%2Fv2%2Fcategories&post=46088"},{"taxonomy":"post_tag","embeddable":true,"href":"http:\/\/www.korhanyilmaz.com\/index.php?rest_route=%2Fwp%2Fv2%2Ftags&post=46088"}],"curies":[{"name":"wp","href":"https:\/\/api.w.org\/{rel}","templated":true}]}}